{"id":930,"date":"2023-06-03T18:30:35","date_gmt":"2023-06-03T21:30:35","guid":{"rendered":"https:\/\/kulturweit.blog\/argentinienvillageneralbelgrano\/?p=930"},"modified":"2023-06-03T18:30:35","modified_gmt":"2023-06-03T21:30:35","slug":"zwischen-den-welten","status":"publish","type":"post","link":"https:\/\/kulturweit.blog\/argentinienvillageneralbelgrano\/2023\/06\/03\/zwischen-den-welten\/","title":{"rendered":"\u00bfZwischen den Welten?"},"content":{"rendered":"<p><b>Im letzten Monat ist der Countdown zum Argentinienfinale von Jugend debattiert angelaufen, Langeweile ist noch unbekannter geworden und ich habe einen Zweitausender bestiegen.<\/b><\/p>\n<p><span style=\"font-weight: 400\">Nun werden die neuen bunten Berge am Horizont meiner Zeit immer gr\u00f6\u00dfer: Das Ende meines Freiwilligendienstes im August r\u00fcckt schnell n\u00e4her und n\u00e4her. Doch noch ist es nicht so weit. Ein paar spannende Felsformationen h\u00e4lt der Weg bis dahin noch bereit.<\/span><\/p>\n<p><span style=\"font-weight: 400\">In meiner Einsatzstelle ist da zum Beispiel \u201cJugend debattiert\u201d. Das ist ein staatlich und von einigen Stiftungen gef\u00f6rderter Wettbewerb. In Deutschland wird die Vorbereitung darauf an einigen Schulen zum Beispiel als AG oder im Rahmen des Unterrichts angeboten. F\u00fcr Lehrer gibt es dazu Fortbildungen, in denen sie die Debatten-Struktur und Bewertungskriterien bei \u201cJugend debattiert\u201d sowie Unterrichtsmethoden kennenlernen. Jedes Jahr gibt es dann ein Bundesfinale, bei dem Jugendliche in zwei Altersgruppen antreten. Dieses Projekt in der gleichen Form gibt es seit einigen Jahren auch weltweit und somit Wettbewerbe in Mittel-und Osteuropa, in China, \u201cFernost\u201d, Nordamerika und eben auch in S\u00fcdamerika. Bei den internationalen Wettbewerben k\u00f6nnen Sch\u00fcler teilnehmen, die deutsch mindestens auf B1 Niveau beherrschen. Und so gibt es \u201cJugend debattiert&#8220; auch an unserer Schule in der 11. Klasse. Allerdings sind es dieses Jahr nur drei Sch\u00fcler, die gen\u00fcgend Motivation und Deutschkenntnisse besitzen. Ich darf sie dieses Jahr mit der Bundesprogrammlehrkraft auf das Argentinienfinale Mitte Juni (also hier in der Mitte des Schuljahres, da ein kalendarisches Jahr einem Schuljahr entspricht) vorbereiten. Wir sehen uns jede Woche viermal, \u201cJugend debattiert&#8220; ersetzt quasi den regul\u00e4ren Deutschunterricht bis zum Finale in Buenos Aires. Dennoch reicht die Zeit nicht wirklich, um aus den Sch\u00fclern Debattierexperten zu machen. Die Unterrichtsvorbereitung und das Besprechen der Themen machen mir gro\u00dfen Spa\u00df, unsere Schule besitzt auch ein Lehrbuch mit Tipps f\u00fcr den Debattier-Unterricht und Beispiel\u00fcbungen. Dennoch bin ich nat\u00fcrlich selbst kein Debattierexpertin, Jugend debattiert hatte ich nie in der Schule. Auch habe ich an keiner Weiterbildung oder so teilgenommen. Letzte Woche wurden uns, zweieinhalb Wochen vor dem Finale, die Debattenthemen bekannt gegeben. Falls es euch interessiert, die Fragen f\u00fcr das Argentinienfinale dieses Jahr sind:<\/span><\/p>\n<ol>\n<li style=\"font-weight: 400\"><span style=\"font-weight: 400\">Sollten an den Schulen in Argentinien nur noch vegetarische Gerichte in der Schulkantine angeboten werden?<\/span><\/li>\n<li style=\"font-weight: 400\"><span style=\"font-weight: 400\">Sollte an allen deutschen Schulen in Argentinien aufgrund der Kohlendioxid-Emissionen der Fl\u00fcge auf den Sch\u00fcleraustausch mit Deutschland verzichtet werden?<\/span><\/li>\n<li style=\"font-weight: 400\"><span style=\"font-weight: 400\">Sollte ChatGPT an Schulen verboten werden?<\/span><\/li>\n<\/ol>\n<p><span style=\"font-weight: 400\">In der verbleibenden Zeit werden wir uns also nur noch mit diesen Fragen besch\u00e4ftigen. Die Recherche ist allerdings kein Selbstl\u00e4ufer, denn den Sch\u00fcler f\u00e4llt es sehr schwer, eigene Argumente und Fakten zu finden, insbesondere auf Deutsch.<\/span><\/p>\n<p><span style=\"font-weight: 400\">Auch meine Freizeit nach der Arbeit habe ich mir mittlerweile so zusammengestellt, dass ich immer etwas machen kann, was mir Spa\u00df macht. Langeweile war f\u00fcr mich zwar schon immer ein Fremdwort, doch in den letzten Monaten ist bei mir doch noch so einiges dazu gekommen. Zum einen gehe ich seit letztem Jahr jede Woche Reiten. Das ist super zum Abschalten und ist tats\u00e4chlich nicht nur f\u00fcr das Pferd Sport, was sich am Muskelkater nach einer Springstunde bemerkbar macht. Neulich gab es sogar ein kleines internes Turnier zum Spa\u00df haben. 30 cm bin ich da gesprungen! Da fehlt mir also nur noch ganz wenig zum Weltrekord. Das werde ich bestimmt vermissen, wenn ich wieder zur\u00fcck bin.<\/span><\/p>\n<p><span style=\"font-weight: 400\">Anfang des Jahres habe ich mich bei einem Zeichenkurs der Escuela de Arte hier im Dorf angemeldet, denn es ist ganz praktisch, einigerma\u00dfen passabel zeichnen zu k\u00f6nnen. Der Workshop findet ebenfalls einmal w\u00f6chentlich statt. Au\u00dferdem finde ich es ganz interessant, weitere Leute von hier kennenzulernen. Denn jemanden zu finden, mit dem ich etwas unternehmen k\u00f6nnte, ist sehr schwer hier. Mir ist es in meinen bald acht Monaten in diesem Ort (war ja schlie\u00dflich im Sommer auf Reisen) auch noch nicht gelungen. Der Altersdurchschnitt ist hier schlie\u00dflich ziemlich hoch. Au\u00dfer Reiten und Zeichnen gehe ich noch zum Treffen einer Theatergruppe im Nachbardorf. Bei ihnen geht es haupts\u00e4chlich um Improvisationstheater zu Nachbarschafts-Themen. Ich denke, ich w\u00fcrde zwar richtige St\u00fccke zu gesellschaftlich relevanten Themen spannender finden, doch auch so ist es ganz interessant und auch gut zum Spanisch lernen. Allerdings ist die Auff\u00fchrung Ende des Jahres. Da bin ich schon in anderen Gefilden unterwegs.<\/span><\/p>\n<p><span style=\"font-weight: 400\">Als ich vor ein paar Wochen mit der Schule in C\u00f3rdoba Capital zu einem Planspiel war, habe ich einen Nachmittag genutzt, um einem der Musikinstrumentenl\u00e4den in der Avenida Olmos einen Besuch abzustatten. Denn das unmusikalischste Gesch\u00f6pf im Universum hat vor, Ukulele zu lernen! Omi w\u00e4re bestimmt ein bisschen stolz gewesen. Ich war zwei Minuten vor Ladenschluss im ersten Gesch\u00e4ft und fand gleich ein sehr schickes Instrument von einem tats\u00e4chlich argentinischem Hersteller, wie ich hinterher herausfand. Seit dem habe ich also noch etwas in meinem Besch\u00e4ftigungs-Katalog.<\/span><\/p>\n<p><span style=\"font-weight: 400\">Allerdings gelingt es nicht allen, sich in dieses spezielle Dorf einzuleben und ganz gut zurechtzukommen. Wie ich letztes Mal schon berichtete, hatte meine Einsatzstelle mit der M\u00e4rz-Ausreise eigentlich noch eine Freiwillige bekommen. Wir sind dann auch zusammen in ein kleines H\u00e4uschen gezogen, denn weil es nun mal ein Touristendorf ist, sind die Mieten ziemlich teuer, wenn man \u00fcberhaupt etwas findet und nicht gut im Verhandeln ist. Doch Hauptstadtkinder k\u00f6nnen es hier durchaus schwer haben. Zumindest, wenn sie auf Clubs und ganz viele junge Leute angewiesen sind. Daher hielt sie es nur zweieinhalb Monate au\u00dferhalb einer Gro\u00dfstadt aus. Daher musste auch ich wieder umziehen, um meine restliche zweieinhalb Monate in meinem neuen alten zu Hause zu verbringen.<\/span><\/p>\n<p><span style=\"font-weight: 400\">Auch wenn es mir zumindest so schnell hier nicht langweilig wird, merke ich schon, wie die R\u00fcckkehr und das Wiedersehen in meinen Gedanken immer pr\u00e4senter werden. Nur nach Hause telefonieren gen\u00fcgt langsam auch nicht mehr so richtig. Au\u00dferdem ist hier schon l\u00e4ngst nichts mehr unbekannt und neu, auch meine Aufgaben in der Einsatzstelle sind beschr\u00e4nkt. Auch vermisse ich das Lernen ein bisschen.<\/span><\/p>\n<p><span style=\"font-weight: 400\">Doch zum Gl\u00fcck komme ich auf meinem Weg bis dahin noch an ein paar spannenden Bergen vorbei, die es zu erklimmen galt. Einer davon war letztes Wochenende der Champaqui &#8211; der h\u00f6chste Berg C\u00f3rdobas. Weil es aufgrund der h\u00e4ufigen Wetterumschw\u00fcnge verboten ist, ihn allein zu besteigen, musste ich mich einer Gruppe anschlie\u00dfen. Dennoch war es eine sehr sch\u00f6ne Erfahrung, mit Andenkondoren, beeindruckenden Ausblicken und mystischen Felsformationen, die gespenstisch f\u00fcr kurze Zeit im Nebel auftauchen, nur um gleich wieder zu verschwinden.<\/span><\/p>\n<div id=\"attachment_931\" style=\"width: 1034px\" class=\"wp-caption aligncenter\"><a href=\"https:\/\/kulturweit.blog\/argentinienvillageneralbelgrano\/files\/2023\/06\/pferdchen-CHampa.jpg\"><img loading=\"lazy\" decoding=\"async\" aria-describedby=\"caption-attachment-931\" class=\"wp-image-931 size-full\" src=\"https:\/\/kulturweit.blog\/argentinienvillageneralbelgrano\/files\/2023\/06\/pferdchen-CHampa.jpg\" alt=\"\" width=\"1024\" height=\"683\" srcset=\"https:\/\/kulturweit.blog\/argentinienvillageneralbelgrano\/files\/2023\/06\/pferdchen-CHampa.jpg 1024w, https:\/\/kulturweit.blog\/argentinienvillageneralbelgrano\/files\/2023\/06\/pferdchen-CHampa-300x200.jpg 300w, https:\/\/kulturweit.blog\/argentinienvillageneralbelgrano\/files\/2023\/06\/pferdchen-CHampa-800x534.jpg 800w, https:\/\/kulturweit.blog\/argentinienvillageneralbelgrano\/files\/2023\/06\/pferdchen-CHampa-768x512.jpg 768w\" sizes=\"(max-width: 1024px) 100vw, 1024px\" \/><\/a><p id=\"caption-attachment-931\" class=\"wp-caption-text\">Fotomodel auf dem Weg zum Champa.<\/p><\/div>\n<div id=\"attachment_933\" style=\"width: 1034px\" class=\"wp-caption aligncenter\"><a href=\"https:\/\/kulturweit.blog\/argentinienvillageneralbelgrano\/files\/2023\/06\/champi.jpg\"><img loading=\"lazy\" decoding=\"async\" aria-describedby=\"caption-attachment-933\" class=\"size-full wp-image-933\" src=\"https:\/\/kulturweit.blog\/argentinienvillageneralbelgrano\/files\/2023\/06\/champi.jpg\" alt=\"\" width=\"1024\" height=\"683\" srcset=\"https:\/\/kulturweit.blog\/argentinienvillageneralbelgrano\/files\/2023\/06\/champi.jpg 1024w, https:\/\/kulturweit.blog\/argentinienvillageneralbelgrano\/files\/2023\/06\/champi-300x200.jpg 300w, https:\/\/kulturweit.blog\/argentinienvillageneralbelgrano\/files\/2023\/06\/champi-800x534.jpg 800w, https:\/\/kulturweit.blog\/argentinienvillageneralbelgrano\/files\/2023\/06\/champi-768x512.jpg 768w\" sizes=\"(max-width: 1024px) 100vw, 1024px\" \/><\/a><p id=\"caption-attachment-933\" class=\"wp-caption-text\">Der Gipfel!<\/p><\/div>\n<div id=\"attachment_932\" style=\"width: 1034px\" class=\"wp-caption aligncenter\"><a href=\"https:\/\/kulturweit.blog\/argentinienvillageneralbelgrano\/files\/2023\/06\/mula.jpg\"><img loading=\"lazy\" decoding=\"async\" aria-describedby=\"caption-attachment-932\" class=\"size-full wp-image-932\" src=\"https:\/\/kulturweit.blog\/argentinienvillageneralbelgrano\/files\/2023\/06\/mula.jpg\" alt=\"\" width=\"1024\" height=\"683\" srcset=\"https:\/\/kulturweit.blog\/argentinienvillageneralbelgrano\/files\/2023\/06\/mula.jpg 1024w, https:\/\/kulturweit.blog\/argentinienvillageneralbelgrano\/files\/2023\/06\/mula-300x200.jpg 300w, https:\/\/kulturweit.blog\/argentinienvillageneralbelgrano\/files\/2023\/06\/mula-800x534.jpg 800w, https:\/\/kulturweit.blog\/argentinienvillageneralbelgrano\/files\/2023\/06\/mula-768x512.jpg 768w\" sizes=\"(max-width: 1024px) 100vw, 1024px\" \/><\/a><p id=\"caption-attachment-932\" class=\"wp-caption-text\">Neugieriges Maultier auf dem R\u00fcckweg.<\/p><\/div>\n","protected":false},"excerpt":{"rendered":"<p>Im letzten Monat ist der Countdown zum Argentinienfinale von Jugend debattiert angelaufen, Langeweile ist noch unbekannter geworden und ich habe einen Zweitausender bestiegen. Nun werden die neuen bunten Berge am Horizont meiner Zeit immer gr\u00f6\u00dfer: Das Ende meines Freiwilligendienstes im August r\u00fcckt schnell n\u00e4her und n\u00e4her. Doch noch ist es nicht so weit. Ein paar &hellip; <span class=\"more-link\"><a href=\"https:\/\/kulturweit.blog\/argentinienvillageneralbelgrano\/2023\/06\/03\/zwischen-den-welten\/\">Mehr lesen &raquo;<\/a><\/span><\/p>\n","protected":false},"author":3061,"featured_media":932,"comment_status":"open","ping_status":"open","sticky":false,"template":"","format":"standard","meta":{"footnotes":""},"categories":[341,563,164],"tags":[],"class_list":["post-930","post","type-post","status-publish","format-standard","has-post-thumbnail","hentry","category-ausflug","category-erlebnis","category-freiwilligenarbeit"],"amp_enabled":true,"_links":{"self":[{"href":"https:\/\/kulturweit.blog\/argentinienvillageneralbelgrano\/wp-json\/wp\/v2\/posts\/930"}],"collection":[{"href":"https:\/\/kulturweit.blog\/argentinienvillageneralbelgrano\/wp-json\/wp\/v2\/posts"}],"about":[{"href":"https:\/\/kulturweit.blog\/argentinienvillageneralbelgrano\/wp-json\/wp\/v2\/types\/post"}],"author":[{"embeddable":true,"href":"https:\/\/kulturweit.blog\/argentinienvillageneralbelgrano\/wp-json\/wp\/v2\/users\/3061"}],"replies":[{"embeddable":true,"href":"https:\/\/kulturweit.blog\/argentinienvillageneralbelgrano\/wp-json\/wp\/v2\/comments?post=930"}],"version-history":[{"count":1,"href":"https:\/\/kulturweit.blog\/argentinienvillageneralbelgrano\/wp-json\/wp\/v2\/posts\/930\/revisions"}],"predecessor-version":[{"id":934,"href":"https:\/\/kulturweit.blog\/argentinienvillageneralbelgrano\/wp-json\/wp\/v2\/posts\/930\/revisions\/934"}],"wp:featuredmedia":[{"embeddable":true,"href":"https:\/\/kulturweit.blog\/argentinienvillageneralbelgrano\/wp-json\/wp\/v2\/media\/932"}],"wp:attachment":[{"href":"https:\/\/kulturweit.blog\/argentinienvillageneralbelgrano\/wp-json\/wp\/v2\/media?parent=930"}],"wp:term":[{"taxonomy":"category","embeddable":true,"href":"https:\/\/kulturweit.blog\/argentinienvillageneralbelgrano\/wp-json\/wp\/v2\/categories?post=930"},{"taxonomy":"post_tag","embeddable":true,"href":"https:\/\/kulturweit.blog\/argentinienvillageneralbelgrano\/wp-json\/wp\/v2\/tags?post=930"}],"curies":[{"name":"wp","href":"https:\/\/api.w.org\/{rel}","templated":true}]}}