{"id":917,"date":"2023-04-15T18:48:44","date_gmt":"2023-04-15T21:48:44","guid":{"rendered":"https:\/\/kulturweit.blog\/argentinienvillageneralbelgrano\/?p=917"},"modified":"2023-04-15T19:12:51","modified_gmt":"2023-04-15T22:12:51","slug":"im-bann-des-orion-in-rosario","status":"publish","type":"post","link":"https:\/\/kulturweit.blog\/argentinienvillageneralbelgrano\/2023\/04\/15\/im-bann-des-orion-in-rosario\/","title":{"rendered":"Im Bann des Orion in Rosario"},"content":{"rendered":"<p><strong>Der letzte Monat ist rasend schnell vergangen. Ich bin umgezogen, habe Gesellschaft bekommen und war mal wieder in C\u00f3rdoba und Rosario.<\/strong><\/p>\n<p>Seit M\u00e4rz hat meine Einsatzstelle zum ersten Mal zwei Freiwillige. Da es auch hier im kleinen Villa General Belgrano sehr schwierig ist, eine Unterkunft zu finden, haben die neue Freiwillige und ich kurzerhand eine WG gegr\u00fcndet. Dazu bin ich Anfang M\u00e4rz in ein gr\u00f6\u00dferes Haus umgezogen. Einen halben Monat wohnte ich hier allein, dann war es nat\u00fcrlich sehr sch\u00f6n, Gesellschaft zu bekommen. Nun k\u00f6nnen wir vielleicht auch gemeinsam Projekte starten, obwohl zurzeit auch ziemlich viel im B\u00fcro zu tun ist.<\/p>\n<p>Die Ankunft der neuen Freiwilligen hat mir noch etwas anderes gezeigt: wie viel Zeit hier doch schon vergangen ist und wie viel ich schon erlebt und \u00fcber Argentinien gelernt habe. Au\u00dferdem hat es mich ein bisschen an meine ersten Tage erinnert. An die Wochen, in denen noch alles neu war. Allerdings bemerke ich auch, wie viele unterschiedliche Herangehensweisen, abh\u00e4ngig von der Pers\u00f6nlichkeit, es an das Projekt FSJ im Ausland gibt.<\/p>\n<p>Mir zum Beispiel f\u00e4llt es immer wieder schwer, auf Unbekannte zuzugehen und lange Gespr\u00e4che zu f\u00fchren. Diese Eigenschaft ist nat\u00fcrlich nicht sehr vorteilhaft, wenn es darum geht, eine Sprache zu lernen. Mein H\u00f6rverstehen ist also schon ziemlich gut, denke ich. Dagegen ist es f\u00fcr mich oft noch schwer, f\u00fcr l\u00e4ngere Monologe die richtigen Worte zu finden. Extrovertierteren Menschen scheint es hingegen viel leichter zu fallen, eine neue Sprache schneller zu lernen, wenn sie h\u00e4ufiger einfach drauflosreden k\u00f6nnen, ohne alles zu zerr denken. Am Anfang habe ich mich deshalb ziemlich unter Druck gesetzt, schlie\u00dflich wollte ich doch nach S\u00fcdamerika, um richtig Spanisch zu lernen. Noch erschwerend kommt hinzu, dass es bei uns in der N\u00e4he weder eine Universit\u00e4t, noch Theater, Kino oder gro\u00dfe Museen mit Angeboten gibt, bei denen man einfacher Leute kennenlernen k\u00f6nnte. Doch auf meiner Reise in den Sommerferien hatte ich w\u00e4hrend langer Tageswanderungen ohne Empfang viel Zeit zum Nachdenken und bin zu dem Schluss gekommen, dass es doch in so einem Gab-Year vor allem darum geht, eine gute Zeit und eine Verschnaufpause zwischen zwei anstrengenden und extrem herausfordernden Lebensabschnitten zu haben. Und so hat es auch seine Vorteile, auf dem Dorf zu leben: Die frische Luft, die kurzen Wege, die Sicherheit und die viele Natur sind doch sehr gut f\u00fcr eine rastlose Seele.<\/p>\n<p>Oje, vielleicht klang das etwas zu poetisch \u2026 jetzt geht\u2019s erstmal weiter mit ganz handfesten Erlebnissen.<\/p>\n<p><strong>\u00dcber die Osterfeiertage war ich in Rosario, die drittgr\u00f6\u00dfte Stadt Argentiniens. Hier gab es eine Menge zu entdecken: Kunstmuseen, ein gewaltiges Monument der Nationalflagge, ein Aquarium, und ein Planetarium mit Teleskop \u2013 mitten in der hellen erleuchteten Stadt.<\/strong><\/p>\n<p>Anders als in Deutschland gibt es hier leider keine l\u00e4ngeren Osterferien. Stattdessen nur einen freien Gr\u00fcndonnerstag und Karfreitag. Da musste ich mich also mit einer mini Reise begn\u00fcgen. Da die Fahrt von C\u00f3rdoba nach Rosario am Donnerstagvormittag nur halb so viel gekostet hat wie ein\u00a0zeitigerer\u00a0Bus oder eine Direktfahrt von VGB aus, kam ich erst am Donnerstagnachmittag in Rosario an. Die Stadt liegt ungef\u00e4hr zwischen C\u00f3rdoba\u00a0Capital\u00a0und Buenos Aires. Ca. f\u00fcnf Stunden dauert eine Fahrt dahin. Busfahrten tags\u00fcber finde ich eigentlich ganz entspannt, man kann die Landschaft bewundern und Podcast oder Musik h\u00f6ren. Dabei besteht die Gegend um die\u00a0Ruta\u00a09 herum, die C\u00f3rdoba und Rosario verbindet, aus gr\u00fcnen Wiesenlandschaften mit ein paar B\u00e4umen zwischendurch. W\u00e4ren die Schilder blau statt gr\u00fcn gewesen, h\u00e4tten wir demnach auch \u00fcber eine Autobahn in Deutschland fahren k\u00f6nnen.<\/p>\n<p>In der Millionenstadt ging ich nat\u00fcrlich als Erstes an den Rio\u00a0Paran\u00e1. In Rosario ist er bis zu 2,5 km breit! Und es f\u00fchrt eine lange Promenade am Fluss entlang. Da gerade Feiertage waren, gab es eine Menge lose St\u00e4nde und M\u00e4rkte. Hier verkaufen Leute selbstgemachte Sachen, B\u00fccher und Essen. Es gab auch den ziemlich gro\u00dfen\u00a0Second-Hand-Kleidungsmarkt\u00a0\u201eEl\u00a0Roperito\u201c, aber meine Reisetaschen sind ja schon ziemlich gut gef\u00fcllt. Ebenfalls an dem Fluss gibt es ein gro\u00dfes st\u00e4dtische Aquarium mit Fischen des\u00a0Paran\u00e1. Das war sehr faszinierend und auch noch kostenlos. Des Weiteren gibt es eine Menge Parks und Museen. Besonders gefallen hat mir der\u00a0Parque\u00a0de\u00a0la\u00a0Independencia, in diesem Park gibt es unter anderem einen kleinen See, einen Rosengarten und gleich drei Museen.<\/p>\n<div id=\"attachment_920\" style=\"width: 1034px\" class=\"wp-caption aligncenter\"><a href=\"https:\/\/kulturweit.blog\/argentinienvillageneralbelgrano\/files\/2023\/04\/20230408_093507.jpg\"><img loading=\"lazy\" decoding=\"async\" aria-describedby=\"caption-attachment-920\" class=\"wp-image-920 size-full\" src=\"https:\/\/kulturweit.blog\/argentinienvillageneralbelgrano\/files\/2023\/04\/20230408_093507.jpg\" alt=\"\" width=\"1024\" height=\"768\" srcset=\"https:\/\/kulturweit.blog\/argentinienvillageneralbelgrano\/files\/2023\/04\/20230408_093507.jpg 1024w, https:\/\/kulturweit.blog\/argentinienvillageneralbelgrano\/files\/2023\/04\/20230408_093507-300x225.jpg 300w, https:\/\/kulturweit.blog\/argentinienvillageneralbelgrano\/files\/2023\/04\/20230408_093507-800x600.jpg 800w, https:\/\/kulturweit.blog\/argentinienvillageneralbelgrano\/files\/2023\/04\/20230408_093507-768x576.jpg 768w, https:\/\/kulturweit.blog\/argentinienvillageneralbelgrano\/files\/2023\/04\/20230408_093507-160x120.jpg 160w\" sizes=\"(max-width: 1024px) 100vw, 1024px\" \/><\/a><p id=\"caption-attachment-920\" class=\"wp-caption-text\">Das ewige Feuer am Monument zu Ehren der Argentinischen Flagge<\/p><\/div>\n<div id=\"attachment_921\" style=\"width: 1034px\" class=\"wp-caption aligncenter\"><a href=\"https:\/\/kulturweit.blog\/argentinienvillageneralbelgrano\/files\/2023\/04\/20230410_172747.jpg\"><img loading=\"lazy\" decoding=\"async\" aria-describedby=\"caption-attachment-921\" class=\"wp-image-921 size-full\" src=\"https:\/\/kulturweit.blog\/argentinienvillageneralbelgrano\/files\/2023\/04\/20230410_172747.jpg\" alt=\"\" width=\"1024\" height=\"805\" srcset=\"https:\/\/kulturweit.blog\/argentinienvillageneralbelgrano\/files\/2023\/04\/20230410_172747.jpg 1024w, https:\/\/kulturweit.blog\/argentinienvillageneralbelgrano\/files\/2023\/04\/20230410_172747-300x236.jpg 300w, https:\/\/kulturweit.blog\/argentinienvillageneralbelgrano\/files\/2023\/04\/20230410_172747-800x629.jpg 800w, https:\/\/kulturweit.blog\/argentinienvillageneralbelgrano\/files\/2023\/04\/20230410_172747-768x604.jpg 768w\" sizes=\"(max-width: 1024px) 100vw, 1024px\" \/><\/a><p id=\"caption-attachment-921\" class=\"wp-caption-text\">Blick vom Denkmalturm der Flagge auf Rosario und den Paran\u00e1<\/p><\/div>\n<div id=\"attachment_919\" style=\"width: 1034px\" class=\"wp-caption aligncenter\"><a href=\"https:\/\/kulturweit.blog\/argentinienvillageneralbelgrano\/files\/2023\/04\/20230407_1335171.jpg\"><img loading=\"lazy\" decoding=\"async\" aria-describedby=\"caption-attachment-919\" class=\"wp-image-919 size-full\" src=\"https:\/\/kulturweit.blog\/argentinienvillageneralbelgrano\/files\/2023\/04\/20230407_1335171.jpg\" alt=\"\" width=\"1024\" height=\"768\" srcset=\"https:\/\/kulturweit.blog\/argentinienvillageneralbelgrano\/files\/2023\/04\/20230407_1335171.jpg 1024w, https:\/\/kulturweit.blog\/argentinienvillageneralbelgrano\/files\/2023\/04\/20230407_1335171-300x225.jpg 300w, https:\/\/kulturweit.blog\/argentinienvillageneralbelgrano\/files\/2023\/04\/20230407_1335171-800x600.jpg 800w, https:\/\/kulturweit.blog\/argentinienvillageneralbelgrano\/files\/2023\/04\/20230407_1335171-768x576.jpg 768w, https:\/\/kulturweit.blog\/argentinienvillageneralbelgrano\/files\/2023\/04\/20230407_1335171-160x120.jpg 160w\" sizes=\"(max-width: 1024px) 100vw, 1024px\" \/><\/a><p id=\"caption-attachment-919\" class=\"wp-caption-text\">Fischlein im Paran\u00e1 (Aquarium)<\/p><\/div>\n<p>Rosario ist \u00fcbrigens der Geburtsort von Ch\u00e9 Guevara! Trotzdem habe ich nicht so wirklich ein Museum gefunden. Allerdings ist Ernesto als Kind nach Alta Gracia gezogen, weil ihm die schmutzige Stadtluft aufgrund seines Asthmas nicht so gut bekommen ist.<\/p>\n<div id=\"attachment_918\" style=\"width: 1034px\" class=\"wp-caption aligncenter\"><a href=\"https:\/\/kulturweit.blog\/argentinienvillageneralbelgrano\/files\/2023\/04\/20230407_113636.jpg\"><img loading=\"lazy\" decoding=\"async\" aria-describedby=\"caption-attachment-918\" class=\"wp-image-918 size-full\" src=\"https:\/\/kulturweit.blog\/argentinienvillageneralbelgrano\/files\/2023\/04\/20230407_113636.jpg\" alt=\"\" width=\"1024\" height=\"768\" srcset=\"https:\/\/kulturweit.blog\/argentinienvillageneralbelgrano\/files\/2023\/04\/20230407_113636.jpg 1024w, https:\/\/kulturweit.blog\/argentinienvillageneralbelgrano\/files\/2023\/04\/20230407_113636-300x225.jpg 300w, https:\/\/kulturweit.blog\/argentinienvillageneralbelgrano\/files\/2023\/04\/20230407_113636-800x600.jpg 800w, https:\/\/kulturweit.blog\/argentinienvillageneralbelgrano\/files\/2023\/04\/20230407_113636-768x576.jpg 768w, https:\/\/kulturweit.blog\/argentinienvillageneralbelgrano\/files\/2023\/04\/20230407_113636-160x120.jpg 160w\" sizes=\"(max-width: 1024px) 100vw, 1024px\" \/><\/a><p id=\"caption-attachment-918\" class=\"wp-caption-text\">Hier wurde das Erste Foto von Ch\u00e9 Guevara aufgenommen!!!<\/p><\/div>\n<p>&nbsp;<\/p>\n<p>Was bei meinem Besuch in Rosario nat\u00fcrlich nicht fehlen durfte, war ein Abend im Astronomie Komplex, bestehend aus einem Planetarium und einem Teleskop. Sowohl das kleine Teleskop als auch der Projektor wurden von Carl Zeiss hergestellt, erz\u00e4hlte mir der Astronom, der die F\u00fchrungen f\u00fcr die \u00d6ffentlichkeit machte. Aufgrund der Beschriftungen am Teleskop k\u00f6nne er jetzt auch ein bisschen deutsch, meinte er mit einem Schmunzeln. Doch als ich dort war, hatte ich nat\u00fcrlich keine Augen f\u00fcr Beschriftungen, denn der Tubus war auf den Orionnebel gerichtet.<\/p>\n","protected":false},"excerpt":{"rendered":"<p>Der letzte Monat ist rasend schnell vergangen. Ich bin umgezogen, habe Gesellschaft bekommen und war mal wieder in C\u00f3rdoba und Rosario. Seit M\u00e4rz hat meine Einsatzstelle zum ersten Mal zwei Freiwillige. Da es auch hier im kleinen Villa General Belgrano sehr schwierig ist, eine Unterkunft zu finden, haben die neue Freiwillige und ich kurzerhand eine &hellip; <span class=\"more-link\"><a href=\"https:\/\/kulturweit.blog\/argentinienvillageneralbelgrano\/2023\/04\/15\/im-bann-des-orion-in-rosario\/\">Mehr lesen &raquo;<\/a><\/span><\/p>\n","protected":false},"author":3061,"featured_media":919,"comment_status":"open","ping_status":"open","sticky":false,"template":"","format":"standard","meta":{"footnotes":""},"categories":[341],"tags":[],"class_list":["post-917","post","type-post","status-publish","format-standard","has-post-thumbnail","hentry","category-ausflug"],"amp_enabled":true,"_links":{"self":[{"href":"https:\/\/kulturweit.blog\/argentinienvillageneralbelgrano\/wp-json\/wp\/v2\/posts\/917"}],"collection":[{"href":"https:\/\/kulturweit.blog\/argentinienvillageneralbelgrano\/wp-json\/wp\/v2\/posts"}],"about":[{"href":"https:\/\/kulturweit.blog\/argentinienvillageneralbelgrano\/wp-json\/wp\/v2\/types\/post"}],"author":[{"embeddable":true,"href":"https:\/\/kulturweit.blog\/argentinienvillageneralbelgrano\/wp-json\/wp\/v2\/users\/3061"}],"replies":[{"embeddable":true,"href":"https:\/\/kulturweit.blog\/argentinienvillageneralbelgrano\/wp-json\/wp\/v2\/comments?post=917"}],"version-history":[{"count":4,"href":"https:\/\/kulturweit.blog\/argentinienvillageneralbelgrano\/wp-json\/wp\/v2\/posts\/917\/revisions"}],"predecessor-version":[{"id":928,"href":"https:\/\/kulturweit.blog\/argentinienvillageneralbelgrano\/wp-json\/wp\/v2\/posts\/917\/revisions\/928"}],"wp:featuredmedia":[{"embeddable":true,"href":"https:\/\/kulturweit.blog\/argentinienvillageneralbelgrano\/wp-json\/wp\/v2\/media\/919"}],"wp:attachment":[{"href":"https:\/\/kulturweit.blog\/argentinienvillageneralbelgrano\/wp-json\/wp\/v2\/media?parent=917"}],"wp:term":[{"taxonomy":"category","embeddable":true,"href":"https:\/\/kulturweit.blog\/argentinienvillageneralbelgrano\/wp-json\/wp\/v2\/categories?post=917"},{"taxonomy":"post_tag","embeddable":true,"href":"https:\/\/kulturweit.blog\/argentinienvillageneralbelgrano\/wp-json\/wp\/v2\/tags?post=917"}],"curies":[{"name":"wp","href":"https:\/\/api.w.org\/{rel}","templated":true}]}}