{"id":908,"date":"2023-03-05T10:59:17","date_gmt":"2023-03-05T13:59:17","guid":{"rendered":"https:\/\/kulturweit.blog\/argentinienvillageneralbelgrano\/?p=908"},"modified":"2023-03-05T12:33:46","modified_gmt":"2023-03-05T15:33:46","slug":"das-ende-einer-reise","status":"publish","type":"post","link":"https:\/\/kulturweit.blog\/argentinienvillageneralbelgrano\/2023\/03\/05\/das-ende-einer-reise\/","title":{"rendered":"Das Ende einer Reise"},"content":{"rendered":"<p><a href=\"https:\/\/kulturweit.blog\/argentinienvillageneralbelgrano\/files\/2023\/03\/20230207_195129.jpg\"><img loading=\"lazy\" decoding=\"async\" class=\"aligncenter size-full wp-image-909\" src=\"https:\/\/kulturweit.blog\/argentinienvillageneralbelgrano\/files\/2023\/03\/20230207_195129.jpg\" alt=\"\" width=\"768\" height=\"1024\" srcset=\"https:\/\/kulturweit.blog\/argentinienvillageneralbelgrano\/files\/2023\/03\/20230207_195129.jpg 768w, https:\/\/kulturweit.blog\/argentinienvillageneralbelgrano\/files\/2023\/03\/20230207_195129-300x400.jpg 300w, https:\/\/kulturweit.blog\/argentinienvillageneralbelgrano\/files\/2023\/03\/20230207_195129-600x800.jpg 600w\" sizes=\"(max-width: 768px) 100vw, 768px\" \/><\/a><\/p>\n<p><strong>In den letzten Wochen habe ich meine Reise beendet, in den letzten Tagen sah ich noch drei St\u00e4dte! Und dann begann auch sofort das neue Schuljahr wieder.<\/strong><\/p>\n<p>Oje, ich bin mittlerweile schon \u00fcber zwei Wochen zur\u00fcck in meinem neuen alten zu Hause und habe mich immer noch nicht zur\u00fcckgemeldet. Doch ich hatte irgendwie immer etwas zu tun. Jedenfalls war ich gerade ganz erstaunt, als ich auf den R\u00fcckw\u00e4rts-Countdown auf meinem Handy gesehen hab. Dieser zeigte mir einst meine verbleibenden Reisetage an, ich habe ihn irgendwie noch nicht gel\u00f6scht.<\/p>\n<p>Doch seit der weltgr\u00f6\u00dften Salzw\u00fcste ist noch so einiges passiert!<\/p>\n<p>Nach\u00a0Uyuni\u00a0fuhr ich mit einem Nachtbus weiter nach La Paz. Zugegebenerma\u00dfen hat mir das Au\u00dfenministerium mit seinen \u201eReise- und Sicherheitshinweisen\u201c etwas Angst gemacht. Denn dort hie\u00df es unter anderem, Reisende sollen auf jeden Fall nichts nachts mit dem Bus fahren. Die Stra\u00dfen seien sehr schlecht und insbesondere um La Paz herum g\u00e4be es viele \u00dcberf\u00e4lle auf Busse. Allerdings gibt es h\u00e4ufig nur Nachtbusse f\u00fcr lange Strecken. Daher begann ich mich umzuh\u00f6ren und fragt Leute in Hostels. Niemand hatte etwas von\u00a0Un-\u00a0oder \u00dcberf\u00e4llen geh\u00f6rt. Das beruhigte mich etwas. Es passierte dann auch \u00fcberhaupt nichts. Obwohl ich nat\u00fcrlich trotzdem aufpasste, dass ich meinen \u201eMochila\u00a0siempre\u00a0delante\u201c trug. (\u201eden Rucksack immer vorne\u201c), wie es mir eine Frau im Hostel ans Herz legte.<\/p>\n<p>La Paz (\u00fcbrigens = \u201eder Frieden\u201c) ist sehr interessant. Hier befindet sich der h\u00f6chste Regierungssitz der Welt. Auf ca. 3600 m! Das habe ich auch deutlich gemerkt, mit meinem riesigen Rucksack bin ich ziemlich ins Schnaufen gekommen, denn es geht ja innerhalb der Stadt viel hoch und runter. Deshalb gibt es auch ein ganzes Seilbahn-Netz als \u00f6ffentliche Verkehrsmittel! F\u00fcr umgerechnet 40 ct pro erste Fahrt, nach dem ersten Umsteigen 26 ct und nach dem zweiten 13 ct. Aber nat\u00fcrlich nur, wenn man sich so eine Chipkarte zum Bezahlen kauft. Hab ich gemacht. F\u00fcrs Tagebuch.<\/p>\n<p><a href=\"https:\/\/kulturweit.blog\/argentinienvillageneralbelgrano\/files\/2023\/03\/20230202_142536.jpg\"><img loading=\"lazy\" decoding=\"async\" class=\"aligncenter size-full wp-image-906\" src=\"https:\/\/kulturweit.blog\/argentinienvillageneralbelgrano\/files\/2023\/03\/20230202_142536.jpg\" alt=\"\" width=\"1024\" height=\"768\" srcset=\"https:\/\/kulturweit.blog\/argentinienvillageneralbelgrano\/files\/2023\/03\/20230202_142536.jpg 1024w, https:\/\/kulturweit.blog\/argentinienvillageneralbelgrano\/files\/2023\/03\/20230202_142536-300x225.jpg 300w, https:\/\/kulturweit.blog\/argentinienvillageneralbelgrano\/files\/2023\/03\/20230202_142536-800x600.jpg 800w, https:\/\/kulturweit.blog\/argentinienvillageneralbelgrano\/files\/2023\/03\/20230202_142536-768x576.jpg 768w, https:\/\/kulturweit.blog\/argentinienvillageneralbelgrano\/files\/2023\/03\/20230202_142536-160x120.jpg 160w\" sizes=\"(max-width: 1024px) 100vw, 1024px\" \/><\/a><\/p>\n<p>Die Seilbahn hat es mir ganz sch\u00f6n angetan! Wie mit einer Metro durchquert man damit im Handumdrehen die Millionenstadt, nur dass man dabei in luftiger H\u00f6he einen guten \u00dcberblick \u00fcber die verschiedenen Viertel bekommt. Diese sind in La Paz tats\u00e4chlich sehr unterschiedlich. Leider gibt es auch einen gro\u00dfen Unterschied zwischen Arm und Reich, der aus der Gondel nur zu gut zu erkennen ist. Einerseits besteht ein gro\u00dfer Teil von La Paz aus dichten unverputzten Backstein-Zweckbauten und andererseits gibt es da das Viertel mit gl\u00e4sernen Hochh\u00e4usern, Bank und B\u00fcrogeb\u00e4uden. Und der Vertretung der Europ\u00e4ischen Union in Bolivien. An den Botschaften der Schweiz und \u00c4gypten bin ich auch vorbeigelaufen.<br \/>\nUnterdessen stand ich im Viertel\u00a0Calacoto und konnte kaum glauben, dass Bolivien das \u00e4rmste Land S\u00fcdamerikas ist. Doch als ich am anderen Ende der Stadt wieder ausstieg, verliehen mir die Zeugs verkaufenden Kinder auf den Stra\u00dfen erneut ein mulmiges Gef\u00fchl.<\/p>\n<p>In Bolivien gibt es eine gro\u00dfe Diskussion \u00fcber Kinderarbeit. Einerseits k\u00f6nnten die Familien ohne den Lohn f\u00fcr die Arbeit ihrer Kinder nicht auskommen und sicherlich erf\u00fcllt es\u00a0den Einen\u00a0oder die Andere auch mit Stolz, die Familie mit\u00a0z. B.\u00a0verkauften S\u00fc\u00dfigkeiten unterst\u00fctzen zu k\u00f6nnen. Andererseits w\u00fcrde gewiss kein Kind freiwillig arbeiten und die Zeit lieber auf Spielpl\u00e4tzen verbringen, wenn die Familie gen\u00fcgend Geld zum Auskommen h\u00e4tte. Organisationen, die sich f\u00fcr Menschenrechte einsetzen, wie UNICEF oder die UNO, sehen Kinderarbeit am liebsten verboten. Doch ganz so einfach ist es nicht. Denn ein Verbot beendet nicht automatisch das Verbotene. Es tabuisiert arbeitende Kinder und nimmt ihnen dadurch Rechte auf Bildung und Gesundheit. Einst gab es ein Gesetz, welches in Bolivien Kinderarbeit ab 10 Jahren erlaubte. Aber nur, wenn die Kinder zur Schule gehen, es Gesundheit Checks gibt und keiner schweren und gef\u00e4hrlichen Arbeiten nachgehen muss. Somit hatten arbeitende Kinder offiziell ein Recht auf Bildung und es gab Kinderrechtsb\u00fcros (wenn nat\u00fcrlich, wie staatliche Institutionen \u00fcberall auf der Welt, unterbesetzt und unterbezahlt), die f\u00fcr die Durchsetzung von Gesundheitsversorgung und Schulbesuchen sorgen sollten. Vielleicht w\u00e4re es eine Zwischenl\u00f6sung gewesen, bis Boliviens Wirtschaftliche Situation sich verbessert hat und die Armutsrate gesunken ist. Doch\u00a0z.B.\u00a0UNICEF und ILO (International Labour\u00a0Organization) protestierten und die USA drohten mit der R\u00fccknahme von Zoll-Erleichterungen. Daraufhin nahm die bolivianische Regierung das Gesetz wieder zur\u00fcck. Kinderarbeit ist nun wieder ab 14 Jahren erlaubt. Das hilft jedoch auch nicht weiter, in der Pandemie stieg die Kinderarbeit wieder deutlich an. Es ist also ein schwieriges und sensibles Thema, welches zeigt, dass ein Verbot allein h\u00e4ufig kein direkter Pfad zum Ziel ist, sondern eher zus\u00e4tzliche Berge schafft.<br \/>\nHab daf\u00fcr ein bisschen daf\u00fcr herumgegoogelt:<\/p>\n<blockquote><p><span style=\"color: #808080\">Ehringfeld, Klaus. 2019. <em>Kinderrechte: In Bolivien d\u00fcrfen Kinder nicht mehr arbeiten &#8211; und das ist ein Problem.<\/em> 21. Oktober. Zugriff am 4. M\u00e4rz 2023. https:\/\/www.spiegel.de\/politik\/ausland\/bolivien-und-seine-kinderarbeiter-zurueck-in-der-rechtlosigkeit-a-1289863.html.<\/span><\/p>\n<p><span style=\"color: #808080\">Laufen, Kai. 2022. <em>Kinderarbeit in Bolivien: Eine Wirklichkeit, die nicht verschwindet.<\/em> 12. Juni. Zugriff am 4. M\u00e4rz 2023. https:\/\/www.tagesschau.de\/ausland\/amerika\/bolivien-kinderarbeit-103.html.<\/span><\/p>\n<p><span style=\"color: #808080\">Vogel, Wolf-Dieter. 2021. <em>SIE WOLLEN MITREDEN.<\/em> 17. Mai. Zugriff am 4. M\u00e4rz 2023. https:\/\/www.amnesty.de\/informieren\/amnesty-journal\/bolivien-sie-wollen-mitreden.<\/span><\/p><\/blockquote>\n<p>Ach du meine Nase, kaum habe ich wieder mehr oder weniger freie Wochenenden, schie\u00dfen die Abs\u00e4tze wieder wie Bl\u00fcmchen aus dem Boden. Also, was gab es noch in La Paz?<br \/>\nEinen riesigen Markt, der immer nur donnerstags oder sonntags stattfindet. Der war allerdings in\u00a0El\u00a0Alto, diese Stadt grenzt direkt an La Paz. Denn statt in gro\u00dfen Superm\u00e4rkten besorgen die Menschen ihre Sachen hier eher auf M\u00e4rkten. Auf diesen bekommt man alles M\u00f6gliche: Nahrungsmittel wie Obst und Gem\u00fcse, Schreibwaren, Kleidung, Autoteile, Technik\u2026\u00a0F\u00fcr mich war es etwas gew\u00f6hnungsbed\u00fcrftig. Au\u00dfer auf M\u00e4rkten war ich erneut in einem\u00a0Valle\u00a0de\u00a0la\u00a0Luna \u2013 einem Mondtal. Es ist eine kleine zerkl\u00fcftete Landschaft in den Bergen am Rande der Stadt:<\/p>\n<div id=\"attachment_902\" style=\"width: 1034px\" class=\"wp-caption aligncenter\"><a href=\"https:\/\/kulturweit.blog\/argentinienvillageneralbelgrano\/files\/2023\/03\/Mondtal.jpg\"><img loading=\"lazy\" decoding=\"async\" aria-describedby=\"caption-attachment-902\" class=\"wp-image-902 size-full\" src=\"https:\/\/kulturweit.blog\/argentinienvillageneralbelgrano\/files\/2023\/03\/Mondtal.jpg\" alt=\"\" width=\"1024\" height=\"683\" srcset=\"https:\/\/kulturweit.blog\/argentinienvillageneralbelgrano\/files\/2023\/03\/Mondtal.jpg 1024w, https:\/\/kulturweit.blog\/argentinienvillageneralbelgrano\/files\/2023\/03\/Mondtal-300x200.jpg 300w, https:\/\/kulturweit.blog\/argentinienvillageneralbelgrano\/files\/2023\/03\/Mondtal-800x534.jpg 800w, https:\/\/kulturweit.blog\/argentinienvillageneralbelgrano\/files\/2023\/03\/Mondtal-768x512.jpg 768w\" sizes=\"(max-width: 1024px) 100vw, 1024px\" \/><\/a><p id=\"caption-attachment-902\" class=\"wp-caption-text\">Wind, Regen und Sonne haben fantasievolle Skulpturen aus der Erde gehoben.<\/p><\/div>\n<div id=\"attachment_894\" style=\"width: 1034px\" class=\"wp-caption aligncenter\"><a href=\"https:\/\/kulturweit.blog\/argentinienvillageneralbelgrano\/files\/2023\/03\/20230212_135305.jpg\"><img loading=\"lazy\" decoding=\"async\" aria-describedby=\"caption-attachment-894\" class=\"wp-image-894 size-full\" src=\"https:\/\/kulturweit.blog\/argentinienvillageneralbelgrano\/files\/2023\/03\/20230212_135305.jpg\" alt=\"\" width=\"1024\" height=\"768\" srcset=\"https:\/\/kulturweit.blog\/argentinienvillageneralbelgrano\/files\/2023\/03\/20230212_135305.jpg 1024w, https:\/\/kulturweit.blog\/argentinienvillageneralbelgrano\/files\/2023\/03\/20230212_135305-300x225.jpg 300w, https:\/\/kulturweit.blog\/argentinienvillageneralbelgrano\/files\/2023\/03\/20230212_135305-800x600.jpg 800w, https:\/\/kulturweit.blog\/argentinienvillageneralbelgrano\/files\/2023\/03\/20230212_135305-768x576.jpg 768w, https:\/\/kulturweit.blog\/argentinienvillageneralbelgrano\/files\/2023\/03\/20230212_135305-160x120.jpg 160w\" sizes=\"(max-width: 1024px) 100vw, 1024px\" \/><\/a><p id=\"caption-attachment-894\" class=\"wp-caption-text\">Umh\u00e4ngetaschen aus Aguayo in einem Museum<\/p><\/div>\n<p>Auch sehr gut gefallen haben mir all die sch\u00f6nen Stoffe in den Souvenirl\u00e4den. Dort k\u00f6nnen Touristen T\u00e4schchen und Rucks\u00e4cke aus\u00a0Aguayo, einem bunt gewebtem Stoff, kaufen. Dieser orientiert sich an dem handgewebten\u00a0Aguayo\u00a0der\u00a0Aymara, die gr\u00f6\u00dfte Bev\u00f6lkerungsgruppe Boliviens. Au\u00dferdem gab es sch\u00f6ne Pullis aus Alpaka Wolle. Da habe ich auch ein bisschen zugeschlagen.<\/p>\n<div id=\"attachment_907\" style=\"width: 1034px\" class=\"wp-caption aligncenter\"><a href=\"https:\/\/kulturweit.blog\/argentinienvillageneralbelgrano\/files\/2023\/03\/20230202_144417.jpg\"><img loading=\"lazy\" decoding=\"async\" aria-describedby=\"caption-attachment-907\" class=\"size-full wp-image-907\" src=\"https:\/\/kulturweit.blog\/argentinienvillageneralbelgrano\/files\/2023\/03\/20230202_144417.jpg\" alt=\"\" width=\"1024\" height=\"768\" srcset=\"https:\/\/kulturweit.blog\/argentinienvillageneralbelgrano\/files\/2023\/03\/20230202_144417.jpg 1024w, https:\/\/kulturweit.blog\/argentinienvillageneralbelgrano\/files\/2023\/03\/20230202_144417-300x225.jpg 300w, https:\/\/kulturweit.blog\/argentinienvillageneralbelgrano\/files\/2023\/03\/20230202_144417-800x600.jpg 800w, https:\/\/kulturweit.blog\/argentinienvillageneralbelgrano\/files\/2023\/03\/20230202_144417-768x576.jpg 768w, https:\/\/kulturweit.blog\/argentinienvillageneralbelgrano\/files\/2023\/03\/20230202_144417-160x120.jpg 160w\" sizes=\"(max-width: 1024px) 100vw, 1024px\" \/><\/a><p id=\"caption-attachment-907\" class=\"wp-caption-text\">Wandbild in La Paz<\/p><\/div>\n<div id=\"attachment_891\" style=\"width: 1034px\" class=\"wp-caption aligncenter\"><a href=\"https:\/\/kulturweit.blog\/argentinienvillageneralbelgrano\/files\/2023\/03\/20230211_122401.jpg\"><img loading=\"lazy\" decoding=\"async\" aria-describedby=\"caption-attachment-891\" class=\"wp-image-891 size-full\" src=\"https:\/\/kulturweit.blog\/argentinienvillageneralbelgrano\/files\/2023\/03\/20230211_122401.jpg\" alt=\"\" width=\"1024\" height=\"768\" srcset=\"https:\/\/kulturweit.blog\/argentinienvillageneralbelgrano\/files\/2023\/03\/20230211_122401.jpg 1024w, https:\/\/kulturweit.blog\/argentinienvillageneralbelgrano\/files\/2023\/03\/20230211_122401-300x225.jpg 300w, https:\/\/kulturweit.blog\/argentinienvillageneralbelgrano\/files\/2023\/03\/20230211_122401-800x600.jpg 800w, https:\/\/kulturweit.blog\/argentinienvillageneralbelgrano\/files\/2023\/03\/20230211_122401-768x576.jpg 768w, https:\/\/kulturweit.blog\/argentinienvillageneralbelgrano\/files\/2023\/03\/20230211_122401-160x120.jpg 160w\" sizes=\"(max-width: 1024px) 100vw, 1024px\" \/><\/a><p id=\"caption-attachment-891\" class=\"wp-caption-text\">Zeichnung in einem Museum<\/p><\/div>\n<p><a href=\"https:\/\/kulturweit.blog\/argentinienvillageneralbelgrano\/files\/2023\/03\/20230211_123359.jpg\"><img loading=\"lazy\" decoding=\"async\" class=\"aligncenter size-full wp-image-893\" src=\"https:\/\/kulturweit.blog\/argentinienvillageneralbelgrano\/files\/2023\/03\/20230211_123359.jpg\" alt=\"\" width=\"768\" height=\"1024\" srcset=\"https:\/\/kulturweit.blog\/argentinienvillageneralbelgrano\/files\/2023\/03\/20230211_123359.jpg 768w, https:\/\/kulturweit.blog\/argentinienvillageneralbelgrano\/files\/2023\/03\/20230211_123359-300x400.jpg 300w, https:\/\/kulturweit.blog\/argentinienvillageneralbelgrano\/files\/2023\/03\/20230211_123359-600x800.jpg 600w\" sizes=\"(max-width: 768px) 100vw, 768px\" \/><\/a><\/p>\n<p>&nbsp;<\/p>\n<p>Tarija\u00a0hingegen, meine vorletzte Stadt, war nicht so touristisch. Eigentlich wollte ich hier noch eine Tour zu einem Wasserfall in der N\u00e4he machen. Doch ich war nur kurz vor Karneval, der touristischen Hauptsaison, da. Deshalb gab es in der einzigen Touri-Agentur, die ich finden konnte, nicht genug Teilnehmer f\u00fcr den Wasserfall. Also eigentlich nur eine Teilnehmerin. Und die war ich. Deshalb also keine Tour. Da verbrachte ich also ein paar ruhige Tage in den Gassen von\u00a0Tarija. Das war auch mal sch\u00f6n. Es waren so wenige Touristen in der Stadt, dass ich zwei N\u00e4chte lang sogar nicht nur allein im Zimmer, sondern auch ganz allein im Hostel war! Das war toll. Die Hotelbesitzerin war auch sehr nett. Sie und ihre Tochter zeigten mir am Anfang die Stadt. Wir fuhren auch ein bisschen in angrenzenden Gemeinden herum und ich probierte leckeres Essen, welches f\u00fcr wenig Geld auf den Stra\u00dfen verkauft wurde. Da hatte ich mich zuvor zu wenig heran getraut. Die Berichte von Reisenden mit Lebensmittelvergiftung hatten mir zu viel Angst gemacht. Doch sowas kann ja \u00fcberall, auch in den wenigen Superm\u00e4rkten der Stadt, lauern.<\/p>\n<div id=\"attachment_890\" style=\"width: 1034px\" class=\"wp-caption aligncenter\"><a href=\"https:\/\/kulturweit.blog\/argentinienvillageneralbelgrano\/files\/2023\/03\/20230207_110233.jpg\"><img loading=\"lazy\" decoding=\"async\" aria-describedby=\"caption-attachment-890\" class=\"wp-image-890 size-full\" src=\"https:\/\/kulturweit.blog\/argentinienvillageneralbelgrano\/files\/2023\/03\/20230207_110233.jpg\" alt=\"\" width=\"1024\" height=\"768\" srcset=\"https:\/\/kulturweit.blog\/argentinienvillageneralbelgrano\/files\/2023\/03\/20230207_110233.jpg 1024w, https:\/\/kulturweit.blog\/argentinienvillageneralbelgrano\/files\/2023\/03\/20230207_110233-300x225.jpg 300w, https:\/\/kulturweit.blog\/argentinienvillageneralbelgrano\/files\/2023\/03\/20230207_110233-800x600.jpg 800w, https:\/\/kulturweit.blog\/argentinienvillageneralbelgrano\/files\/2023\/03\/20230207_110233-768x576.jpg 768w, https:\/\/kulturweit.blog\/argentinienvillageneralbelgrano\/files\/2023\/03\/20230207_110233-160x120.jpg 160w\" sizes=\"(max-width: 1024px) 100vw, 1024px\" \/><\/a><p id=\"caption-attachment-890\" class=\"wp-caption-text\">Arch\u00e4ologiemuseum in Tarija: Nachbildungen von Skeletten ausgestorbener Tiere wie Riesenfaultier, Rieseng\u00fcrteltier und Mamut, die einst in Bolivien anzutreffen waren, originalgetreu aufgebaut.<\/p><\/div>\n<div id=\"attachment_889\" style=\"width: 1034px\" class=\"wp-caption aligncenter\"><a href=\"https:\/\/kulturweit.blog\/argentinienvillageneralbelgrano\/files\/2023\/03\/20230206_131137.jpg\"><img loading=\"lazy\" decoding=\"async\" aria-describedby=\"caption-attachment-889\" class=\"wp-image-889 size-full\" src=\"https:\/\/kulturweit.blog\/argentinienvillageneralbelgrano\/files\/2023\/03\/20230206_131137.jpg\" alt=\"\" width=\"1024\" height=\"768\" srcset=\"https:\/\/kulturweit.blog\/argentinienvillageneralbelgrano\/files\/2023\/03\/20230206_131137.jpg 1024w, https:\/\/kulturweit.blog\/argentinienvillageneralbelgrano\/files\/2023\/03\/20230206_131137-300x225.jpg 300w, https:\/\/kulturweit.blog\/argentinienvillageneralbelgrano\/files\/2023\/03\/20230206_131137-800x600.jpg 800w, https:\/\/kulturweit.blog\/argentinienvillageneralbelgrano\/files\/2023\/03\/20230206_131137-768x576.jpg 768w, https:\/\/kulturweit.blog\/argentinienvillageneralbelgrano\/files\/2023\/03\/20230206_131137-160x120.jpg 160w\" sizes=\"(max-width: 1024px) 100vw, 1024px\" \/><\/a><p id=\"caption-attachment-889\" class=\"wp-caption-text\">Casa Dorada in Tarija<\/p><\/div>\n<p>An einem Abend in\u00a0Tarija\u00a0besuchte ich ein Observatorium \u2013 ich bin schlie\u00dflich immer auf der Suche. Daf\u00fcr lieh ich mir ein Fahrrad aus und fuhr 15 km in die Berge. Es hat sich dann sowas von gelohnt, der Himmel und die Astronomie F\u00fchrung waren viel besser als in San Pedro de Atacama (dort war der Beobachtungspunkt immer noch zu nah an der Stadt und der Mond war schon aufgegangen). An das\u00a0Observatorio\u00a0Astron\u00f3mico\u00a0Nacional\u00a0Santa\u00a0Ana\u00a0kommen sogar Astronomen aus aller Welt, wenn es mal wieder vorbei fliegende Asteroiden zu beobachten und zu bestaunen gibt. Und so durften auch wir Besucher den Gr\u00fcnen Kometen C\/2022 E3 durch eines der Teleskope betrachten. Au\u00dferdem zeigten sie uns den Jupiter. Ich konnte sogar seine Streifen, und den\u00a0orangenen\u00a0Wirbelsturm und vier der f\u00fcnf galil\u00e4ischen Monde sehen! Anschlie\u00dfend gab es eine Vorf\u00fchrung im gr\u00f6\u00dften Planetarium Boliviens. Das war ein toller Ausflug! Nur die R\u00fcckfahrt mit dem Fahrrad war ein bisschen gruslig. Es lag nicht an den Stra\u00dfen, die waren in einem Top-Zustand. Vielmehr nahmen manche Hunde ihre Aufgabe ein bisschen zu ernst und verfolgten schon mal kleine Radfahrerinnen auf dem Fahrrad. So schnell w\u00e4re ich sonst nie die Berge hochgekommen\u2026<\/p>\n<div id=\"attachment_909\" style=\"width: 778px\" class=\"wp-caption aligncenter\"><a href=\"https:\/\/kulturweit.blog\/argentinienvillageneralbelgrano\/files\/2023\/03\/20230207_195129.jpg\"><img loading=\"lazy\" decoding=\"async\" aria-describedby=\"caption-attachment-909\" class=\"wp-image-909 size-full\" src=\"https:\/\/kulturweit.blog\/argentinienvillageneralbelgrano\/files\/2023\/03\/20230207_195129.jpg\" alt=\"\" width=\"768\" height=\"1024\" srcset=\"https:\/\/kulturweit.blog\/argentinienvillageneralbelgrano\/files\/2023\/03\/20230207_195129.jpg 768w, https:\/\/kulturweit.blog\/argentinienvillageneralbelgrano\/files\/2023\/03\/20230207_195129-300x400.jpg 300w, https:\/\/kulturweit.blog\/argentinienvillageneralbelgrano\/files\/2023\/03\/20230207_195129-600x800.jpg 600w\" sizes=\"(max-width: 768px) 100vw, 768px\" \/><\/a><p id=\"caption-attachment-909\" class=\"wp-caption-text\">Ein fabelhafter Ausblick<\/p><\/div>\n<p>In der n\u00e4chsten Nacht fuhr dann auch schon mein Bus zur\u00fcck nach Argentinien. Ich stieg in einem der Minibusse (kleine Autobusse mit den Haltestellen auf\u00a0Neon\u00a0Zetteln an der Frontscheibe) zum etwas au\u00dferhalb liegenden Busterminal \u2013 Dank der Hotelbesitzerin, die es mir zeigte, traute ich mich auch das.<\/p>\n<p>Im Norden Argentiniens machte ich noch einen viert\u00e4gigen Abstecher in\u00a0Salta. Einer Gro\u00dfstadt, dessen Altstadt gr\u00f6\u00dftenteils aus Kolonialbauten besteht, weil H\u00e4user in diesem Stil eine Zeit lang Steuervorteile erhielten. Hier war ich dann nicht mehr die einzige im Hostel und es stand wieder etwas mehr auf meiner Liste. Auch\u00a0Salta\u00a0besitze einen Hausberg, von welchem aus man einen guten Ausblick auf die Stadt hat. Des Weiteren war ich in vielen Museen und Kathedralen. Und an einem Tag fuhr ich ganz fr\u00fch, um 5:30, mit dem Bus nach\u00a0Tilcara. Einem sehr h\u00fcbschen kleinen Dorf aus Lehmbauten und eine Pilgerst\u00e4tte f\u00fcr Arch\u00e4ologen. Denn hier befinden sich die Fundst\u00e4tte \u201ePucara\u00a0del\u00a0Tilcara\u201c eine ehemalige, sehr gut gelegen\u00a0Festungs-Siedlung\u00a0der Indigenen. In den Neunzigern wurde versucht, einige der H\u00e4user originalgetreu wieder aufzubauen. Das ist sehr faszinierend, denn alles war aus Trockenmauern und die D\u00e4cher aus\u00a0Kaktusholz, Lehm und Steinen.<\/p>\n<div id=\"attachment_904\" style=\"width: 1034px\" class=\"wp-caption aligncenter\"><a href=\"https:\/\/kulturweit.blog\/argentinienvillageneralbelgrano\/files\/2023\/03\/Pucara-2.jpg\"><img loading=\"lazy\" decoding=\"async\" aria-describedby=\"caption-attachment-904\" class=\"wp-image-904 size-full\" src=\"https:\/\/kulturweit.blog\/argentinienvillageneralbelgrano\/files\/2023\/03\/Pucara-2.jpg\" alt=\"\" width=\"1024\" height=\"683\" srcset=\"https:\/\/kulturweit.blog\/argentinienvillageneralbelgrano\/files\/2023\/03\/Pucara-2.jpg 1024w, https:\/\/kulturweit.blog\/argentinienvillageneralbelgrano\/files\/2023\/03\/Pucara-2-300x200.jpg 300w, https:\/\/kulturweit.blog\/argentinienvillageneralbelgrano\/files\/2023\/03\/Pucara-2-800x534.jpg 800w, https:\/\/kulturweit.blog\/argentinienvillageneralbelgrano\/files\/2023\/03\/Pucara-2-768x512.jpg 768w\" sizes=\"(max-width: 1024px) 100vw, 1024px\" \/><\/a><p id=\"caption-attachment-904\" class=\"wp-caption-text\">Nachgebaute H\u00e4user in der Festung von Pucara<\/p><\/div>\n<p><a href=\"https:\/\/kulturweit.blog\/argentinienvillageneralbelgrano\/files\/2023\/03\/Pucara.jpg\"><img loading=\"lazy\" decoding=\"async\" class=\"aligncenter size-full wp-image-905\" src=\"https:\/\/kulturweit.blog\/argentinienvillageneralbelgrano\/files\/2023\/03\/Pucara.jpg\" alt=\"\" width=\"1024\" height=\"683\" srcset=\"https:\/\/kulturweit.blog\/argentinienvillageneralbelgrano\/files\/2023\/03\/Pucara.jpg 1024w, https:\/\/kulturweit.blog\/argentinienvillageneralbelgrano\/files\/2023\/03\/Pucara-300x200.jpg 300w, https:\/\/kulturweit.blog\/argentinienvillageneralbelgrano\/files\/2023\/03\/Pucara-800x534.jpg 800w, https:\/\/kulturweit.blog\/argentinienvillageneralbelgrano\/files\/2023\/03\/Pucara-768x512.jpg 768w\" sizes=\"(max-width: 1024px) 100vw, 1024px\" \/><\/a><\/p>\n<p>&nbsp;<\/p>\n<p><a href=\"https:\/\/kulturweit.blog\/argentinienvillageneralbelgrano\/files\/2023\/03\/BunteBerge.jpg\"><img loading=\"lazy\" decoding=\"async\" class=\"aligncenter size-full wp-image-897\" src=\"https:\/\/kulturweit.blog\/argentinienvillageneralbelgrano\/files\/2023\/03\/BunteBerge.jpg\" alt=\"\" width=\"1024\" height=\"683\" srcset=\"https:\/\/kulturweit.blog\/argentinienvillageneralbelgrano\/files\/2023\/03\/BunteBerge.jpg 1024w, https:\/\/kulturweit.blog\/argentinienvillageneralbelgrano\/files\/2023\/03\/BunteBerge-300x200.jpg 300w, https:\/\/kulturweit.blog\/argentinienvillageneralbelgrano\/files\/2023\/03\/BunteBerge-800x534.jpg 800w, https:\/\/kulturweit.blog\/argentinienvillageneralbelgrano\/files\/2023\/03\/BunteBerge-768x512.jpg 768w\" sizes=\"(max-width: 1024px) 100vw, 1024px\" \/><\/a><\/p>\n<div id=\"attachment_901\" style=\"width: 1034px\" class=\"wp-caption aligncenter\"><a href=\"https:\/\/kulturweit.blog\/argentinienvillageneralbelgrano\/files\/2023\/03\/Lamas.jpg\"><img loading=\"lazy\" decoding=\"async\" aria-describedby=\"caption-attachment-901\" class=\"wp-image-901 size-full\" src=\"https:\/\/kulturweit.blog\/argentinienvillageneralbelgrano\/files\/2023\/03\/Lamas.jpg\" alt=\"\" width=\"1024\" height=\"683\" srcset=\"https:\/\/kulturweit.blog\/argentinienvillageneralbelgrano\/files\/2023\/03\/Lamas.jpg 1024w, https:\/\/kulturweit.blog\/argentinienvillageneralbelgrano\/files\/2023\/03\/Lamas-300x200.jpg 300w, https:\/\/kulturweit.blog\/argentinienvillageneralbelgrano\/files\/2023\/03\/Lamas-800x534.jpg 800w, https:\/\/kulturweit.blog\/argentinienvillageneralbelgrano\/files\/2023\/03\/Lamas-768x512.jpg 768w\" sizes=\"(max-width: 1024px) 100vw, 1024px\" \/><\/a><p id=\"caption-attachment-901\" class=\"wp-caption-text\">Lamas bei Hitze<\/p><\/div>\n<div id=\"attachment_898\" style=\"width: 1034px\" class=\"wp-caption aligncenter\"><a href=\"https:\/\/kulturweit.blog\/argentinienvillageneralbelgrano\/files\/2023\/03\/FlauschiKaktus.jpg\"><img loading=\"lazy\" decoding=\"async\" aria-describedby=\"caption-attachment-898\" class=\"wp-image-898 size-full\" src=\"https:\/\/kulturweit.blog\/argentinienvillageneralbelgrano\/files\/2023\/03\/FlauschiKaktus.jpg\" alt=\"\" width=\"1024\" height=\"683\" srcset=\"https:\/\/kulturweit.blog\/argentinienvillageneralbelgrano\/files\/2023\/03\/FlauschiKaktus.jpg 1024w, https:\/\/kulturweit.blog\/argentinienvillageneralbelgrano\/files\/2023\/03\/FlauschiKaktus-300x200.jpg 300w, https:\/\/kulturweit.blog\/argentinienvillageneralbelgrano\/files\/2023\/03\/FlauschiKaktus-800x534.jpg 800w, https:\/\/kulturweit.blog\/argentinienvillageneralbelgrano\/files\/2023\/03\/FlauschiKaktus-768x512.jpg 768w\" sizes=\"(max-width: 1024px) 100vw, 1024px\" \/><\/a><p id=\"caption-attachment-898\" class=\"wp-caption-text\">Flausche Kaktus<\/p><\/div>\n<p><a href=\"https:\/\/kulturweit.blog\/argentinienvillageneralbelgrano\/files\/2023\/03\/Kaktus.jpg\"><img loading=\"lazy\" decoding=\"async\" class=\"aligncenter size-full wp-image-900\" src=\"https:\/\/kulturweit.blog\/argentinienvillageneralbelgrano\/files\/2023\/03\/Kaktus.jpg\" alt=\"\" width=\"1024\" height=\"683\" srcset=\"https:\/\/kulturweit.blog\/argentinienvillageneralbelgrano\/files\/2023\/03\/Kaktus.jpg 1024w, https:\/\/kulturweit.blog\/argentinienvillageneralbelgrano\/files\/2023\/03\/Kaktus-300x200.jpg 300w, https:\/\/kulturweit.blog\/argentinienvillageneralbelgrano\/files\/2023\/03\/Kaktus-800x534.jpg 800w, https:\/\/kulturweit.blog\/argentinienvillageneralbelgrano\/files\/2023\/03\/Kaktus-768x512.jpg 768w\" sizes=\"(max-width: 1024px) 100vw, 1024px\" \/><\/a><\/p>\n<div id=\"attachment_896\" style=\"width: 813px\" class=\"wp-caption aligncenter\"><a href=\"https:\/\/kulturweit.blog\/argentinienvillageneralbelgrano\/files\/2023\/03\/20230212_155731.jpg\"><img loading=\"lazy\" decoding=\"async\" aria-describedby=\"caption-attachment-896\" class=\"wp-image-896 size-full\" src=\"https:\/\/kulturweit.blog\/argentinienvillageneralbelgrano\/files\/2023\/03\/20230212_155731.jpg\" alt=\"Kunst in Tilcara\" width=\"803\" height=\"1024\" srcset=\"https:\/\/kulturweit.blog\/argentinienvillageneralbelgrano\/files\/2023\/03\/20230212_155731.jpg 803w, https:\/\/kulturweit.blog\/argentinienvillageneralbelgrano\/files\/2023\/03\/20230212_155731-300x383.jpg 300w, https:\/\/kulturweit.blog\/argentinienvillageneralbelgrano\/files\/2023\/03\/20230212_155731-627x800.jpg 627w, https:\/\/kulturweit.blog\/argentinienvillageneralbelgrano\/files\/2023\/03\/20230212_155731-768x979.jpg 768w\" sizes=\"(max-width: 803px) 100vw, 803px\" \/><\/a><p id=\"caption-attachment-896\" class=\"wp-caption-text\">Kunst in Tilcara<\/p><\/div>\n<p><a href=\"https:\/\/kulturweit.blog\/argentinienvillageneralbelgrano\/files\/2023\/03\/20230212_155648.jpg\"><img loading=\"lazy\" decoding=\"async\" class=\"aligncenter size-full wp-image-895\" src=\"https:\/\/kulturweit.blog\/argentinienvillageneralbelgrano\/files\/2023\/03\/20230212_155648.jpg\" alt=\"\" width=\"1024\" height=\"768\" srcset=\"https:\/\/kulturweit.blog\/argentinienvillageneralbelgrano\/files\/2023\/03\/20230212_155648.jpg 1024w, https:\/\/kulturweit.blog\/argentinienvillageneralbelgrano\/files\/2023\/03\/20230212_155648-300x225.jpg 300w, https:\/\/kulturweit.blog\/argentinienvillageneralbelgrano\/files\/2023\/03\/20230212_155648-800x600.jpg 800w, https:\/\/kulturweit.blog\/argentinienvillageneralbelgrano\/files\/2023\/03\/20230212_155648-768x576.jpg 768w, https:\/\/kulturweit.blog\/argentinienvillageneralbelgrano\/files\/2023\/03\/20230212_155648-160x120.jpg 160w\" sizes=\"(max-width: 1024px) 100vw, 1024px\" \/><\/a> <a href=\"https:\/\/kulturweit.blog\/argentinienvillageneralbelgrano\/files\/2023\/03\/20230211_123241.jpg\"><img loading=\"lazy\" decoding=\"async\" class=\"aligncenter size-full wp-image-892\" src=\"https:\/\/kulturweit.blog\/argentinienvillageneralbelgrano\/files\/2023\/03\/20230211_123241.jpg\" alt=\"\" width=\"768\" height=\"1024\" srcset=\"https:\/\/kulturweit.blog\/argentinienvillageneralbelgrano\/files\/2023\/03\/20230211_123241.jpg 768w, https:\/\/kulturweit.blog\/argentinienvillageneralbelgrano\/files\/2023\/03\/20230211_123241-300x400.jpg 300w, https:\/\/kulturweit.blog\/argentinienvillageneralbelgrano\/files\/2023\/03\/20230211_123241-600x800.jpg 600w\" sizes=\"(max-width: 768px) 100vw, 768px\" \/><\/a><\/p>\n<div id=\"attachment_903\" style=\"width: 1034px\" class=\"wp-caption aligncenter\"><a href=\"https:\/\/kulturweit.blog\/argentinienvillageneralbelgrano\/files\/2023\/03\/PferdeImGruenen.jpg\"><img loading=\"lazy\" decoding=\"async\" aria-describedby=\"caption-attachment-903\" class=\"wp-image-903 size-full\" src=\"https:\/\/kulturweit.blog\/argentinienvillageneralbelgrano\/files\/2023\/03\/PferdeImGruenen.jpg\" alt=\"\" width=\"1024\" height=\"683\" srcset=\"https:\/\/kulturweit.blog\/argentinienvillageneralbelgrano\/files\/2023\/03\/PferdeImGruenen.jpg 1024w, https:\/\/kulturweit.blog\/argentinienvillageneralbelgrano\/files\/2023\/03\/PferdeImGruenen-300x200.jpg 300w, https:\/\/kulturweit.blog\/argentinienvillageneralbelgrano\/files\/2023\/03\/PferdeImGruenen-800x534.jpg 800w, https:\/\/kulturweit.blog\/argentinienvillageneralbelgrano\/files\/2023\/03\/PferdeImGruenen-768x512.jpg 768w\" sizes=\"(max-width: 1024px) 100vw, 1024px\" \/><\/a><p id=\"caption-attachment-903\" class=\"wp-caption-text\">Pferde in der San Lorenzo Schlucht bei Salta<\/p><\/div>\n<p>&nbsp;<\/p>\n<p>&nbsp;<\/p>\n<div id=\"attachment_899\" style=\"width: 1034px\" class=\"wp-caption aligncenter\"><a href=\"https:\/\/kulturweit.blog\/argentinienvillageneralbelgrano\/files\/2023\/03\/Gipfel.jpg\"><img loading=\"lazy\" decoding=\"async\" aria-describedby=\"caption-attachment-899\" class=\"wp-image-899 size-full\" src=\"https:\/\/kulturweit.blog\/argentinienvillageneralbelgrano\/files\/2023\/03\/Gipfel.jpg\" alt=\"\" width=\"1024\" height=\"683\" srcset=\"https:\/\/kulturweit.blog\/argentinienvillageneralbelgrano\/files\/2023\/03\/Gipfel.jpg 1024w, https:\/\/kulturweit.blog\/argentinienvillageneralbelgrano\/files\/2023\/03\/Gipfel-300x200.jpg 300w, https:\/\/kulturweit.blog\/argentinienvillageneralbelgrano\/files\/2023\/03\/Gipfel-800x534.jpg 800w, https:\/\/kulturweit.blog\/argentinienvillageneralbelgrano\/files\/2023\/03\/Gipfel-768x512.jpg 768w\" sizes=\"(max-width: 1024px) 100vw, 1024px\" \/><\/a><p id=\"caption-attachment-899\" class=\"wp-caption-text\">San Lorenzo Schlucht: ein Ausflug an einem Tag in Salta. Auf dem Wanderweg war ich ganz allein! Aber die schw\u00fcle Hitze war auch sehr erdr\u00fcckend.<\/p><\/div>\n<p>Tja und dann ging es wieder zur\u00fcck in den Alltag. Ich fuhr mit dem Nachtbus nach C\u00f3rdoba und von dort 3 Stunden in mein schnuckliges D\u00f6rfchen. Auf den Alltag freute ich mich in den letzten Tagen doch auch ein bisschen. Dabei dachte ich, dass ich nun wieder ein bisschen mehr Zeit f\u00fcr mich haben w\u00fcrde. Na ja, das stimmte nicht so richtig. Meine Nachmittage und Wochenenden sind auch hier wieder ziemlich voll, das hatte ich wohl vergessen.<\/p>\n<p>Ich war bis zum letzten Augenblick unterwegs! Denn am n\u00e4chsten Tag gab es schon Deutschteamsitzung.<br \/>\nUnd dann hie\u00df es:\u00a0\u201e\u00a1vuelta\u00a0al\u00a0cole!\u201c-BACK\u00a0TO\u00a0SCHOOL! Ich war in der ersten Woche jeden Tag wieder in drei bis vier Klassen. Daran muss ich mich abermals gew\u00f6hnen, es war ganz sch\u00f6n anstrengend.<\/p>\n<p>Au\u00dferdem bin ich letzte Woche umgezogen! In ein Haus! Dieses werde ich in zwei Wochen zusammen mit Luna bewohnen, eine weitere Freiwillige. Sie bleibt auch ein Jahr. Die Schule hat ab jetzt immer zwei von uns. Ich bin total gespannt darauf! Auch wenn das bestimmt noch turbulentere Zeiten<\/p>\n","protected":false},"excerpt":{"rendered":"<p>In den letzten Wochen habe ich meine Reise beendet, in den letzten Tagen sah ich noch drei St\u00e4dte! Und dann begann auch sofort das neue Schuljahr wieder. Oje, ich bin mittlerweile schon \u00fcber zwei Wochen zur\u00fcck in meinem neuen alten zu Hause und habe mich immer noch nicht zur\u00fcckgemeldet. Doch ich hatte irgendwie immer etwas &hellip; <span class=\"more-link\"><a href=\"https:\/\/kulturweit.blog\/argentinienvillageneralbelgrano\/2023\/03\/05\/das-ende-einer-reise\/\">Mehr lesen &raquo;<\/a><\/span><\/p>\n","protected":false},"author":3061,"featured_media":909,"comment_status":"open","ping_status":"open","sticky":false,"template":"","format":"standard","meta":{"footnotes":""},"categories":[585,7,138],"tags":[],"class_list":["post-908","post","type-post","status-publish","format-standard","has-post-thumbnail","hentry","category-gesellschaft","category-politik","category-reise"],"amp_enabled":true,"_links":{"self":[{"href":"https:\/\/kulturweit.blog\/argentinienvillageneralbelgrano\/wp-json\/wp\/v2\/posts\/908"}],"collection":[{"href":"https:\/\/kulturweit.blog\/argentinienvillageneralbelgrano\/wp-json\/wp\/v2\/posts"}],"about":[{"href":"https:\/\/kulturweit.blog\/argentinienvillageneralbelgrano\/wp-json\/wp\/v2\/types\/post"}],"author":[{"embeddable":true,"href":"https:\/\/kulturweit.blog\/argentinienvillageneralbelgrano\/wp-json\/wp\/v2\/users\/3061"}],"replies":[{"embeddable":true,"href":"https:\/\/kulturweit.blog\/argentinienvillageneralbelgrano\/wp-json\/wp\/v2\/comments?post=908"}],"version-history":[{"count":3,"href":"https:\/\/kulturweit.blog\/argentinienvillageneralbelgrano\/wp-json\/wp\/v2\/posts\/908\/revisions"}],"predecessor-version":[{"id":915,"href":"https:\/\/kulturweit.blog\/argentinienvillageneralbelgrano\/wp-json\/wp\/v2\/posts\/908\/revisions\/915"}],"wp:featuredmedia":[{"embeddable":true,"href":"https:\/\/kulturweit.blog\/argentinienvillageneralbelgrano\/wp-json\/wp\/v2\/media\/909"}],"wp:attachment":[{"href":"https:\/\/kulturweit.blog\/argentinienvillageneralbelgrano\/wp-json\/wp\/v2\/media?parent=908"}],"wp:term":[{"taxonomy":"category","embeddable":true,"href":"https:\/\/kulturweit.blog\/argentinienvillageneralbelgrano\/wp-json\/wp\/v2\/categories?post=908"},{"taxonomy":"post_tag","embeddable":true,"href":"https:\/\/kulturweit.blog\/argentinienvillageneralbelgrano\/wp-json\/wp\/v2\/tags?post=908"}],"curies":[{"name":"wp","href":"https:\/\/api.w.org\/{rel}","templated":true}]}}