{"id":825,"date":"2023-01-31T13:52:43","date_gmt":"2023-01-31T16:52:43","guid":{"rendered":"https:\/\/kulturweit.blog\/argentinienvillageneralbelgrano\/?p=825"},"modified":"2023-02-27T19:14:11","modified_gmt":"2023-02-27T22:14:11","slug":"unendlich-weisse-weiten","status":"publish","type":"post","link":"https:\/\/kulturweit.blog\/argentinienvillageneralbelgrano\/2023\/01\/31\/unendlich-weisse-weiten\/","title":{"rendered":"Unendlich wei\u00dfe Weiten"},"content":{"rendered":"\r\n<p>Nach Chile reiste ich weiter nach Bolivien. Ich finde es manchmal immernoch unfassbar, von all diesen L\u00e4ndern habe ich fr\u00fcher immer nur geh\u00f6rt, in den Nachrichten vielleicht mal Bilder gesehen und in der Schule Vortr\u00e4ge gehalten. Jetzt bin ich tats\u00e4chlich dort umd mache all die Bilder selbst! Gestern zeigte meine Kamera zum zweiten Mal die Meldung &#8222;Speicherkarte voll&#8220; an.<\/p>\r\n\r\n\r\n\r\n<p>Leider besitzt der Kulturweit Blog nur 250 MB Speicherplatz, die Bilder sind nat\u00fcrlich schon komprimiert. Deshalb musste ich eben noch ein paar Bilder l\u00f6schen, um Platz f\u00fcr neue zu schaffen. Es werden jetzt also leider weniger Bilder pro Eintrag.<\/p>\r\n\r\n\r\n\r\n<p>In der N\u00e4he von Uyuni gibt es mit dem Salat de Uyuni die gr\u00f6\u00dfte Salzpfanne der Welt. In den unendlichen wei\u00dfen Weiten scheinen sich am Horizont die Dimensionen aufzul\u00f6sen.<\/p>\r\n\r\n\r\n\r\n<figure class=\"wp-block-image size-large\"><img loading=\"lazy\" decoding=\"async\" width=\"800\" height=\"533\" class=\"wp-image-815\" src=\"https:\/\/kulturweit.blog\/argentinienvillageneralbelgrano\/files\/2023\/01\/DSC_0095-800x533.jpg\" alt=\"\" srcset=\"https:\/\/kulturweit.blog\/argentinienvillageneralbelgrano\/files\/2023\/01\/DSC_0095-800x533.jpg 800w, https:\/\/kulturweit.blog\/argentinienvillageneralbelgrano\/files\/2023\/01\/DSC_0095-300x200.jpg 300w, https:\/\/kulturweit.blog\/argentinienvillageneralbelgrano\/files\/2023\/01\/DSC_0095-768x512.jpg 768w, https:\/\/kulturweit.blog\/argentinienvillageneralbelgrano\/files\/2023\/01\/DSC_0095-1536x1024.jpg 1536w, https:\/\/kulturweit.blog\/argentinienvillageneralbelgrano\/files\/2023\/01\/DSC_0095.jpg 1620w\" sizes=\"(max-width: 800px) 100vw, 800px\" \/><\/figure>\r\n\r\n\r\n\r\n<figure class=\"wp-block-image\"><img loading=\"lazy\" decoding=\"async\" width=\"800\" height=\"533\" class=\"wp-image-816\" src=\"https:\/\/kulturweit.blog\/argentinienvillageneralbelgrano\/files\/2023\/01\/DSC_0046-800x533.jpg\" alt=\"\" srcset=\"https:\/\/kulturweit.blog\/argentinienvillageneralbelgrano\/files\/2023\/01\/DSC_0046-800x533.jpg 800w, https:\/\/kulturweit.blog\/argentinienvillageneralbelgrano\/files\/2023\/01\/DSC_0046-300x200.jpg 300w, https:\/\/kulturweit.blog\/argentinienvillageneralbelgrano\/files\/2023\/01\/DSC_0046-768x512.jpg 768w, https:\/\/kulturweit.blog\/argentinienvillageneralbelgrano\/files\/2023\/01\/DSC_0046-1536x1024.jpg 1536w, https:\/\/kulturweit.blog\/argentinienvillageneralbelgrano\/files\/2023\/01\/DSC_0046.jpg 1620w\" sizes=\"(max-width: 800px) 100vw, 800px\" \/><\/figure>\r\n\r\n\r\n\r\n<figure class=\"wp-block-image\"><img loading=\"lazy\" decoding=\"async\" width=\"800\" height=\"533\" class=\"wp-image-814\" src=\"https:\/\/kulturweit.blog\/argentinienvillageneralbelgrano\/files\/2023\/01\/DSC_0105-800x533.jpg\" alt=\"\" srcset=\"https:\/\/kulturweit.blog\/argentinienvillageneralbelgrano\/files\/2023\/01\/DSC_0105-800x533.jpg 800w, https:\/\/kulturweit.blog\/argentinienvillageneralbelgrano\/files\/2023\/01\/DSC_0105-300x200.jpg 300w, https:\/\/kulturweit.blog\/argentinienvillageneralbelgrano\/files\/2023\/01\/DSC_0105-768x512.jpg 768w, https:\/\/kulturweit.blog\/argentinienvillageneralbelgrano\/files\/2023\/01\/DSC_0105-1536x1024.jpg 1536w, https:\/\/kulturweit.blog\/argentinienvillageneralbelgrano\/files\/2023\/01\/DSC_0105.jpg 1620w\" sizes=\"(max-width: 800px) 100vw, 800px\" \/>\r\n<figcaption class=\"wp-element-caption\">Die Insel Incahuasi. Vor Millionen Jahren war der Salar al ein Meer. Deshalb sind die Steine auf der Insel mit Korallen bedeckt. Au\u00dferdem gibt es riesige Kakteen, die pro Jahr nur einen cm wachsen.<\/figcaption>\r\n<\/figure>\r\n\r\n\r\n\r\n<figure class=\"wp-block-image size-large\"><img loading=\"lazy\" decoding=\"async\" width=\"533\" height=\"800\" class=\"wp-image-819\" src=\"https:\/\/kulturweit.blog\/argentinienvillageneralbelgrano\/files\/2023\/01\/dsc_0844_12990233397310649126-533x800.jpg\" alt=\"\" srcset=\"https:\/\/kulturweit.blog\/argentinienvillageneralbelgrano\/files\/2023\/01\/dsc_0844_12990233397310649126-533x800.jpg 533w, https:\/\/kulturweit.blog\/argentinienvillageneralbelgrano\/files\/2023\/01\/dsc_0844_12990233397310649126-300x450.jpg 300w, https:\/\/kulturweit.blog\/argentinienvillageneralbelgrano\/files\/2023\/01\/dsc_0844_12990233397310649126-768x1152.jpg 768w, https:\/\/kulturweit.blog\/argentinienvillageneralbelgrano\/files\/2023\/01\/dsc_0844_12990233397310649126-1024x1536.jpg 1024w, https:\/\/kulturweit.blog\/argentinienvillageneralbelgrano\/files\/2023\/01\/dsc_0844_12990233397310649126.jpg 1080w\" sizes=\"(max-width: 533px) 100vw, 533px\" \/><\/figure>\r\n\r\n\r\n\r\n<figure class=\"wp-block-image\"><img loading=\"lazy\" decoding=\"async\" width=\"800\" height=\"533\" class=\"wp-image-822\" src=\"https:\/\/kulturweit.blog\/argentinienvillageneralbelgrano\/files\/2023\/01\/DSC_0866_1-800x533.jpg\" alt=\"\" srcset=\"https:\/\/kulturweit.blog\/argentinienvillageneralbelgrano\/files\/2023\/01\/DSC_0866_1-800x533.jpg 800w, https:\/\/kulturweit.blog\/argentinienvillageneralbelgrano\/files\/2023\/01\/DSC_0866_1-300x200.jpg 300w, https:\/\/kulturweit.blog\/argentinienvillageneralbelgrano\/files\/2023\/01\/DSC_0866_1-768x512.jpg 768w, https:\/\/kulturweit.blog\/argentinienvillageneralbelgrano\/files\/2023\/01\/DSC_0866_1-1536x1024.jpg 1536w, https:\/\/kulturweit.blog\/argentinienvillageneralbelgrano\/files\/2023\/01\/DSC_0866_1.jpg 1620w\" sizes=\"(max-width: 800px) 100vw, 800px\" \/><\/figure>\r\n\r\n\r\n\r\n<figure class=\"wp-block-image\"><img loading=\"lazy\" decoding=\"async\" width=\"800\" height=\"533\" class=\"wp-image-820\" src=\"https:\/\/kulturweit.blog\/argentinienvillageneralbelgrano\/files\/2023\/01\/DSC_0892-800x533.jpg\" alt=\"\" srcset=\"https:\/\/kulturweit.blog\/argentinienvillageneralbelgrano\/files\/2023\/01\/DSC_0892-800x533.jpg 800w, https:\/\/kulturweit.blog\/argentinienvillageneralbelgrano\/files\/2023\/01\/DSC_0892-300x200.jpg 300w, https:\/\/kulturweit.blog\/argentinienvillageneralbelgrano\/files\/2023\/01\/DSC_0892-768x512.jpg 768w, https:\/\/kulturweit.blog\/argentinienvillageneralbelgrano\/files\/2023\/01\/DSC_0892-1536x1024.jpg 1536w, https:\/\/kulturweit.blog\/argentinienvillageneralbelgrano\/files\/2023\/01\/DSC_0892.jpg 1620w\" sizes=\"(max-width: 800px) 100vw, 800px\" \/><\/figure>\r\n\r\n\r\n\r\n<figure class=\"wp-block-image\"><img loading=\"lazy\" decoding=\"async\" width=\"800\" height=\"533\" class=\"wp-image-821\" src=\"https:\/\/kulturweit.blog\/argentinienvillageneralbelgrano\/files\/2023\/01\/DSC_0937-800x533.jpg\" alt=\"\" srcset=\"https:\/\/kulturweit.blog\/argentinienvillageneralbelgrano\/files\/2023\/01\/DSC_0937-800x533.jpg 800w, https:\/\/kulturweit.blog\/argentinienvillageneralbelgrano\/files\/2023\/01\/DSC_0937-300x200.jpg 300w, https:\/\/kulturweit.blog\/argentinienvillageneralbelgrano\/files\/2023\/01\/DSC_0937-768x512.jpg 768w, https:\/\/kulturweit.blog\/argentinienvillageneralbelgrano\/files\/2023\/01\/DSC_0937-1536x1024.jpg 1536w, https:\/\/kulturweit.blog\/argentinienvillageneralbelgrano\/files\/2023\/01\/DSC_0937.jpg 1620w\" sizes=\"(max-width: 800px) 100vw, 800px\" \/>\r\n<figcaption class=\"wp-element-caption\">Eine Menge Lagumen gibt es auch noch zu sehen.<\/figcaption>\r\n<\/figure>\r\n\r\n\r\n\r\n<figure class=\"wp-block-image\"><img loading=\"lazy\" decoding=\"async\" width=\"800\" height=\"533\" class=\"wp-image-823\" src=\"https:\/\/kulturweit.blog\/argentinienvillageneralbelgrano\/files\/2023\/01\/DSC_0983-800x533.jpg\" alt=\"\" srcset=\"https:\/\/kulturweit.blog\/argentinienvillageneralbelgrano\/files\/2023\/01\/DSC_0983-800x533.jpg 800w, https:\/\/kulturweit.blog\/argentinienvillageneralbelgrano\/files\/2023\/01\/DSC_0983-300x200.jpg 300w, https:\/\/kulturweit.blog\/argentinienvillageneralbelgrano\/files\/2023\/01\/DSC_0983-768x512.jpg 768w, https:\/\/kulturweit.blog\/argentinienvillageneralbelgrano\/files\/2023\/01\/DSC_0983-1536x1024.jpg 1536w, https:\/\/kulturweit.blog\/argentinienvillageneralbelgrano\/files\/2023\/01\/DSC_0983.jpg 1620w\" sizes=\"(max-width: 800px) 100vw, 800px\" \/><\/figure>\r\n\r\n\r\n\r\n<figure class=\"wp-block-image\"><img loading=\"lazy\" decoding=\"async\" width=\"800\" height=\"533\" class=\"wp-image-824\" src=\"https:\/\/kulturweit.blog\/argentinienvillageneralbelgrano\/files\/2023\/01\/DSC_0011_1-800x533.jpg\" alt=\"\" srcset=\"https:\/\/kulturweit.blog\/argentinienvillageneralbelgrano\/files\/2023\/01\/DSC_0011_1-800x533.jpg 800w, https:\/\/kulturweit.blog\/argentinienvillageneralbelgrano\/files\/2023\/01\/DSC_0011_1-300x200.jpg 300w, https:\/\/kulturweit.blog\/argentinienvillageneralbelgrano\/files\/2023\/01\/DSC_0011_1-768x512.jpg 768w, https:\/\/kulturweit.blog\/argentinienvillageneralbelgrano\/files\/2023\/01\/DSC_0011_1-1536x1024.jpg 1536w, https:\/\/kulturweit.blog\/argentinienvillageneralbelgrano\/files\/2023\/01\/DSC_0011_1.jpg 1620w\" sizes=\"(max-width: 800px) 100vw, 800px\" \/><\/figure>\r\n\r\n\r\n\r\n<figure class=\"wp-block-image\"><img loading=\"lazy\" decoding=\"async\" width=\"800\" height=\"533\" class=\"wp-image-813\" src=\"https:\/\/kulturweit.blog\/argentinienvillageneralbelgrano\/files\/2023\/01\/DSC_0133-800x533.jpg\" alt=\"\" srcset=\"https:\/\/kulturweit.blog\/argentinienvillageneralbelgrano\/files\/2023\/01\/DSC_0133-800x533.jpg 800w, https:\/\/kulturweit.blog\/argentinienvillageneralbelgrano\/files\/2023\/01\/DSC_0133-300x200.jpg 300w, https:\/\/kulturweit.blog\/argentinienvillageneralbelgrano\/files\/2023\/01\/DSC_0133-768x512.jpg 768w, https:\/\/kulturweit.blog\/argentinienvillageneralbelgrano\/files\/2023\/01\/DSC_0133-1536x1024.jpg 1536w, https:\/\/kulturweit.blog\/argentinienvillageneralbelgrano\/files\/2023\/01\/DSC_0133.jpg 1620w\" sizes=\"(max-width: 800px) 100vw, 800px\" \/>\r\n<figcaption class=\"wp-element-caption\">Sonnenuntergang mit Gewitter auf dem Salar<\/figcaption>\r\n<\/figure>\r\n\r\n\r\n\r\n\r\n\r\n<figure class=\"wp-block-image\"><img loading=\"lazy\" decoding=\"async\" width=\"800\" height=\"533\" class=\"wp-image-818\" src=\"https:\/\/kulturweit.blog\/argentinienvillageneralbelgrano\/files\/2023\/01\/DSC_0016-800x533.jpg\" alt=\"\" srcset=\"https:\/\/kulturweit.blog\/argentinienvillageneralbelgrano\/files\/2023\/01\/DSC_0016-800x533.jpg 800w, https:\/\/kulturweit.blog\/argentinienvillageneralbelgrano\/files\/2023\/01\/DSC_0016-300x200.jpg 300w, https:\/\/kulturweit.blog\/argentinienvillageneralbelgrano\/files\/2023\/01\/DSC_0016-768x512.jpg 768w, https:\/\/kulturweit.blog\/argentinienvillageneralbelgrano\/files\/2023\/01\/DSC_0016-1536x1024.jpg 1536w, https:\/\/kulturweit.blog\/argentinienvillageneralbelgrano\/files\/2023\/01\/DSC_0016.jpg 1620w\" sizes=\"(max-width: 800px) 100vw, 800px\" \/>\r\n<figcaption class=\"wp-element-caption\">Der Eisenbahnfriedhof, auch ziemlich ber\u00fchmt<\/figcaption>\r\n<\/figure>\r\n\r\n\r\n\r\n<figure class=\"wp-block-image\"><img loading=\"lazy\" decoding=\"async\" width=\"800\" height=\"533\" class=\"wp-image-817\" src=\"https:\/\/kulturweit.blog\/argentinienvillageneralbelgrano\/files\/2023\/01\/DSC_0034-800x533.jpg\" alt=\"\" srcset=\"https:\/\/kulturweit.blog\/argentinienvillageneralbelgrano\/files\/2023\/01\/DSC_0034-800x533.jpg 800w, https:\/\/kulturweit.blog\/argentinienvillageneralbelgrano\/files\/2023\/01\/DSC_0034-300x200.jpg 300w, https:\/\/kulturweit.blog\/argentinienvillageneralbelgrano\/files\/2023\/01\/DSC_0034-768x512.jpg 768w, https:\/\/kulturweit.blog\/argentinienvillageneralbelgrano\/files\/2023\/01\/DSC_0034-1536x1024.jpg 1536w, https:\/\/kulturweit.blog\/argentinienvillageneralbelgrano\/files\/2023\/01\/DSC_0034.jpg 1620w\" sizes=\"(max-width: 800px) 100vw, 800px\" \/><\/figure>\r\n","protected":false},"excerpt":{"rendered":"<p>Nach Chile reiste ich weiter nach Bolivien. Ich finde es manchmal immernoch unfassbar, von all diesen L\u00e4ndern habe ich fr\u00fcher immer nur geh\u00f6rt, in den Nachrichten vielleicht mal Bilder gesehen und in der Schule Vortr\u00e4ge gehalten. Jetzt bin ich tats\u00e4chlich dort umd mache all die Bilder selbst! Gestern zeigte meine Kamera zum zweiten Mal die &hellip; <span class=\"more-link\"><a href=\"https:\/\/kulturweit.blog\/argentinienvillageneralbelgrano\/2023\/01\/31\/unendlich-weisse-weiten\/\">Mehr lesen &raquo;<\/a><\/span><\/p>\n","protected":false},"author":3061,"featured_media":816,"comment_status":"open","ping_status":"open","sticky":false,"template":"","format":"standard","meta":{"footnotes":""},"categories":[138],"tags":[],"class_list":["post-825","post","type-post","status-publish","format-standard","has-post-thumbnail","hentry","category-reise"],"amp_enabled":true,"_links":{"self":[{"href":"https:\/\/kulturweit.blog\/argentinienvillageneralbelgrano\/wp-json\/wp\/v2\/posts\/825"}],"collection":[{"href":"https:\/\/kulturweit.blog\/argentinienvillageneralbelgrano\/wp-json\/wp\/v2\/posts"}],"about":[{"href":"https:\/\/kulturweit.blog\/argentinienvillageneralbelgrano\/wp-json\/wp\/v2\/types\/post"}],"author":[{"embeddable":true,"href":"https:\/\/kulturweit.blog\/argentinienvillageneralbelgrano\/wp-json\/wp\/v2\/users\/3061"}],"replies":[{"embeddable":true,"href":"https:\/\/kulturweit.blog\/argentinienvillageneralbelgrano\/wp-json\/wp\/v2\/comments?post=825"}],"version-history":[{"count":2,"href":"https:\/\/kulturweit.blog\/argentinienvillageneralbelgrano\/wp-json\/wp\/v2\/posts\/825\/revisions"}],"predecessor-version":[{"id":846,"href":"https:\/\/kulturweit.blog\/argentinienvillageneralbelgrano\/wp-json\/wp\/v2\/posts\/825\/revisions\/846"}],"wp:featuredmedia":[{"embeddable":true,"href":"https:\/\/kulturweit.blog\/argentinienvillageneralbelgrano\/wp-json\/wp\/v2\/media\/816"}],"wp:attachment":[{"href":"https:\/\/kulturweit.blog\/argentinienvillageneralbelgrano\/wp-json\/wp\/v2\/media?parent=825"}],"wp:term":[{"taxonomy":"category","embeddable":true,"href":"https:\/\/kulturweit.blog\/argentinienvillageneralbelgrano\/wp-json\/wp\/v2\/categories?post=825"},{"taxonomy":"post_tag","embeddable":true,"href":"https:\/\/kulturweit.blog\/argentinienvillageneralbelgrano\/wp-json\/wp\/v2\/tags?post=825"}],"curies":[{"name":"wp","href":"https:\/\/api.w.org\/{rel}","templated":true}]}}