{"id":801,"date":"2023-01-31T12:44:05","date_gmt":"2023-01-31T15:44:05","guid":{"rendered":"https:\/\/kulturweit.blog\/argentinienvillageneralbelgrano\/?p=801"},"modified":"2023-02-27T19:10:13","modified_gmt":"2023-02-27T22:10:13","slug":"atacama","status":"publish","type":"post","link":"https:\/\/kulturweit.blog\/argentinienvillageneralbelgrano\/2023\/01\/31\/atacama\/","title":{"rendered":"Das Teleskop muss noch warten"},"content":{"rendered":"\r\n<p>Endlich in der Atacama W\u00fcste! Das Ziel meiner Reise, denn ich wollte dem ALMA Teleskop (Atacama Large Millimeter\/submillimeter Array) einen Besuch abstatten. Ein beeindruckendes Radiote\u00f6eskop auf 5000 m H\u00f6he. Es besteht aus mehreren Antennen, die sich frei beweglich an mehreren Orten zusammen schalten lassen.<\/p>\r\n\r\n<p>&nbsp;<\/p>\r\n\r\n<p>Doch leider gibt es seit der Pandemie keine F\u00fchrungen mehr. Au\u00dferdem hat sich die Website, auf der man sich fr\u00fcher registrieren konnte, noch nicht wieder von einer Cyeratacke erholt. Also nix mit Wissenschaftler besuchen.<\/p>\r\n\r\n<p>&nbsp;<\/p>\r\n\r\n<p>Trotzdem besitzt die Atacama W\u00fcste eine Menge beeindruckender Landschaften.<\/p>\r\n\r\n<p>&nbsp;<\/p>\r\n\r\n<figure class=\"wp-block-image size-large\"><img loading=\"lazy\" decoding=\"async\" width=\"1024\" height=\"683\" class=\"wp-image-755\" src=\"https:\/\/kulturweit.blog\/argentinienvillageneralbelgrano\/files\/2023\/01\/DSC_0465-1024x683.jpg\" alt=\"\" srcset=\"https:\/\/kulturweit.blog\/argentinienvillageneralbelgrano\/files\/2023\/01\/DSC_0465-1024x683.jpg 1024w, https:\/\/kulturweit.blog\/argentinienvillageneralbelgrano\/files\/2023\/01\/DSC_0465-300x200.jpg 300w, https:\/\/kulturweit.blog\/argentinienvillageneralbelgrano\/files\/2023\/01\/DSC_0465-768x512.jpg 768w, https:\/\/kulturweit.blog\/argentinienvillageneralbelgrano\/files\/2023\/01\/DSC_0465-1536x1024.jpg 1536w, https:\/\/kulturweit.blog\/argentinienvillageneralbelgrano\/files\/2023\/01\/DSC_0465.jpg 1620w\" sizes=\"(max-width: 1024px) 100vw, 1024px\" \/><\/figure>\r\n\r\n<p>&nbsp;<\/p>\r\n\r\n<figure class=\"wp-block-image\"><img loading=\"lazy\" decoding=\"async\" width=\"1024\" height=\"683\" class=\"wp-image-760\" src=\"https:\/\/kulturweit.blog\/argentinienvillageneralbelgrano\/files\/2023\/01\/DSC_0476-1024x683.jpg\" alt=\"\" srcset=\"https:\/\/kulturweit.blog\/argentinienvillageneralbelgrano\/files\/2023\/01\/DSC_0476-1024x683.jpg 1024w, https:\/\/kulturweit.blog\/argentinienvillageneralbelgrano\/files\/2023\/01\/DSC_0476-300x200.jpg 300w, https:\/\/kulturweit.blog\/argentinienvillageneralbelgrano\/files\/2023\/01\/DSC_0476-768x512.jpg 768w, https:\/\/kulturweit.blog\/argentinienvillageneralbelgrano\/files\/2023\/01\/DSC_0476-1536x1024.jpg 1536w, https:\/\/kulturweit.blog\/argentinienvillageneralbelgrano\/files\/2023\/01\/DSC_0476.jpg 1620w\" sizes=\"(max-width: 1024px) 100vw, 1024px\" \/><\/figure>\r\n\r\n<p>&nbsp;<\/p>\r\n\r\n<figure class=\"wp-block-image\"><img loading=\"lazy\" decoding=\"async\" width=\"1024\" height=\"683\" class=\"wp-image-757\" src=\"https:\/\/kulturweit.blog\/argentinienvillageneralbelgrano\/files\/2023\/01\/DSC_0489-1024x683.jpg\" alt=\"\" srcset=\"https:\/\/kulturweit.blog\/argentinienvillageneralbelgrano\/files\/2023\/01\/DSC_0489-1024x683.jpg 1024w, https:\/\/kulturweit.blog\/argentinienvillageneralbelgrano\/files\/2023\/01\/DSC_0489-300x200.jpg 300w, https:\/\/kulturweit.blog\/argentinienvillageneralbelgrano\/files\/2023\/01\/DSC_0489-768x512.jpg 768w, https:\/\/kulturweit.blog\/argentinienvillageneralbelgrano\/files\/2023\/01\/DSC_0489-1536x1024.jpg 1536w, https:\/\/kulturweit.blog\/argentinienvillageneralbelgrano\/files\/2023\/01\/DSC_0489.jpg 1620w\" sizes=\"(max-width: 1024px) 100vw, 1024px\" \/><\/figure>\r\n\r\n<p>&nbsp;<\/p>\r\n\r\n<p>&nbsp;<\/p>\r\n\r\n<figure class=\"wp-block-image\"><img loading=\"lazy\" decoding=\"async\" width=\"1024\" height=\"683\" class=\"wp-image-764\" src=\"https:\/\/kulturweit.blog\/argentinienvillageneralbelgrano\/files\/2023\/01\/DSC_0511-1024x683.jpg\" alt=\"\" srcset=\"https:\/\/kulturweit.blog\/argentinienvillageneralbelgrano\/files\/2023\/01\/DSC_0511-1024x683.jpg 1024w, https:\/\/kulturweit.blog\/argentinienvillageneralbelgrano\/files\/2023\/01\/DSC_0511-300x200.jpg 300w, https:\/\/kulturweit.blog\/argentinienvillageneralbelgrano\/files\/2023\/01\/DSC_0511-768x512.jpg 768w, https:\/\/kulturweit.blog\/argentinienvillageneralbelgrano\/files\/2023\/01\/DSC_0511-1536x1024.jpg 1536w, https:\/\/kulturweit.blog\/argentinienvillageneralbelgrano\/files\/2023\/01\/DSC_0511.jpg 1620w\" sizes=\"(max-width: 1024px) 100vw, 1024px\" \/><\/figure>\r\n\r\n<p>&nbsp;<\/p>\r\n\r\n<figure class=\"wp-block-image\"><img loading=\"lazy\" decoding=\"async\" width=\"1024\" height=\"683\" class=\"wp-image-765\" src=\"https:\/\/kulturweit.blog\/argentinienvillageneralbelgrano\/files\/2023\/01\/DSC_0520-1024x683.jpg\" alt=\"\" srcset=\"https:\/\/kulturweit.blog\/argentinienvillageneralbelgrano\/files\/2023\/01\/DSC_0520-1024x683.jpg 1024w, https:\/\/kulturweit.blog\/argentinienvillageneralbelgrano\/files\/2023\/01\/DSC_0520-300x200.jpg 300w, https:\/\/kulturweit.blog\/argentinienvillageneralbelgrano\/files\/2023\/01\/DSC_0520-768x512.jpg 768w, https:\/\/kulturweit.blog\/argentinienvillageneralbelgrano\/files\/2023\/01\/DSC_0520-1536x1024.jpg 1536w, https:\/\/kulturweit.blog\/argentinienvillageneralbelgrano\/files\/2023\/01\/DSC_0520.jpg 1620w\" sizes=\"(max-width: 1024px) 100vw, 1024px\" \/><\/figure>\r\n\r\n<p>&nbsp;<\/p>\r\n\r\n<figure class=\"wp-block-image\"><img loading=\"lazy\" decoding=\"async\" width=\"1024\" height=\"683\" class=\"wp-image-773\" src=\"https:\/\/kulturweit.blog\/argentinienvillageneralbelgrano\/files\/2023\/01\/DSC_0536-1024x683.jpg\" alt=\"\" srcset=\"https:\/\/kulturweit.blog\/argentinienvillageneralbelgrano\/files\/2023\/01\/DSC_0536-1024x683.jpg 1024w, https:\/\/kulturweit.blog\/argentinienvillageneralbelgrano\/files\/2023\/01\/DSC_0536-300x200.jpg 300w, https:\/\/kulturweit.blog\/argentinienvillageneralbelgrano\/files\/2023\/01\/DSC_0536-768x512.jpg 768w, https:\/\/kulturweit.blog\/argentinienvillageneralbelgrano\/files\/2023\/01\/DSC_0536-1536x1024.jpg 1536w, https:\/\/kulturweit.blog\/argentinienvillageneralbelgrano\/files\/2023\/01\/DSC_0536.jpg 1620w\" sizes=\"(max-width: 1024px) 100vw, 1024px\" \/><\/figure>\r\n\r\n<p>&nbsp;<\/p>\r\n\r\n<figure class=\"wp-block-image\"><img loading=\"lazy\" decoding=\"async\" width=\"1024\" height=\"683\" class=\"wp-image-772\" src=\"https:\/\/kulturweit.blog\/argentinienvillageneralbelgrano\/files\/2023\/01\/DSC_0543-1024x683.jpg\" alt=\"\" srcset=\"https:\/\/kulturweit.blog\/argentinienvillageneralbelgrano\/files\/2023\/01\/DSC_0543-1024x683.jpg 1024w, https:\/\/kulturweit.blog\/argentinienvillageneralbelgrano\/files\/2023\/01\/DSC_0543-300x200.jpg 300w, https:\/\/kulturweit.blog\/argentinienvillageneralbelgrano\/files\/2023\/01\/DSC_0543-768x512.jpg 768w, https:\/\/kulturweit.blog\/argentinienvillageneralbelgrano\/files\/2023\/01\/DSC_0543-1536x1024.jpg 1536w, https:\/\/kulturweit.blog\/argentinienvillageneralbelgrano\/files\/2023\/01\/DSC_0543.jpg 1620w\" sizes=\"(max-width: 1024px) 100vw, 1024px\" \/><\/figure>\r\n\r\n<p>&nbsp;<\/p>\r\n\r\n<figure class=\"wp-block-image\"><img loading=\"lazy\" decoding=\"async\" width=\"1024\" height=\"683\" class=\"wp-image-778\" src=\"https:\/\/kulturweit.blog\/argentinienvillageneralbelgrano\/files\/2023\/01\/DSC_0557-1024x683.jpg\" alt=\"\" srcset=\"https:\/\/kulturweit.blog\/argentinienvillageneralbelgrano\/files\/2023\/01\/DSC_0557-1024x683.jpg 1024w, https:\/\/kulturweit.blog\/argentinienvillageneralbelgrano\/files\/2023\/01\/DSC_0557-300x200.jpg 300w, https:\/\/kulturweit.blog\/argentinienvillageneralbelgrano\/files\/2023\/01\/DSC_0557-768x512.jpg 768w, https:\/\/kulturweit.blog\/argentinienvillageneralbelgrano\/files\/2023\/01\/DSC_0557-1536x1024.jpg 1536w, https:\/\/kulturweit.blog\/argentinienvillageneralbelgrano\/files\/2023\/01\/DSC_0557.jpg 1620w\" sizes=\"(max-width: 1024px) 100vw, 1024px\" \/>\r\n<figcaption class=\"wp-element-caption\">Da am Horizont! Die ALMA Antennen! Hab sie doch gesehen!<\/figcaption>\r\n<\/figure>\r\n\r\n<p>&nbsp;<\/p>\r\n\r\n<figure class=\"wp-block-image\"><img loading=\"lazy\" decoding=\"async\" width=\"1024\" height=\"683\" class=\"wp-image-770\" src=\"https:\/\/kulturweit.blog\/argentinienvillageneralbelgrano\/files\/2023\/01\/DSC_0568-1024x683.jpg\" alt=\"\" srcset=\"https:\/\/kulturweit.blog\/argentinienvillageneralbelgrano\/files\/2023\/01\/DSC_0568-1024x683.jpg 1024w, https:\/\/kulturweit.blog\/argentinienvillageneralbelgrano\/files\/2023\/01\/DSC_0568-300x200.jpg 300w, https:\/\/kulturweit.blog\/argentinienvillageneralbelgrano\/files\/2023\/01\/DSC_0568-768x512.jpg 768w, https:\/\/kulturweit.blog\/argentinienvillageneralbelgrano\/files\/2023\/01\/DSC_0568-1536x1024.jpg 1536w, https:\/\/kulturweit.blog\/argentinienvillageneralbelgrano\/files\/2023\/01\/DSC_0568.jpg 1620w\" sizes=\"(max-width: 1024px) 100vw, 1024px\" \/><\/figure>\r\n\r\n<p>&nbsp;<\/p>\r\n\r\n<figure class=\"wp-block-image\"><img loading=\"lazy\" decoding=\"async\" width=\"1024\" height=\"683\" class=\"wp-image-774\" src=\"https:\/\/kulturweit.blog\/argentinienvillageneralbelgrano\/files\/2023\/01\/DSC_0588-1024x683.jpg\" alt=\"\" srcset=\"https:\/\/kulturweit.blog\/argentinienvillageneralbelgrano\/files\/2023\/01\/DSC_0588-1024x683.jpg 1024w, https:\/\/kulturweit.blog\/argentinienvillageneralbelgrano\/files\/2023\/01\/DSC_0588-300x200.jpg 300w, https:\/\/kulturweit.blog\/argentinienvillageneralbelgrano\/files\/2023\/01\/DSC_0588-768x512.jpg 768w, https:\/\/kulturweit.blog\/argentinienvillageneralbelgrano\/files\/2023\/01\/DSC_0588-1536x1024.jpg 1536w, https:\/\/kulturweit.blog\/argentinienvillageneralbelgrano\/files\/2023\/01\/DSC_0588.jpg 1620w\" sizes=\"(max-width: 1024px) 100vw, 1024px\" \/><\/figure>\r\n\r\n<p>&nbsp;<\/p>\r\n\r\n<figure class=\"wp-block-image\"><img loading=\"lazy\" decoding=\"async\" width=\"1024\" height=\"683\" class=\"wp-image-775\" src=\"https:\/\/kulturweit.blog\/argentinienvillageneralbelgrano\/files\/2023\/01\/DSC_0590-1024x683.jpg\" alt=\"\" srcset=\"https:\/\/kulturweit.blog\/argentinienvillageneralbelgrano\/files\/2023\/01\/DSC_0590-1024x683.jpg 1024w, https:\/\/kulturweit.blog\/argentinienvillageneralbelgrano\/files\/2023\/01\/DSC_0590-300x200.jpg 300w, https:\/\/kulturweit.blog\/argentinienvillageneralbelgrano\/files\/2023\/01\/DSC_0590-768x512.jpg 768w, https:\/\/kulturweit.blog\/argentinienvillageneralbelgrano\/files\/2023\/01\/DSC_0590-1536x1024.jpg 1536w, https:\/\/kulturweit.blog\/argentinienvillageneralbelgrano\/files\/2023\/01\/DSC_0590.jpg 1620w\" sizes=\"(max-width: 1024px) 100vw, 1024px\" \/><\/figure>\r\n\r\n<p>&nbsp;<\/p>\r\n\r\n<figure class=\"wp-block-image\"><img loading=\"lazy\" decoding=\"async\" width=\"1024\" height=\"683\" class=\"wp-image-776\" src=\"https:\/\/kulturweit.blog\/argentinienvillageneralbelgrano\/files\/2023\/01\/DSC_0620-1024x683.jpg\" alt=\"\" srcset=\"https:\/\/kulturweit.blog\/argentinienvillageneralbelgrano\/files\/2023\/01\/DSC_0620-1024x683.jpg 1024w, https:\/\/kulturweit.blog\/argentinienvillageneralbelgrano\/files\/2023\/01\/DSC_0620-300x200.jpg 300w, https:\/\/kulturweit.blog\/argentinienvillageneralbelgrano\/files\/2023\/01\/DSC_0620-768x512.jpg 768w, https:\/\/kulturweit.blog\/argentinienvillageneralbelgrano\/files\/2023\/01\/DSC_0620-1536x1024.jpg 1536w, https:\/\/kulturweit.blog\/argentinienvillageneralbelgrano\/files\/2023\/01\/DSC_0620.jpg 1620w\" sizes=\"(max-width: 1024px) 100vw, 1024px\" \/><\/figure>\r\n\r\n<p>&nbsp;<\/p>\r\n\r\n<figure class=\"wp-block-image\"><img loading=\"lazy\" decoding=\"async\" width=\"1024\" height=\"683\" class=\"wp-image-779\" src=\"https:\/\/kulturweit.blog\/argentinienvillageneralbelgrano\/files\/2023\/01\/DSC_0618-1024x683.jpg\" alt=\"\" srcset=\"https:\/\/kulturweit.blog\/argentinienvillageneralbelgrano\/files\/2023\/01\/DSC_0618-1024x683.jpg 1024w, https:\/\/kulturweit.blog\/argentinienvillageneralbelgrano\/files\/2023\/01\/DSC_0618-300x200.jpg 300w, https:\/\/kulturweit.blog\/argentinienvillageneralbelgrano\/files\/2023\/01\/DSC_0618-768x512.jpg 768w, https:\/\/kulturweit.blog\/argentinienvillageneralbelgrano\/files\/2023\/01\/DSC_0618-1536x1024.jpg 1536w, https:\/\/kulturweit.blog\/argentinienvillageneralbelgrano\/files\/2023\/01\/DSC_0618.jpg 1620w\" sizes=\"(max-width: 1024px) 100vw, 1024px\" \/>\r\n<figcaption class=\"wp-element-caption\">Ein Viscacha<\/figcaption>\r\n<\/figure>\r\n\r\n<p>&nbsp;<\/p>\r\n\r\n<figure class=\"wp-block-image\"><img loading=\"lazy\" decoding=\"async\" width=\"1024\" height=\"683\" class=\"wp-image-777\" src=\"https:\/\/kulturweit.blog\/argentinienvillageneralbelgrano\/files\/2023\/01\/DSC_0628-1024x683.jpg\" alt=\"\" srcset=\"https:\/\/kulturweit.blog\/argentinienvillageneralbelgrano\/files\/2023\/01\/DSC_0628-1024x683.jpg 1024w, https:\/\/kulturweit.blog\/argentinienvillageneralbelgrano\/files\/2023\/01\/DSC_0628-300x200.jpg 300w, https:\/\/kulturweit.blog\/argentinienvillageneralbelgrano\/files\/2023\/01\/DSC_0628-768x512.jpg 768w, https:\/\/kulturweit.blog\/argentinienvillageneralbelgrano\/files\/2023\/01\/DSC_0628-1536x1024.jpg 1536w, https:\/\/kulturweit.blog\/argentinienvillageneralbelgrano\/files\/2023\/01\/DSC_0628.jpg 1620w\" sizes=\"(max-width: 1024px) 100vw, 1024px\" \/>\r\n<figcaption class=\"wp-element-caption\">Die Silhouette von Pablo Neruda<\/figcaption>\r\n<\/figure>\r\n\r\n<p>&nbsp;<\/p>\r\n\r\n<figure class=\"wp-block-image\"><img loading=\"lazy\" decoding=\"async\" width=\"1024\" height=\"683\" class=\"wp-image-780\" src=\"https:\/\/kulturweit.blog\/argentinienvillageneralbelgrano\/files\/2023\/01\/DSC_0640-1024x683.jpg\" alt=\"\" srcset=\"https:\/\/kulturweit.blog\/argentinienvillageneralbelgrano\/files\/2023\/01\/DSC_0640-1024x683.jpg 1024w, https:\/\/kulturweit.blog\/argentinienvillageneralbelgrano\/files\/2023\/01\/DSC_0640-300x200.jpg 300w, https:\/\/kulturweit.blog\/argentinienvillageneralbelgrano\/files\/2023\/01\/DSC_0640-768x512.jpg 768w, https:\/\/kulturweit.blog\/argentinienvillageneralbelgrano\/files\/2023\/01\/DSC_0640-1536x1024.jpg 1536w, https:\/\/kulturweit.blog\/argentinienvillageneralbelgrano\/files\/2023\/01\/DSC_0640.jpg 1620w\" sizes=\"(max-width: 1024px) 100vw, 1024px\" \/>\r\n<figcaption class=\"wp-element-caption\">Geysire in el Tatio<\/figcaption>\r\n<\/figure>\r\n\r\n\r\n\r\n\r\n\r\n\r\n\r\n\r\n\r\n\r\n\r\n\r\n\r\n\r\n\r\n<figure class=\"wp-block-image\"><img loading=\"lazy\" decoding=\"async\" width=\"1024\" height=\"683\" class=\"wp-image-796\" src=\"https:\/\/kulturweit.blog\/argentinienvillageneralbelgrano\/files\/2023\/01\/DSC_0674-1024x683.jpg\" alt=\"\" srcset=\"https:\/\/kulturweit.blog\/argentinienvillageneralbelgrano\/files\/2023\/01\/DSC_0674-1024x683.jpg 1024w, https:\/\/kulturweit.blog\/argentinienvillageneralbelgrano\/files\/2023\/01\/DSC_0674-300x200.jpg 300w, https:\/\/kulturweit.blog\/argentinienvillageneralbelgrano\/files\/2023\/01\/DSC_0674-768x512.jpg 768w, https:\/\/kulturweit.blog\/argentinienvillageneralbelgrano\/files\/2023\/01\/DSC_0674-1536x1024.jpg 1536w, https:\/\/kulturweit.blog\/argentinienvillageneralbelgrano\/files\/2023\/01\/DSC_0674.jpg 1620w\" sizes=\"(max-width: 1024px) 100vw, 1024px\" \/><\/figure>\r\n\r\n<p>&nbsp;<\/p>\r\n\r\n<figure class=\"wp-block-image\"><img loading=\"lazy\" decoding=\"async\" width=\"1024\" height=\"683\" class=\"wp-image-798\" src=\"https:\/\/kulturweit.blog\/argentinienvillageneralbelgrano\/files\/2023\/01\/DSC_0677-1024x683.jpg\" alt=\"\" srcset=\"https:\/\/kulturweit.blog\/argentinienvillageneralbelgrano\/files\/2023\/01\/DSC_0677-1024x683.jpg 1024w, https:\/\/kulturweit.blog\/argentinienvillageneralbelgrano\/files\/2023\/01\/DSC_0677-300x200.jpg 300w, https:\/\/kulturweit.blog\/argentinienvillageneralbelgrano\/files\/2023\/01\/DSC_0677-768x512.jpg 768w, https:\/\/kulturweit.blog\/argentinienvillageneralbelgrano\/files\/2023\/01\/DSC_0677-1536x1024.jpg 1536w, https:\/\/kulturweit.blog\/argentinienvillageneralbelgrano\/files\/2023\/01\/DSC_0677.jpg 1620w\" sizes=\"(max-width: 1024px) 100vw, 1024px\" \/><\/figure>\r\n\r\n\r\n\r\n\r\n\r\n\r\n\r\n\r\n\r\n<figure class=\"wp-block-image\"><img loading=\"lazy\" decoding=\"async\" width=\"1024\" height=\"683\" class=\"wp-image-785\" src=\"https:\/\/kulturweit.blog\/argentinienvillageneralbelgrano\/files\/2023\/01\/DSC_0668-1024x683.jpg\" alt=\"\" srcset=\"https:\/\/kulturweit.blog\/argentinienvillageneralbelgrano\/files\/2023\/01\/DSC_0668-1024x683.jpg 1024w, https:\/\/kulturweit.blog\/argentinienvillageneralbelgrano\/files\/2023\/01\/DSC_0668-300x200.jpg 300w, https:\/\/kulturweit.blog\/argentinienvillageneralbelgrano\/files\/2023\/01\/DSC_0668-768x512.jpg 768w, https:\/\/kulturweit.blog\/argentinienvillageneralbelgrano\/files\/2023\/01\/DSC_0668-1536x1024.jpg 1536w, https:\/\/kulturweit.blog\/argentinienvillageneralbelgrano\/files\/2023\/01\/DSC_0668.jpg 1620w\" sizes=\"(max-width: 1024px) 100vw, 1024px\" \/><\/figure>\r\n\r\n<p>&nbsp;<\/p>\r\n\r\n<figure class=\"wp-block-image\"><img loading=\"lazy\" decoding=\"async\" width=\"1024\" height=\"683\" class=\"wp-image-787\" src=\"https:\/\/kulturweit.blog\/argentinienvillageneralbelgrano\/files\/2023\/01\/DSC_0709-1024x683.jpg\" alt=\"\" srcset=\"https:\/\/kulturweit.blog\/argentinienvillageneralbelgrano\/files\/2023\/01\/DSC_0709-1024x683.jpg 1024w, https:\/\/kulturweit.blog\/argentinienvillageneralbelgrano\/files\/2023\/01\/DSC_0709-300x200.jpg 300w, https:\/\/kulturweit.blog\/argentinienvillageneralbelgrano\/files\/2023\/01\/DSC_0709-768x512.jpg 768w, https:\/\/kulturweit.blog\/argentinienvillageneralbelgrano\/files\/2023\/01\/DSC_0709-1536x1024.jpg 1536w, https:\/\/kulturweit.blog\/argentinienvillageneralbelgrano\/files\/2023\/01\/DSC_0709.jpg 1620w\" sizes=\"(max-width: 1024px) 100vw, 1024px\" \/><\/figure>\r\n\r\n<p>&nbsp;<\/p>\r\n\r\n<p>&nbsp;<\/p>\r\n\r\n<figure class=\"wp-block-image\"><img loading=\"lazy\" decoding=\"async\" width=\"1024\" height=\"683\" class=\"wp-image-784\" src=\"https:\/\/kulturweit.blog\/argentinienvillageneralbelgrano\/files\/2023\/01\/DSC_0719-1024x683.jpg\" alt=\"\" srcset=\"https:\/\/kulturweit.blog\/argentinienvillageneralbelgrano\/files\/2023\/01\/DSC_0719-1024x683.jpg 1024w, https:\/\/kulturweit.blog\/argentinienvillageneralbelgrano\/files\/2023\/01\/DSC_0719-300x200.jpg 300w, https:\/\/kulturweit.blog\/argentinienvillageneralbelgrano\/files\/2023\/01\/DSC_0719-768x512.jpg 768w, https:\/\/kulturweit.blog\/argentinienvillageneralbelgrano\/files\/2023\/01\/DSC_0719-1536x1024.jpg 1536w, https:\/\/kulturweit.blog\/argentinienvillageneralbelgrano\/files\/2023\/01\/DSC_0719.jpg 1620w\" sizes=\"(max-width: 1024px) 100vw, 1024px\" \/><\/figure>\r\n\r\n<p>&nbsp;<\/p>\r\n\r\n<figure class=\"wp-block-image\"><img loading=\"lazy\" decoding=\"async\" width=\"1024\" height=\"683\" class=\"wp-image-794\" src=\"https:\/\/kulturweit.blog\/argentinienvillageneralbelgrano\/files\/2023\/01\/DSC_0751-1024x683.jpg\" alt=\"\" srcset=\"https:\/\/kulturweit.blog\/argentinienvillageneralbelgrano\/files\/2023\/01\/DSC_0751-1024x683.jpg 1024w, https:\/\/kulturweit.blog\/argentinienvillageneralbelgrano\/files\/2023\/01\/DSC_0751-300x200.jpg 300w, https:\/\/kulturweit.blog\/argentinienvillageneralbelgrano\/files\/2023\/01\/DSC_0751-768x512.jpg 768w, https:\/\/kulturweit.blog\/argentinienvillageneralbelgrano\/files\/2023\/01\/DSC_0751-1536x1024.jpg 1536w, https:\/\/kulturweit.blog\/argentinienvillageneralbelgrano\/files\/2023\/01\/DSC_0751.jpg 1620w\" sizes=\"(max-width: 1024px) 100vw, 1024px\" \/><\/figure>\r\n\r\n<p>&nbsp;<\/p>\r\n\r\n<figure class=\"wp-block-image\"><img loading=\"lazy\" decoding=\"async\" width=\"1024\" height=\"683\" class=\"wp-image-786\" src=\"https:\/\/kulturweit.blog\/argentinienvillageneralbelgrano\/files\/2023\/01\/DSC_0753-1024x683.jpg\" alt=\"\" srcset=\"https:\/\/kulturweit.blog\/argentinienvillageneralbelgrano\/files\/2023\/01\/DSC_0753-1024x683.jpg 1024w, https:\/\/kulturweit.blog\/argentinienvillageneralbelgrano\/files\/2023\/01\/DSC_0753-300x200.jpg 300w, https:\/\/kulturweit.blog\/argentinienvillageneralbelgrano\/files\/2023\/01\/DSC_0753-768x512.jpg 768w, https:\/\/kulturweit.blog\/argentinienvillageneralbelgrano\/files\/2023\/01\/DSC_0753-1536x1024.jpg 1536w, https:\/\/kulturweit.blog\/argentinienvillageneralbelgrano\/files\/2023\/01\/DSC_0753.jpg 1620w\" sizes=\"(max-width: 1024px) 100vw, 1024px\" \/><\/figure>\r\n\r\n<p>&nbsp;<\/p>\r\n\r\n<figure class=\"wp-block-image\"><img loading=\"lazy\" decoding=\"async\" width=\"1024\" height=\"683\" class=\"wp-image-791\" src=\"https:\/\/kulturweit.blog\/argentinienvillageneralbelgrano\/files\/2023\/01\/DSC_0764-1024x683.jpg\" alt=\"\" srcset=\"https:\/\/kulturweit.blog\/argentinienvillageneralbelgrano\/files\/2023\/01\/DSC_0764-1024x683.jpg 1024w, https:\/\/kulturweit.blog\/argentinienvillageneralbelgrano\/files\/2023\/01\/DSC_0764-300x200.jpg 300w, https:\/\/kulturweit.blog\/argentinienvillageneralbelgrano\/files\/2023\/01\/DSC_0764-768x512.jpg 768w, https:\/\/kulturweit.blog\/argentinienvillageneralbelgrano\/files\/2023\/01\/DSC_0764-1536x1024.jpg 1536w, https:\/\/kulturweit.blog\/argentinienvillageneralbelgrano\/files\/2023\/01\/DSC_0764.jpg 1620w\" sizes=\"(max-width: 1024px) 100vw, 1024px\" \/><\/figure>\r\n\r\n<p>&nbsp;<\/p>\r\n\r\n<figure class=\"wp-block-image\"><img loading=\"lazy\" decoding=\"async\" width=\"1024\" height=\"683\" class=\"wp-image-800\" src=\"https:\/\/kulturweit.blog\/argentinienvillageneralbelgrano\/files\/2023\/01\/DSC_0783-1024x683.jpg\" alt=\"\" srcset=\"https:\/\/kulturweit.blog\/argentinienvillageneralbelgrano\/files\/2023\/01\/DSC_0783-1024x683.jpg 1024w, https:\/\/kulturweit.blog\/argentinienvillageneralbelgrano\/files\/2023\/01\/DSC_0783-300x200.jpg 300w, https:\/\/kulturweit.blog\/argentinienvillageneralbelgrano\/files\/2023\/01\/DSC_0783-768x512.jpg 768w, https:\/\/kulturweit.blog\/argentinienvillageneralbelgrano\/files\/2023\/01\/DSC_0783-1536x1024.jpg 1536w, https:\/\/kulturweit.blog\/argentinienvillageneralbelgrano\/files\/2023\/01\/DSC_0783.jpg 1620w\" sizes=\"(max-width: 1024px) 100vw, 1024px\" \/><\/figure>\r\n\r\n<p>&nbsp;<\/p>\r\n\r\n<p>&nbsp;<\/p>\r\n","protected":false},"excerpt":{"rendered":"<p>Endlich in der Atacama W\u00fcste! Das Ziel meiner Reise, denn ich wollte dem ALMA Teleskop (Atacama Large Millimeter\/submillimeter Array) einen Besuch abstatten. Ein beeindruckendes Radiote\u00f6eskop auf 5000 m H\u00f6he. Es besteht aus mehreren Antennen, die sich frei beweglich an mehreren Orten zusammen schalten lassen. &nbsp; Doch leider gibt es seit der Pandemie keine F\u00fchrungen mehr. &hellip; <span class=\"more-link\"><a href=\"https:\/\/kulturweit.blog\/argentinienvillageneralbelgrano\/2023\/01\/31\/atacama\/\">Mehr lesen &raquo;<\/a><\/span><\/p>\n","protected":false},"author":3061,"featured_media":796,"comment_status":"open","ping_status":"open","sticky":false,"template":"","format":"standard","meta":{"footnotes":""},"categories":[21,138],"tags":[],"class_list":["post-801","post","type-post","status-publish","format-standard","has-post-thumbnail","hentry","category-allgemein","category-reise"],"amp_enabled":true,"_links":{"self":[{"href":"https:\/\/kulturweit.blog\/argentinienvillageneralbelgrano\/wp-json\/wp\/v2\/posts\/801"}],"collection":[{"href":"https:\/\/kulturweit.blog\/argentinienvillageneralbelgrano\/wp-json\/wp\/v2\/posts"}],"about":[{"href":"https:\/\/kulturweit.blog\/argentinienvillageneralbelgrano\/wp-json\/wp\/v2\/types\/post"}],"author":[{"embeddable":true,"href":"https:\/\/kulturweit.blog\/argentinienvillageneralbelgrano\/wp-json\/wp\/v2\/users\/3061"}],"replies":[{"embeddable":true,"href":"https:\/\/kulturweit.blog\/argentinienvillageneralbelgrano\/wp-json\/wp\/v2\/comments?post=801"}],"version-history":[{"count":3,"href":"https:\/\/kulturweit.blog\/argentinienvillageneralbelgrano\/wp-json\/wp\/v2\/posts\/801\/revisions"}],"predecessor-version":[{"id":843,"href":"https:\/\/kulturweit.blog\/argentinienvillageneralbelgrano\/wp-json\/wp\/v2\/posts\/801\/revisions\/843"}],"wp:featuredmedia":[{"embeddable":true,"href":"https:\/\/kulturweit.blog\/argentinienvillageneralbelgrano\/wp-json\/wp\/v2\/media\/796"}],"wp:attachment":[{"href":"https:\/\/kulturweit.blog\/argentinienvillageneralbelgrano\/wp-json\/wp\/v2\/media?parent=801"}],"wp:term":[{"taxonomy":"category","embeddable":true,"href":"https:\/\/kulturweit.blog\/argentinienvillageneralbelgrano\/wp-json\/wp\/v2\/categories?post=801"},{"taxonomy":"post_tag","embeddable":true,"href":"https:\/\/kulturweit.blog\/argentinienvillageneralbelgrano\/wp-json\/wp\/v2\/tags?post=801"}],"curies":[{"name":"wp","href":"https:\/\/api.w.org\/{rel}","templated":true}]}}