{"id":711,"date":"2023-01-31T12:11:23","date_gmt":"2023-01-31T15:11:23","guid":{"rendered":"https:\/\/kulturweit.blog\/argentinienvillageneralbelgrano\/?p=711"},"modified":"2023-02-27T19:11:45","modified_gmt":"2023-02-27T22:11:45","slug":"ein-nobelpreis-und-doch-ein-bisschen-astronomie","status":"publish","type":"post","link":"https:\/\/kulturweit.blog\/argentinienvillageneralbelgrano\/2023\/01\/31\/ein-nobelpreis-und-doch-ein-bisschen-astronomie\/","title":{"rendered":"Ein Nobelpreis und doch ein bisschen Astronomie"},"content":{"rendered":"\r\n<p>Zu Beginn war ich ziemlich \u00fcberfordert mit der Hauptstadt Santiago de Chile. Doch als ich erstmal herausgefunden hatte, wie die Schilder f\u00fcr die U-Bahn Stationen aussehen und dass tats\u00e4chlich alle Busse das selbe Bezahlsystem besitzen, kam ich dann eigentlich ganz gut klar. Nat\u00fcrlich war es nun nicht mehr m\u00f6glich, vier Museen an einem Tag zu besuchen, weil alles so weit auseinander liegt und eine Millionenstadt viel anstrengender ist. Doch ich denke, ich habe doch einen ganz guten Eindruck bekommen.<\/p>\r\n\r\n\r\n\r\n<figure class=\"wp-block-image size-large\"><img loading=\"lazy\" decoding=\"async\" width=\"1024\" height=\"683\" class=\"wp-image-721\" src=\"https:\/\/kulturweit.blog\/argentinienvillageneralbelgrano\/files\/2023\/01\/DSC_0324-1024x683.jpg\" alt=\"\" srcset=\"https:\/\/kulturweit.blog\/argentinienvillageneralbelgrano\/files\/2023\/01\/DSC_0324-1024x683.jpg 1024w, https:\/\/kulturweit.blog\/argentinienvillageneralbelgrano\/files\/2023\/01\/DSC_0324-300x200.jpg 300w, https:\/\/kulturweit.blog\/argentinienvillageneralbelgrano\/files\/2023\/01\/DSC_0324-768x512.jpg 768w, https:\/\/kulturweit.blog\/argentinienvillageneralbelgrano\/files\/2023\/01\/DSC_0324-1536x1024.jpg 1536w, https:\/\/kulturweit.blog\/argentinienvillageneralbelgrano\/files\/2023\/01\/DSC_0324.jpg 1620w\" sizes=\"(max-width: 1024px) 100vw, 1024px\" \/><\/figure>\r\n\r\n\r\n\r\n<figure class=\"wp-block-image\"><img loading=\"lazy\" decoding=\"async\" width=\"1024\" height=\"683\" class=\"wp-image-724\" src=\"https:\/\/kulturweit.blog\/argentinienvillageneralbelgrano\/files\/2023\/01\/DSC_0325-1024x683.jpg\" alt=\"\" srcset=\"https:\/\/kulturweit.blog\/argentinienvillageneralbelgrano\/files\/2023\/01\/DSC_0325-1024x683.jpg 1024w, https:\/\/kulturweit.blog\/argentinienvillageneralbelgrano\/files\/2023\/01\/DSC_0325-300x200.jpg 300w, https:\/\/kulturweit.blog\/argentinienvillageneralbelgrano\/files\/2023\/01\/DSC_0325-768x512.jpg 768w, https:\/\/kulturweit.blog\/argentinienvillageneralbelgrano\/files\/2023\/01\/DSC_0325-1536x1024.jpg 1536w, https:\/\/kulturweit.blog\/argentinienvillageneralbelgrano\/files\/2023\/01\/DSC_0325.jpg 1620w\" sizes=\"(max-width: 1024px) 100vw, 1024px\" \/><\/figure>\r\n\r\n\r\n\r\n<figure class=\"wp-block-image\"><img loading=\"lazy\" decoding=\"async\" width=\"1024\" height=\"683\" class=\"wp-image-726\" src=\"https:\/\/kulturweit.blog\/argentinienvillageneralbelgrano\/files\/2023\/01\/DSC_0339-1024x683.jpg\" alt=\"\" srcset=\"https:\/\/kulturweit.blog\/argentinienvillageneralbelgrano\/files\/2023\/01\/DSC_0339-1024x683.jpg 1024w, https:\/\/kulturweit.blog\/argentinienvillageneralbelgrano\/files\/2023\/01\/DSC_0339-300x200.jpg 300w, https:\/\/kulturweit.blog\/argentinienvillageneralbelgrano\/files\/2023\/01\/DSC_0339-768x512.jpg 768w, https:\/\/kulturweit.blog\/argentinienvillageneralbelgrano\/files\/2023\/01\/DSC_0339-1536x1024.jpg 1536w, https:\/\/kulturweit.blog\/argentinienvillageneralbelgrano\/files\/2023\/01\/DSC_0339.jpg 1620w\" sizes=\"(max-width: 1024px) 100vw, 1024px\" \/>\r\n<figcaption class=\"wp-element-caption\">Das Museum &#8220; la Chascona&#8220; ist ein ehemaliges Wohnhaus von Pablo Neruda, ein Buchautor, Dichter und Literarturnobelpreistr\u00e4ger.<\/figcaption>\r\n<\/figure>\r\n\r\n\r\n\r\n<figure class=\"wp-block-image\"><img loading=\"lazy\" decoding=\"async\" width=\"1024\" height=\"683\" class=\"wp-image-722\" src=\"https:\/\/kulturweit.blog\/argentinienvillageneralbelgrano\/files\/2023\/01\/DSC_0327-1024x683.jpg\" alt=\"\" srcset=\"https:\/\/kulturweit.blog\/argentinienvillageneralbelgrano\/files\/2023\/01\/DSC_0327-1024x683.jpg 1024w, https:\/\/kulturweit.blog\/argentinienvillageneralbelgrano\/files\/2023\/01\/DSC_0327-300x200.jpg 300w, https:\/\/kulturweit.blog\/argentinienvillageneralbelgrano\/files\/2023\/01\/DSC_0327-768x512.jpg 768w, https:\/\/kulturweit.blog\/argentinienvillageneralbelgrano\/files\/2023\/01\/DSC_0327-1536x1024.jpg 1536w, https:\/\/kulturweit.blog\/argentinienvillageneralbelgrano\/files\/2023\/01\/DSC_0327.jpg 1620w\" sizes=\"(max-width: 1024px) 100vw, 1024px\" \/><\/figure>\r\n\r\n\r\n\r\n<figure class=\"wp-block-image\"><img loading=\"lazy\" decoding=\"async\" width=\"683\" height=\"1024\" class=\"wp-image-720\" src=\"https:\/\/kulturweit.blog\/argentinienvillageneralbelgrano\/files\/2023\/01\/dsc_03301686180663876958578-683x1024.jpg\" alt=\"\" srcset=\"https:\/\/kulturweit.blog\/argentinienvillageneralbelgrano\/files\/2023\/01\/dsc_03301686180663876958578-683x1024.jpg 683w, https:\/\/kulturweit.blog\/argentinienvillageneralbelgrano\/files\/2023\/01\/dsc_03301686180663876958578-300x450.jpg 300w, https:\/\/kulturweit.blog\/argentinienvillageneralbelgrano\/files\/2023\/01\/dsc_03301686180663876958578-768x1152.jpg 768w, https:\/\/kulturweit.blog\/argentinienvillageneralbelgrano\/files\/2023\/01\/dsc_03301686180663876958578-1024x1536.jpg 1024w, https:\/\/kulturweit.blog\/argentinienvillageneralbelgrano\/files\/2023\/01\/dsc_03301686180663876958578.jpg 1080w\" sizes=\"(max-width: 683px) 100vw, 683px\" \/>\r\n<figcaption class=\"wp-element-caption\">Das Haus hat er selbst bauen lassen und ist ziemlich verwinkelt.<\/figcaption>\r\n<\/figure>\r\n\r\n\r\n\r\n<figure class=\"wp-block-image\"><img decoding=\"async\" class=\"wp-image-725\" src=\"https:\/\/kulturweit.blog\/argentinienvillageneralbelgrano\/files\/2023\/01\/DSC_0333-1024x683.jpg\" alt=\"\" \/><\/figure>\r\n\r\n\r\n\r\n<figure class=\"wp-block-image\"><img loading=\"lazy\" decoding=\"async\" width=\"1024\" height=\"683\" class=\"wp-image-723\" src=\"https:\/\/kulturweit.blog\/argentinienvillageneralbelgrano\/files\/2023\/01\/DSC_0335-1024x683.jpg\" alt=\"\" srcset=\"https:\/\/kulturweit.blog\/argentinienvillageneralbelgrano\/files\/2023\/01\/DSC_0335-1024x683.jpg 1024w, https:\/\/kulturweit.blog\/argentinienvillageneralbelgrano\/files\/2023\/01\/DSC_0335-300x200.jpg 300w, https:\/\/kulturweit.blog\/argentinienvillageneralbelgrano\/files\/2023\/01\/DSC_0335-768x512.jpg 768w, https:\/\/kulturweit.blog\/argentinienvillageneralbelgrano\/files\/2023\/01\/DSC_0335-1536x1024.jpg 1536w, https:\/\/kulturweit.blog\/argentinienvillageneralbelgrano\/files\/2023\/01\/DSC_0335.jpg 1620w\" sizes=\"(max-width: 1024px) 100vw, 1024px\" \/><\/figure>\r\n\r\n\r\n\r\n<figure class=\"wp-block-image\"><img loading=\"lazy\" decoding=\"async\" width=\"1024\" height=\"683\" class=\"wp-image-727\" src=\"https:\/\/kulturweit.blog\/argentinienvillageneralbelgrano\/files\/2023\/01\/DSC_0370-1024x683.jpg\" alt=\"\" srcset=\"https:\/\/kulturweit.blog\/argentinienvillageneralbelgrano\/files\/2023\/01\/DSC_0370-1024x683.jpg 1024w, https:\/\/kulturweit.blog\/argentinienvillageneralbelgrano\/files\/2023\/01\/DSC_0370-300x200.jpg 300w, https:\/\/kulturweit.blog\/argentinienvillageneralbelgrano\/files\/2023\/01\/DSC_0370-768x512.jpg 768w, https:\/\/kulturweit.blog\/argentinienvillageneralbelgrano\/files\/2023\/01\/DSC_0370-1536x1024.jpg 1536w, https:\/\/kulturweit.blog\/argentinienvillageneralbelgrano\/files\/2023\/01\/DSC_0370.jpg 1620w\" sizes=\"(max-width: 1024px) 100vw, 1024px\" \/><\/figure>\r\n\r\n\r\n\r\n<figure class=\"wp-block-image size-large\"><img loading=\"lazy\" decoding=\"async\" width=\"1024\" height=\"683\" class=\"wp-image-734\" src=\"https:\/\/kulturweit.blog\/argentinienvillageneralbelgrano\/files\/2023\/01\/DSC_0342-1024x683.jpg\" alt=\"\" srcset=\"https:\/\/kulturweit.blog\/argentinienvillageneralbelgrano\/files\/2023\/01\/DSC_0342-1024x683.jpg 1024w, https:\/\/kulturweit.blog\/argentinienvillageneralbelgrano\/files\/2023\/01\/DSC_0342-300x200.jpg 300w, https:\/\/kulturweit.blog\/argentinienvillageneralbelgrano\/files\/2023\/01\/DSC_0342-768x512.jpg 768w, https:\/\/kulturweit.blog\/argentinienvillageneralbelgrano\/files\/2023\/01\/DSC_0342-1536x1024.jpg 1536w, https:\/\/kulturweit.blog\/argentinienvillageneralbelgrano\/files\/2023\/01\/DSC_0342.jpg 1620w\" sizes=\"(max-width: 1024px) 100vw, 1024px\" \/>\r\n<figcaption class=\"wp-element-caption\">Auch in Santiago gibt es eine Menge Parks und auch ein paar Berge mitten in der Stadt.<\/figcaption>\r\n<\/figure>\r\n\r\n\r\n\r\n<figure class=\"wp-block-image\"><img loading=\"lazy\" decoding=\"async\" width=\"1024\" height=\"683\" class=\"wp-image-733\" src=\"https:\/\/kulturweit.blog\/argentinienvillageneralbelgrano\/files\/2023\/01\/DSC_0348-1024x683.jpg\" alt=\"\" srcset=\"https:\/\/kulturweit.blog\/argentinienvillageneralbelgrano\/files\/2023\/01\/DSC_0348-1024x683.jpg 1024w, https:\/\/kulturweit.blog\/argentinienvillageneralbelgrano\/files\/2023\/01\/DSC_0348-300x200.jpg 300w, https:\/\/kulturweit.blog\/argentinienvillageneralbelgrano\/files\/2023\/01\/DSC_0348-768x512.jpg 768w, https:\/\/kulturweit.blog\/argentinienvillageneralbelgrano\/files\/2023\/01\/DSC_0348-1536x1024.jpg 1536w, https:\/\/kulturweit.blog\/argentinienvillageneralbelgrano\/files\/2023\/01\/DSC_0348.jpg 1620w\" sizes=\"(max-width: 1024px) 100vw, 1024px\" \/>\r\n<figcaption class=\"wp-element-caption\">Und einen Gro\u00dfen Friedhof, der eher einer Friedhofsstadt \u00e4hnelt. Hier wurden viele Pers\u00f6nlichkeiten wie Pr\u00e4sidenten Chiles beerdigt. Und sogar Erich Honecker einge\u00e4schert. Aber sein Grab habe ich vergeblich gesucht. Seine Frau wollte wohl nur Trubel vermeiden und hat seine Asche wieder mitgenommen.<\/figcaption>\r\n<\/figure>\r\n\r\n\r\n\r\n<figure class=\"wp-block-image\"><img decoding=\"async\" class=\"wp-image-732\" src=\"https:\/\/kulturweit.blog\/argentinienvillageneralbelgrano\/files\/2023\/01\/DSC_0349_1-1024x683.jpg\" alt=\"\" \/><\/figure>\r\n\r\n\r\n\r\n\r\n\r\n<figure class=\"wp-block-image\"><img loading=\"lazy\" decoding=\"async\" width=\"1024\" height=\"683\" class=\"wp-image-731\" src=\"https:\/\/kulturweit.blog\/argentinienvillageneralbelgrano\/files\/2023\/01\/DSC_0354-1024x683.jpg\" alt=\"\" srcset=\"https:\/\/kulturweit.blog\/argentinienvillageneralbelgrano\/files\/2023\/01\/DSC_0354-1024x683.jpg 1024w, https:\/\/kulturweit.blog\/argentinienvillageneralbelgrano\/files\/2023\/01\/DSC_0354-300x200.jpg 300w, https:\/\/kulturweit.blog\/argentinienvillageneralbelgrano\/files\/2023\/01\/DSC_0354-768x512.jpg 768w, https:\/\/kulturweit.blog\/argentinienvillageneralbelgrano\/files\/2023\/01\/DSC_0354-1536x1024.jpg 1536w, https:\/\/kulturweit.blog\/argentinienvillageneralbelgrano\/files\/2023\/01\/DSC_0354.jpg 1620w\" sizes=\"(max-width: 1024px) 100vw, 1024px\" \/><\/figure>\r\n\r\n\r\n\r\n<figure class=\"wp-block-image\"><img decoding=\"async\" class=\"wp-image-737\" src=\"https:\/\/kulturweit.blog\/argentinienvillageneralbelgrano\/files\/2023\/01\/DSC_0355-1024x683.jpg\" alt=\"\" \/>\r\n<figcaption class=\"wp-element-caption\">Der Blick auf Santiago vom Cerro San Cristobal<\/figcaption>\r\n<\/figure>\r\n\r\n\r\n\r\n<figure class=\"wp-block-image\"><img loading=\"lazy\" decoding=\"async\" width=\"1024\" height=\"683\" class=\"wp-image-738\" src=\"https:\/\/kulturweit.blog\/argentinienvillageneralbelgrano\/files\/2023\/01\/DSC_0359_1-1024x683.jpg\" alt=\"\" srcset=\"https:\/\/kulturweit.blog\/argentinienvillageneralbelgrano\/files\/2023\/01\/DSC_0359_1-1024x683.jpg 1024w, https:\/\/kulturweit.blog\/argentinienvillageneralbelgrano\/files\/2023\/01\/DSC_0359_1-300x200.jpg 300w, https:\/\/kulturweit.blog\/argentinienvillageneralbelgrano\/files\/2023\/01\/DSC_0359_1-768x512.jpg 768w, https:\/\/kulturweit.blog\/argentinienvillageneralbelgrano\/files\/2023\/01\/DSC_0359_1-1536x1024.jpg 1536w, https:\/\/kulturweit.blog\/argentinienvillageneralbelgrano\/files\/2023\/01\/DSC_0359_1.jpg 1620w\" sizes=\"(max-width: 1024px) 100vw, 1024px\" \/><\/figure>\r\n\r\n\r\n\r\n<figure class=\"wp-block-image\"><img decoding=\"async\" class=\"wp-image-739\" src=\"https:\/\/kulturweit.blog\/argentinienvillageneralbelgrano\/files\/2023\/01\/DSC_0373-1024x683.jpg\" alt=\"\" \/><\/figure>\r\n\r\n\r\n\r\n<figure class=\"wp-block-image\"><img loading=\"lazy\" decoding=\"async\" width=\"1024\" height=\"683\" class=\"wp-image-735\" src=\"https:\/\/kulturweit.blog\/argentinienvillageneralbelgrano\/files\/2023\/01\/DSC_0381-1024x683.jpg\" alt=\"\" srcset=\"https:\/\/kulturweit.blog\/argentinienvillageneralbelgrano\/files\/2023\/01\/DSC_0381-1024x683.jpg 1024w, https:\/\/kulturweit.blog\/argentinienvillageneralbelgrano\/files\/2023\/01\/DSC_0381-300x200.jpg 300w, https:\/\/kulturweit.blog\/argentinienvillageneralbelgrano\/files\/2023\/01\/DSC_0381-768x512.jpg 768w, https:\/\/kulturweit.blog\/argentinienvillageneralbelgrano\/files\/2023\/01\/DSC_0381-1536x1024.jpg 1536w, https:\/\/kulturweit.blog\/argentinienvillageneralbelgrano\/files\/2023\/01\/DSC_0381.jpg 1620w\" sizes=\"(max-width: 1024px) 100vw, 1024px\" \/>\r\n<figcaption class=\"wp-element-caption\">Und hier habe ich tats\u00e4chlich noch ein altes Observatorium gefunden!<\/figcaption>\r\n<\/figure>\r\n\r\n\r\n\r\n<figure class=\"wp-block-image\"><img loading=\"lazy\" decoding=\"async\" width=\"1024\" height=\"683\" class=\"wp-image-742\" src=\"https:\/\/kulturweit.blog\/argentinienvillageneralbelgrano\/files\/2023\/01\/DSC_0377-1024x683.jpg\" alt=\"\" srcset=\"https:\/\/kulturweit.blog\/argentinienvillageneralbelgrano\/files\/2023\/01\/DSC_0377-1024x683.jpg 1024w, https:\/\/kulturweit.blog\/argentinienvillageneralbelgrano\/files\/2023\/01\/DSC_0377-300x200.jpg 300w, https:\/\/kulturweit.blog\/argentinienvillageneralbelgrano\/files\/2023\/01\/DSC_0377-768x512.jpg 768w, https:\/\/kulturweit.blog\/argentinienvillageneralbelgrano\/files\/2023\/01\/DSC_0377-1536x1024.jpg 1536w, https:\/\/kulturweit.blog\/argentinienvillageneralbelgrano\/files\/2023\/01\/DSC_0377.jpg 1620w\" sizes=\"(max-width: 1024px) 100vw, 1024px\" \/><\/figure>\r\n\r\n\r\n\r\n<figure class=\"wp-block-image\"><img decoding=\"async\" class=\"wp-image-741\" src=\"https:\/\/kulturweit.blog\/argentinienvillageneralbelgrano\/files\/2023\/01\/DSC_0383_1-1024x683.jpg\" alt=\"\" \/><\/figure>\r\n\r\n\r\n\r\n<figure class=\"wp-block-image size-large\"><img loading=\"lazy\" decoding=\"async\" width=\"1024\" height=\"768\" class=\"wp-image-695\" src=\"https:\/\/kulturweit.blog\/argentinienvillageneralbelgrano\/files\/2023\/01\/20230120_150344-1024x768.jpg\" alt=\"\" srcset=\"https:\/\/kulturweit.blog\/argentinienvillageneralbelgrano\/files\/2023\/01\/20230120_150344-1024x768.jpg 1024w, https:\/\/kulturweit.blog\/argentinienvillageneralbelgrano\/files\/2023\/01\/20230120_150344-300x225.jpg 300w, https:\/\/kulturweit.blog\/argentinienvillageneralbelgrano\/files\/2023\/01\/20230120_150344-768x576.jpg 768w, https:\/\/kulturweit.blog\/argentinienvillageneralbelgrano\/files\/2023\/01\/20230120_150344-1536x1152.jpg 1536w, https:\/\/kulturweit.blog\/argentinienvillageneralbelgrano\/files\/2023\/01\/20230120_150344-160x120.jpg 160w, https:\/\/kulturweit.blog\/argentinienvillageneralbelgrano\/files\/2023\/01\/20230120_150344.jpg 1920w\" sizes=\"(max-width: 1024px) 100vw, 1024px\" \/>\r\n<figcaption class=\"wp-element-caption\">Das Museum f\u00fcr Pr\u00e4kolumbianosche Kunst war auch sehr beeindruckend.<\/figcaption>\r\n<\/figure>\r\n\r\n\r\n\r\n<figure class=\"wp-block-image size-large\"><img loading=\"lazy\" decoding=\"async\" width=\"451\" height=\"415\" class=\"wp-image-700\" src=\"https:\/\/kulturweit.blog\/argentinienvillageneralbelgrano\/files\/2023\/01\/image_editor_output_image-1690857587-1674546855496.jpg\" alt=\"\" srcset=\"https:\/\/kulturweit.blog\/argentinienvillageneralbelgrano\/files\/2023\/01\/image_editor_output_image-1690857587-1674546855496.jpg 451w, https:\/\/kulturweit.blog\/argentinienvillageneralbelgrano\/files\/2023\/01\/image_editor_output_image-1690857587-1674546855496-300x276.jpg 300w\" sizes=\"(max-width: 451px) 100vw, 451px\" \/><\/figure>\r\n\r\n\r\n\r\n<figure class=\"wp-block-image\"><img loading=\"lazy\" decoding=\"async\" width=\"1024\" height=\"768\" class=\"wp-image-686\" src=\"https:\/\/kulturweit.blog\/argentinienvillageneralbelgrano\/files\/2023\/01\/20230120_152618-1024x768.jpg\" alt=\"\" srcset=\"https:\/\/kulturweit.blog\/argentinienvillageneralbelgrano\/files\/2023\/01\/20230120_152618-1024x768.jpg 1024w, https:\/\/kulturweit.blog\/argentinienvillageneralbelgrano\/files\/2023\/01\/20230120_152618-300x225.jpg 300w, https:\/\/kulturweit.blog\/argentinienvillageneralbelgrano\/files\/2023\/01\/20230120_152618-768x576.jpg 768w, https:\/\/kulturweit.blog\/argentinienvillageneralbelgrano\/files\/2023\/01\/20230120_152618-1536x1152.jpg 1536w, https:\/\/kulturweit.blog\/argentinienvillageneralbelgrano\/files\/2023\/01\/20230120_152618-160x120.jpg 160w, https:\/\/kulturweit.blog\/argentinienvillageneralbelgrano\/files\/2023\/01\/20230120_152618.jpg 1920w\" sizes=\"(max-width: 1024px) 100vw, 1024px\" \/><\/figure>\r\n\r\n\r\n\r\n<figure class=\"wp-block-image\"><img loading=\"lazy\" decoding=\"async\" width=\"1024\" height=\"768\" class=\"wp-image-691\" src=\"https:\/\/kulturweit.blog\/argentinienvillageneralbelgrano\/files\/2023\/01\/20230120_152409-1024x768.jpg\" alt=\"\" srcset=\"https:\/\/kulturweit.blog\/argentinienvillageneralbelgrano\/files\/2023\/01\/20230120_152409-1024x768.jpg 1024w, https:\/\/kulturweit.blog\/argentinienvillageneralbelgrano\/files\/2023\/01\/20230120_152409-300x225.jpg 300w, https:\/\/kulturweit.blog\/argentinienvillageneralbelgrano\/files\/2023\/01\/20230120_152409-768x576.jpg 768w, https:\/\/kulturweit.blog\/argentinienvillageneralbelgrano\/files\/2023\/01\/20230120_152409-1536x1152.jpg 1536w, https:\/\/kulturweit.blog\/argentinienvillageneralbelgrano\/files\/2023\/01\/20230120_152409-160x120.jpg 160w, https:\/\/kulturweit.blog\/argentinienvillageneralbelgrano\/files\/2023\/01\/20230120_152409.jpg 1920w\" sizes=\"(max-width: 1024px) 100vw, 1024px\" \/><\/figure>\r\n\r\n\r\n\r\n<figure class=\"wp-block-image\"><img loading=\"lazy\" decoding=\"async\" width=\"1024\" height=\"1024\" class=\"wp-image-683\" src=\"https:\/\/kulturweit.blog\/argentinienvillageneralbelgrano\/files\/2023\/01\/20230121_154729476827194460214425-1024x1024.jpg\" alt=\"\" srcset=\"https:\/\/kulturweit.blog\/argentinienvillageneralbelgrano\/files\/2023\/01\/20230121_154729476827194460214425-1024x1024.jpg 1024w, https:\/\/kulturweit.blog\/argentinienvillageneralbelgrano\/files\/2023\/01\/20230121_154729476827194460214425-300x300.jpg 300w, https:\/\/kulturweit.blog\/argentinienvillageneralbelgrano\/files\/2023\/01\/20230121_154729476827194460214425-150x150.jpg 150w, https:\/\/kulturweit.blog\/argentinienvillageneralbelgrano\/files\/2023\/01\/20230121_154729476827194460214425-768x768.jpg 768w, https:\/\/kulturweit.blog\/argentinienvillageneralbelgrano\/files\/2023\/01\/20230121_154729476827194460214425-1536x1536.jpg 1536w, https:\/\/kulturweit.blog\/argentinienvillageneralbelgrano\/files\/2023\/01\/20230121_154729476827194460214425.jpg 1920w\" sizes=\"(max-width: 1024px) 100vw, 1024px\" \/>\r\n<figcaption class=\"wp-element-caption\">Und im Museum der Menschenrechte habe ich viel \u00fcber die Geschichte Chiles gelernt. Auch dieser gibt es Diktaturen und verschwundene Menschen.<\/figcaption>\r\n<\/figure>\r\n\r\n\r\n\r\n<figure class=\"wp-block-image\"><img loading=\"lazy\" decoding=\"async\" width=\"1024\" height=\"768\" class=\"wp-image-693\" src=\"https:\/\/kulturweit.blog\/argentinienvillageneralbelgrano\/files\/2023\/01\/20230121_161111-1024x768.jpg\" alt=\"\" srcset=\"https:\/\/kulturweit.blog\/argentinienvillageneralbelgrano\/files\/2023\/01\/20230121_161111-1024x768.jpg 1024w, https:\/\/kulturweit.blog\/argentinienvillageneralbelgrano\/files\/2023\/01\/20230121_161111-300x225.jpg 300w, https:\/\/kulturweit.blog\/argentinienvillageneralbelgrano\/files\/2023\/01\/20230121_161111-768x576.jpg 768w, https:\/\/kulturweit.blog\/argentinienvillageneralbelgrano\/files\/2023\/01\/20230121_161111-1536x1152.jpg 1536w, https:\/\/kulturweit.blog\/argentinienvillageneralbelgrano\/files\/2023\/01\/20230121_161111-160x120.jpg 160w, https:\/\/kulturweit.blog\/argentinienvillageneralbelgrano\/files\/2023\/01\/20230121_161111.jpg 1920w\" sizes=\"(max-width: 1024px) 100vw, 1024px\" \/>\r\n<figcaption class=\"wp-element-caption\">Sowie eine sehr wache Frauenrechtsbeqegung nach den letzten Atemz\u00fcge der Diktatur.<\/figcaption>\r\n<\/figure>\r\n\r\n\r\n\r\n<figure class=\"wp-block-image size-large\"><img loading=\"lazy\" decoding=\"async\" width=\"1024\" height=\"768\" class=\"wp-image-710\" src=\"https:\/\/kulturweit.blog\/argentinienvillageneralbelgrano\/files\/2023\/01\/image_editor_output_image-803798311-1674547210111.jpg\" alt=\"\" srcset=\"https:\/\/kulturweit.blog\/argentinienvillageneralbelgrano\/files\/2023\/01\/image_editor_output_image-803798311-1674547210111.jpg 1024w, https:\/\/kulturweit.blog\/argentinienvillageneralbelgrano\/files\/2023\/01\/image_editor_output_image-803798311-1674547210111-300x225.jpg 300w, https:\/\/kulturweit.blog\/argentinienvillageneralbelgrano\/files\/2023\/01\/image_editor_output_image-803798311-1674547210111-768x576.jpg 768w, https:\/\/kulturweit.blog\/argentinienvillageneralbelgrano\/files\/2023\/01\/image_editor_output_image-803798311-1674547210111-160x120.jpg 160w\" sizes=\"(max-width: 1024px) 100vw, 1024px\" \/><\/figure>\r\n\r\n\r\n\r\n<figure class=\"wp-block-image\"><img loading=\"lazy\" decoding=\"async\" width=\"1024\" height=\"768\" class=\"wp-image-698\" src=\"https:\/\/kulturweit.blog\/argentinienvillageneralbelgrano\/files\/2023\/01\/20230121_161139-1024x768.jpg\" alt=\"\" srcset=\"https:\/\/kulturweit.blog\/argentinienvillageneralbelgrano\/files\/2023\/01\/20230121_161139-1024x768.jpg 1024w, https:\/\/kulturweit.blog\/argentinienvillageneralbelgrano\/files\/2023\/01\/20230121_161139-300x225.jpg 300w, https:\/\/kulturweit.blog\/argentinienvillageneralbelgrano\/files\/2023\/01\/20230121_161139-768x576.jpg 768w, https:\/\/kulturweit.blog\/argentinienvillageneralbelgrano\/files\/2023\/01\/20230121_161139-1536x1152.jpg 1536w, https:\/\/kulturweit.blog\/argentinienvillageneralbelgrano\/files\/2023\/01\/20230121_161139-160x120.jpg 160w, https:\/\/kulturweit.blog\/argentinienvillageneralbelgrano\/files\/2023\/01\/20230121_161139.jpg 1920w\" sizes=\"(max-width: 1024px) 100vw, 1024px\" \/><\/figure>\r\n\r\n\r\n\r\n<figure class=\"wp-block-image size-large\"><img loading=\"lazy\" decoding=\"async\" width=\"1024\" height=\"597\" class=\"wp-image-701\" src=\"https:\/\/kulturweit.blog\/argentinienvillageneralbelgrano\/files\/2023\/01\/image_editor_output_image-895328016-1674546921188.jpg\" alt=\"\" srcset=\"https:\/\/kulturweit.blog\/argentinienvillageneralbelgrano\/files\/2023\/01\/image_editor_output_image-895328016-1674546921188.jpg 1024w, https:\/\/kulturweit.blog\/argentinienvillageneralbelgrano\/files\/2023\/01\/image_editor_output_image-895328016-1674546921188-300x175.jpg 300w, https:\/\/kulturweit.blog\/argentinienvillageneralbelgrano\/files\/2023\/01\/image_editor_output_image-895328016-1674546921188-768x448.jpg 768w\" sizes=\"(max-width: 1024px) 100vw, 1024px\" \/>\r\n<figcaption class=\"wp-element-caption\">Im Planetario USACH sah ich zwei Filme \u00fcber unser Sonnensystem und das Universum an. Ich verstand \u00fcberraschend viel. Manchmal ist Fachspanisch einfacher, da gibt es keine Ortstypischen Redewendungen und Fachbegriffe sind in vielen Sprachen \u00e4hnlich.<\/figcaption>\r\n<\/figure>\r\n\r\n\r\n\r\n<figure class=\"wp-block-image\"><img loading=\"lazy\" decoding=\"async\" width=\"1024\" height=\"768\" class=\"wp-image-696\" src=\"https:\/\/kulturweit.blog\/argentinienvillageneralbelgrano\/files\/2023\/01\/20230121_174603-1024x768.jpg\" alt=\"\" srcset=\"https:\/\/kulturweit.blog\/argentinienvillageneralbelgrano\/files\/2023\/01\/20230121_174603-1024x768.jpg 1024w, https:\/\/kulturweit.blog\/argentinienvillageneralbelgrano\/files\/2023\/01\/20230121_174603-300x225.jpg 300w, https:\/\/kulturweit.blog\/argentinienvillageneralbelgrano\/files\/2023\/01\/20230121_174603-768x576.jpg 768w, https:\/\/kulturweit.blog\/argentinienvillageneralbelgrano\/files\/2023\/01\/20230121_174603-1536x1152.jpg 1536w, https:\/\/kulturweit.blog\/argentinienvillageneralbelgrano\/files\/2023\/01\/20230121_174603-160x120.jpg 160w, https:\/\/kulturweit.blog\/argentinienvillageneralbelgrano\/files\/2023\/01\/20230121_174603.jpg 1920w\" sizes=\"(max-width: 1024px) 100vw, 1024px\" \/><\/figure>\r\n\r\n\r\n\r\n<figure class=\"wp-block-image size-large\"><img decoding=\"async\" class=\"wp-image-702\" src=\"https:\/\/kulturweit.blog\/argentinienvillageneralbelgrano\/files\/2023\/01\/image_editor_output_image-1125511025-1674546942285.jpg\" alt=\"\" \/>\r\n<figcaption class=\"wp-element-caption\">In Santiago gibt es auch wunderbar viel Stra\u00dfenkunst<\/figcaption>\r\n<\/figure>\r\n\r\n\r\n\r\n<figure class=\"wp-block-image size-large\"><img loading=\"lazy\" decoding=\"async\" width=\"479\" height=\"484\" class=\"wp-image-704\" src=\"https:\/\/kulturweit.blog\/argentinienvillageneralbelgrano\/files\/2023\/01\/image_editor_output_image-61789931-1674547022887.jpg\" alt=\"\" srcset=\"https:\/\/kulturweit.blog\/argentinienvillageneralbelgrano\/files\/2023\/01\/image_editor_output_image-61789931-1674547022887.jpg 479w, https:\/\/kulturweit.blog\/argentinienvillageneralbelgrano\/files\/2023\/01\/image_editor_output_image-61789931-1674547022887-300x303.jpg 300w\" sizes=\"(max-width: 479px) 100vw, 479px\" \/><\/figure>\r\n\r\n\r\n\r\n<figure class=\"wp-block-image size-large\"><img loading=\"lazy\" decoding=\"async\" width=\"603\" height=\"690\" class=\"wp-image-705\" src=\"https:\/\/kulturweit.blog\/argentinienvillageneralbelgrano\/files\/2023\/01\/image_editor_output_image-161863673-1674547040681.jpg\" alt=\"\" srcset=\"https:\/\/kulturweit.blog\/argentinienvillageneralbelgrano\/files\/2023\/01\/image_editor_output_image-161863673-1674547040681.jpg 603w, https:\/\/kulturweit.blog\/argentinienvillageneralbelgrano\/files\/2023\/01\/image_editor_output_image-161863673-1674547040681-300x343.jpg 300w\" sizes=\"(max-width: 603px) 100vw, 603px\" \/><\/figure>\r\n\r\n\r\n\r\n<figure class=\"wp-block-image size-large\"><img loading=\"lazy\" decoding=\"async\" width=\"913\" height=\"730\" class=\"wp-image-706\" src=\"https:\/\/kulturweit.blog\/argentinienvillageneralbelgrano\/files\/2023\/01\/image_editor_output_image-1257291602-1674547074857.jpg\" alt=\"\" srcset=\"https:\/\/kulturweit.blog\/argentinienvillageneralbelgrano\/files\/2023\/01\/image_editor_output_image-1257291602-1674547074857.jpg 913w, https:\/\/kulturweit.blog\/argentinienvillageneralbelgrano\/files\/2023\/01\/image_editor_output_image-1257291602-1674547074857-300x240.jpg 300w, https:\/\/kulturweit.blog\/argentinienvillageneralbelgrano\/files\/2023\/01\/image_editor_output_image-1257291602-1674547074857-768x614.jpg 768w\" sizes=\"(max-width: 913px) 100vw, 913px\" \/><\/figure>\r\n\r\n\r\n\r\n<figure class=\"wp-block-image\"><img loading=\"lazy\" decoding=\"async\" width=\"1024\" height=\"768\" class=\"wp-image-697\" src=\"https:\/\/kulturweit.blog\/argentinienvillageneralbelgrano\/files\/2023\/01\/20230123_122551-1024x768.jpg\" alt=\"\" srcset=\"https:\/\/kulturweit.blog\/argentinienvillageneralbelgrano\/files\/2023\/01\/20230123_122551-1024x768.jpg 1024w, https:\/\/kulturweit.blog\/argentinienvillageneralbelgrano\/files\/2023\/01\/20230123_122551-300x225.jpg 300w, https:\/\/kulturweit.blog\/argentinienvillageneralbelgrano\/files\/2023\/01\/20230123_122551-768x576.jpg 768w, https:\/\/kulturweit.blog\/argentinienvillageneralbelgrano\/files\/2023\/01\/20230123_122551-1536x1152.jpg 1536w, https:\/\/kulturweit.blog\/argentinienvillageneralbelgrano\/files\/2023\/01\/20230123_122551-160x120.jpg 160w, https:\/\/kulturweit.blog\/argentinienvillageneralbelgrano\/files\/2023\/01\/20230123_122551.jpg 1920w\" sizes=\"(max-width: 1024px) 100vw, 1024px\" \/>\r\n<figcaption class=\"wp-element-caption\">Mein letzter Tag in Santiago fiel auf einen Montag. Da haben \u00fcblicherweise fast alle Museen zu. Ich fand noch ein geologisches Museum des Ministeriums f\u00fcr Bergbau. Es war dann eher eine Ausstellung f\u00fcr Studenten und nicht f\u00fcr Touristen, aber ich klingelte und durfte es mir trotzdem anschauen.<\/figcaption>\r\n<\/figure>\r\n\r\n\r\n\r\n<figure class=\"wp-block-image size-large\"><img loading=\"lazy\" decoding=\"async\" width=\"1024\" height=\"540\" class=\"wp-image-709\" src=\"https:\/\/kulturweit.blog\/argentinienvillageneralbelgrano\/files\/2023\/01\/image_editor_output_image160738060-1674547160581.jpg\" alt=\"\" srcset=\"https:\/\/kulturweit.blog\/argentinienvillageneralbelgrano\/files\/2023\/01\/image_editor_output_image160738060-1674547160581.jpg 1024w, https:\/\/kulturweit.blog\/argentinienvillageneralbelgrano\/files\/2023\/01\/image_editor_output_image160738060-1674547160581-300x158.jpg 300w, https:\/\/kulturweit.blog\/argentinienvillageneralbelgrano\/files\/2023\/01\/image_editor_output_image160738060-1674547160581-768x405.jpg 768w\" sizes=\"(max-width: 1024px) 100vw, 1024px\" \/>\r\n<figcaption class=\"wp-element-caption\">Ich schaffte es noch rechtzeitig zum Sonnenuntergang auf den Flughafen, wo ich eine Nacht verbrachte, denn mein Flug nach Calama in der N\u00e4he der Atacama W\u00fcste ging um 5:30.<\/figcaption>\r\n<\/figure>\r\n","protected":false},"excerpt":{"rendered":"<p>Zu Beginn war ich ziemlich \u00fcberfordert mit der Hauptstadt Santiago de Chile. Doch als ich erstmal herausgefunden hatte, wie die Schilder f\u00fcr die U-Bahn Stationen aussehen und dass tats\u00e4chlich alle Busse das selbe Bezahlsystem besitzen, kam ich dann eigentlich ganz gut klar. Nat\u00fcrlich war es nun nicht mehr m\u00f6glich, vier Museen an einem Tag zu &hellip; <span class=\"more-link\"><a href=\"https:\/\/kulturweit.blog\/argentinienvillageneralbelgrano\/2023\/01\/31\/ein-nobelpreis-und-doch-ein-bisschen-astronomie\/\">Mehr lesen &raquo;<\/a><\/span><\/p>\n","protected":false},"author":3061,"featured_media":806,"comment_status":"open","ping_status":"open","sticky":false,"template":"","format":"standard","meta":{"footnotes":""},"categories":[138],"tags":[],"class_list":["post-711","post","type-post","status-publish","format-standard","has-post-thumbnail","hentry","category-reise"],"amp_enabled":true,"_links":{"self":[{"href":"https:\/\/kulturweit.blog\/argentinienvillageneralbelgrano\/wp-json\/wp\/v2\/posts\/711"}],"collection":[{"href":"https:\/\/kulturweit.blog\/argentinienvillageneralbelgrano\/wp-json\/wp\/v2\/posts"}],"about":[{"href":"https:\/\/kulturweit.blog\/argentinienvillageneralbelgrano\/wp-json\/wp\/v2\/types\/post"}],"author":[{"embeddable":true,"href":"https:\/\/kulturweit.blog\/argentinienvillageneralbelgrano\/wp-json\/wp\/v2\/users\/3061"}],"replies":[{"embeddable":true,"href":"https:\/\/kulturweit.blog\/argentinienvillageneralbelgrano\/wp-json\/wp\/v2\/comments?post=711"}],"version-history":[{"count":3,"href":"https:\/\/kulturweit.blog\/argentinienvillageneralbelgrano\/wp-json\/wp\/v2\/posts\/711\/revisions"}],"predecessor-version":[{"id":844,"href":"https:\/\/kulturweit.blog\/argentinienvillageneralbelgrano\/wp-json\/wp\/v2\/posts\/711\/revisions\/844"}],"wp:featuredmedia":[{"embeddable":true,"href":"https:\/\/kulturweit.blog\/argentinienvillageneralbelgrano\/wp-json\/wp\/v2\/media\/806"}],"wp:attachment":[{"href":"https:\/\/kulturweit.blog\/argentinienvillageneralbelgrano\/wp-json\/wp\/v2\/media?parent=711"}],"wp:term":[{"taxonomy":"category","embeddable":true,"href":"https:\/\/kulturweit.blog\/argentinienvillageneralbelgrano\/wp-json\/wp\/v2\/categories?post=711"},{"taxonomy":"post_tag","embeddable":true,"href":"https:\/\/kulturweit.blog\/argentinienvillageneralbelgrano\/wp-json\/wp\/v2\/tags?post=711"}],"curies":[{"name":"wp","href":"https:\/\/api.w.org\/{rel}","templated":true}]}}