{"id":679,"date":"2023-01-31T11:31:20","date_gmt":"2023-01-31T14:31:20","guid":{"rendered":"https:\/\/kulturweit.blog\/argentinienvillageneralbelgrano\/?p=679"},"modified":"2023-02-27T19:12:14","modified_gmt":"2023-02-27T22:12:14","slug":"wein-und-viele-museen-in-mendoza","status":"publish","type":"post","link":"https:\/\/kulturweit.blog\/argentinienvillageneralbelgrano\/2023\/01\/31\/wein-und-viele-museen-in-mendoza\/","title":{"rendered":"Wein und viele Museen in Mendoza"},"content":{"rendered":"\r\n<p>Ich war vier Tage in Mendoza und habe mir &#8222;die sch\u00f6nste Stadt Argentiniens&#8220; angeschaut. So wird sie in meinem Reisef\u00fchrer bezeichnet.<\/p>\r\n\r\n\r\n\r\n<p>Ich besuchte eine Menge Museen einen Park und zum Schluss auch das Weinviertel Maip\u00fa.<\/p>\r\n\r\n\r\n\r\n\r\n\r\n<figure class=\"wp-block-image\"><img loading=\"lazy\" decoding=\"async\" width=\"1024\" height=\"768\" class=\"wp-image-667\" src=\"https:\/\/kulturweit.blog\/argentinienvillageneralbelgrano\/files\/2023\/01\/20230120_113837-1024x768.jpg\" alt=\"\" srcset=\"https:\/\/kulturweit.blog\/argentinienvillageneralbelgrano\/files\/2023\/01\/20230120_113837-1024x768.jpg 1024w, https:\/\/kulturweit.blog\/argentinienvillageneralbelgrano\/files\/2023\/01\/20230120_113837-300x225.jpg 300w, https:\/\/kulturweit.blog\/argentinienvillageneralbelgrano\/files\/2023\/01\/20230120_113837-768x576.jpg 768w, https:\/\/kulturweit.blog\/argentinienvillageneralbelgrano\/files\/2023\/01\/20230120_113837-1536x1152.jpg 1536w, https:\/\/kulturweit.blog\/argentinienvillageneralbelgrano\/files\/2023\/01\/20230120_113837-160x120.jpg 160w, https:\/\/kulturweit.blog\/argentinienvillageneralbelgrano\/files\/2023\/01\/20230120_113837.jpg 1920w\" sizes=\"(max-width: 1024px) 100vw, 1024px\" \/><\/figure>\r\n\r\n\r\n\r\n<figure class=\"wp-block-image size-large\"><img loading=\"lazy\" decoding=\"async\" width=\"331\" height=\"688\" class=\"wp-image-716\" src=\"https:\/\/kulturweit.blog\/argentinienvillageneralbelgrano\/files\/2023\/01\/image_editor_output_image-113340502-1675174585196.jpg\" alt=\"\" srcset=\"https:\/\/kulturweit.blog\/argentinienvillageneralbelgrano\/files\/2023\/01\/image_editor_output_image-113340502-1675174585196.jpg 331w, https:\/\/kulturweit.blog\/argentinienvillageneralbelgrano\/files\/2023\/01\/image_editor_output_image-113340502-1675174585196-289x600.jpg 289w\" sizes=\"(max-width: 331px) 100vw, 331px\" \/><\/figure>\r\n\r\n\r\n\r\n<figure class=\"wp-block-image size-large\"><img loading=\"lazy\" decoding=\"async\" width=\"712\" height=\"312\" class=\"wp-image-717\" src=\"https:\/\/kulturweit.blog\/argentinienvillageneralbelgrano\/files\/2023\/01\/image_editor_output_image-1854401906-1675174608643.jpg\" alt=\"\" srcset=\"https:\/\/kulturweit.blog\/argentinienvillageneralbelgrano\/files\/2023\/01\/image_editor_output_image-1854401906-1675174608643.jpg 712w, https:\/\/kulturweit.blog\/argentinienvillageneralbelgrano\/files\/2023\/01\/image_editor_output_image-1854401906-1675174608643-300x131.jpg 300w\" sizes=\"(max-width: 712px) 100vw, 712px\" \/><\/figure>\r\n\r\n\r\n\r\n<figure class=\"wp-block-image\"><img loading=\"lazy\" decoding=\"async\" width=\"1024\" height=\"485\" class=\"wp-image-670\" src=\"https:\/\/kulturweit.blog\/argentinienvillageneralbelgrano\/files\/2023\/01\/20230120_122132-1024x485.jpg\" alt=\"\" srcset=\"https:\/\/kulturweit.blog\/argentinienvillageneralbelgrano\/files\/2023\/01\/20230120_122132-1024x485.jpg 1024w, https:\/\/kulturweit.blog\/argentinienvillageneralbelgrano\/files\/2023\/01\/20230120_122132-300x142.jpg 300w, https:\/\/kulturweit.blog\/argentinienvillageneralbelgrano\/files\/2023\/01\/20230120_122132-768x364.jpg 768w, https:\/\/kulturweit.blog\/argentinienvillageneralbelgrano\/files\/2023\/01\/20230120_122132-1536x728.jpg 1536w, https:\/\/kulturweit.blog\/argentinienvillageneralbelgrano\/files\/2023\/01\/20230120_122132.jpg 1920w\" sizes=\"(max-width: 1024px) 100vw, 1024px\" \/><\/figure>\r\n\r\n\r\n\r\n<figure class=\"wp-block-image\"><img loading=\"lazy\" decoding=\"async\" width=\"1024\" height=\"768\" class=\"wp-image-671\" src=\"https:\/\/kulturweit.blog\/argentinienvillageneralbelgrano\/files\/2023\/01\/20230119_155217-1024x768.jpg\" alt=\"\" srcset=\"https:\/\/kulturweit.blog\/argentinienvillageneralbelgrano\/files\/2023\/01\/20230119_155217-1024x768.jpg 1024w, https:\/\/kulturweit.blog\/argentinienvillageneralbelgrano\/files\/2023\/01\/20230119_155217-300x225.jpg 300w, https:\/\/kulturweit.blog\/argentinienvillageneralbelgrano\/files\/2023\/01\/20230119_155217-768x576.jpg 768w, https:\/\/kulturweit.blog\/argentinienvillageneralbelgrano\/files\/2023\/01\/20230119_155217-1536x1152.jpg 1536w, https:\/\/kulturweit.blog\/argentinienvillageneralbelgrano\/files\/2023\/01\/20230119_155217-160x120.jpg 160w, https:\/\/kulturweit.blog\/argentinienvillageneralbelgrano\/files\/2023\/01\/20230119_155217.jpg 1920w\" sizes=\"(max-width: 1024px) 100vw, 1024px\" \/><\/figure>\r\n\r\n\r\n\r\n<figure class=\"wp-block-image\"><img decoding=\"async\" class=\"wp-image-674\" src=\"https:\/\/kulturweit.blog\/argentinienvillageneralbelgrano\/files\/2023\/01\/20230118_152714-1024x768.jpg\" alt=\"\" \/>\r\n<figcaption class=\"wp-element-caption\">Ausblick auf Teile von Mendoza vom Cerro de la Gloria<\/figcaption>\r\n<\/figure>\r\n\r\n\r\n\r\n<figure class=\"wp-block-image\"><img loading=\"lazy\" decoding=\"async\" width=\"1024\" height=\"768\" class=\"wp-image-673\" src=\"https:\/\/kulturweit.blog\/argentinienvillageneralbelgrano\/files\/2023\/01\/20230118_153005-1024x768.jpg\" alt=\"\" srcset=\"https:\/\/kulturweit.blog\/argentinienvillageneralbelgrano\/files\/2023\/01\/20230118_153005-1024x768.jpg 1024w, https:\/\/kulturweit.blog\/argentinienvillageneralbelgrano\/files\/2023\/01\/20230118_153005-300x225.jpg 300w, https:\/\/kulturweit.blog\/argentinienvillageneralbelgrano\/files\/2023\/01\/20230118_153005-768x576.jpg 768w, https:\/\/kulturweit.blog\/argentinienvillageneralbelgrano\/files\/2023\/01\/20230118_153005-1536x1152.jpg 1536w, https:\/\/kulturweit.blog\/argentinienvillageneralbelgrano\/files\/2023\/01\/20230118_153005-160x120.jpg 160w, https:\/\/kulturweit.blog\/argentinienvillageneralbelgrano\/files\/2023\/01\/20230118_153005.jpg 1920w\" sizes=\"(max-width: 1024px) 100vw, 1024px\" \/><\/figure>\r\n\r\n\r\n\r\n<figure class=\"wp-block-image\"><img loading=\"lazy\" decoding=\"async\" width=\"1024\" height=\"768\" class=\"wp-image-672\" src=\"https:\/\/kulturweit.blog\/argentinienvillageneralbelgrano\/files\/2023\/01\/20230118_141546-1024x768.jpg\" alt=\"\" srcset=\"https:\/\/kulturweit.blog\/argentinienvillageneralbelgrano\/files\/2023\/01\/20230118_141546-1024x768.jpg 1024w, https:\/\/kulturweit.blog\/argentinienvillageneralbelgrano\/files\/2023\/01\/20230118_141546-300x225.jpg 300w, https:\/\/kulturweit.blog\/argentinienvillageneralbelgrano\/files\/2023\/01\/20230118_141546-768x576.jpg 768w, https:\/\/kulturweit.blog\/argentinienvillageneralbelgrano\/files\/2023\/01\/20230118_141546-1536x1152.jpg 1536w, https:\/\/kulturweit.blog\/argentinienvillageneralbelgrano\/files\/2023\/01\/20230118_141546-160x120.jpg 160w, https:\/\/kulturweit.blog\/argentinienvillageneralbelgrano\/files\/2023\/01\/20230118_141546.jpg 1920w\" sizes=\"(max-width: 1024px) 100vw, 1024px\" \/><\/figure>\r\n\r\n\r\n\r\n<figure class=\"wp-block-image\"><img loading=\"lazy\" decoding=\"async\" width=\"1024\" height=\"768\" class=\"wp-image-675\" src=\"https:\/\/kulturweit.blog\/argentinienvillageneralbelgrano\/files\/2023\/01\/20230118_133524-1024x768.jpg\" alt=\"\" srcset=\"https:\/\/kulturweit.blog\/argentinienvillageneralbelgrano\/files\/2023\/01\/20230118_133524-1024x768.jpg 1024w, https:\/\/kulturweit.blog\/argentinienvillageneralbelgrano\/files\/2023\/01\/20230118_133524-300x225.jpg 300w, https:\/\/kulturweit.blog\/argentinienvillageneralbelgrano\/files\/2023\/01\/20230118_133524-768x576.jpg 768w, https:\/\/kulturweit.blog\/argentinienvillageneralbelgrano\/files\/2023\/01\/20230118_133524-1536x1152.jpg 1536w, https:\/\/kulturweit.blog\/argentinienvillageneralbelgrano\/files\/2023\/01\/20230118_133524-160x120.jpg 160w, https:\/\/kulturweit.blog\/argentinienvillageneralbelgrano\/files\/2023\/01\/20230118_133524.jpg 1920w\" sizes=\"(max-width: 1024px) 100vw, 1024px\" \/>\r\n<figcaption class=\"wp-element-caption\">El parque de General San Martin<\/figcaption>\r\n<\/figure>\r\n\r\n\r\n\r\n<figure class=\"wp-block-image\"><img loading=\"lazy\" decoding=\"async\" width=\"1024\" height=\"768\" class=\"wp-image-677\" src=\"https:\/\/kulturweit.blog\/argentinienvillageneralbelgrano\/files\/2023\/01\/20230118_132247-1024x768.jpg\" alt=\"\" srcset=\"https:\/\/kulturweit.blog\/argentinienvillageneralbelgrano\/files\/2023\/01\/20230118_132247-1024x768.jpg 1024w, https:\/\/kulturweit.blog\/argentinienvillageneralbelgrano\/files\/2023\/01\/20230118_132247-300x225.jpg 300w, https:\/\/kulturweit.blog\/argentinienvillageneralbelgrano\/files\/2023\/01\/20230118_132247-768x576.jpg 768w, https:\/\/kulturweit.blog\/argentinienvillageneralbelgrano\/files\/2023\/01\/20230118_132247-1536x1152.jpg 1536w, https:\/\/kulturweit.blog\/argentinienvillageneralbelgrano\/files\/2023\/01\/20230118_132247-160x120.jpg 160w, https:\/\/kulturweit.blog\/argentinienvillageneralbelgrano\/files\/2023\/01\/20230118_132247.jpg 1920w\" sizes=\"(max-width: 1024px) 100vw, 1024px\" \/>\r\n<figcaption class=\"wp-element-caption\">Museo de Ciencias Naturales y Antropol\u00f3gicas Juan Cornelio Moyano<\/figcaption>\r\n<\/figure>\r\n\r\n\r\n\r\n\r\n\r\n<figure class=\"wp-block-image size-large\"><img loading=\"lazy\" decoding=\"async\" width=\"768\" height=\"1024\" class=\"wp-image-662\" src=\"https:\/\/kulturweit.blog\/argentinienvillageneralbelgrano\/files\/2023\/01\/20230119_1425076022503556440097106-768x1024.jpg\" alt=\"\" srcset=\"https:\/\/kulturweit.blog\/argentinienvillageneralbelgrano\/files\/2023\/01\/20230119_1425076022503556440097106-768x1024.jpg 768w, https:\/\/kulturweit.blog\/argentinienvillageneralbelgrano\/files\/2023\/01\/20230119_1425076022503556440097106-300x400.jpg 300w, https:\/\/kulturweit.blog\/argentinienvillageneralbelgrano\/files\/2023\/01\/20230119_1425076022503556440097106-1152x1536.jpg 1152w, https:\/\/kulturweit.blog\/argentinienvillageneralbelgrano\/files\/2023\/01\/20230119_1425076022503556440097106.jpg 1440w\" sizes=\"(max-width: 768px) 100vw, 768px\" \/>\r\n<figcaption class=\"wp-element-caption\">H\u00e4user in Maipu, dem Weinviertel<\/figcaption>\r\n<\/figure>\r\n\r\n\r\n\r\n<figure class=\"wp-block-image\"><img loading=\"lazy\" decoding=\"async\" width=\"1024\" height=\"768\" class=\"wp-image-665\" src=\"https:\/\/kulturweit.blog\/argentinienvillageneralbelgrano\/files\/2023\/01\/20230119_140602-1024x768.jpg\" alt=\"\" srcset=\"https:\/\/kulturweit.blog\/argentinienvillageneralbelgrano\/files\/2023\/01\/20230119_140602-1024x768.jpg 1024w, https:\/\/kulturweit.blog\/argentinienvillageneralbelgrano\/files\/2023\/01\/20230119_140602-300x225.jpg 300w, https:\/\/kulturweit.blog\/argentinienvillageneralbelgrano\/files\/2023\/01\/20230119_140602-768x576.jpg 768w, https:\/\/kulturweit.blog\/argentinienvillageneralbelgrano\/files\/2023\/01\/20230119_140602-1536x1152.jpg 1536w, https:\/\/kulturweit.blog\/argentinienvillageneralbelgrano\/files\/2023\/01\/20230119_140602-160x120.jpg 160w, https:\/\/kulturweit.blog\/argentinienvillageneralbelgrano\/files\/2023\/01\/20230119_140602.jpg 1920w\" sizes=\"(max-width: 1024px) 100vw, 1024px\" \/><\/figure>\r\n","protected":false},"excerpt":{"rendered":"<p>Ich war vier Tage in Mendoza und habe mir &#8222;die sch\u00f6nste Stadt Argentiniens&#8220; angeschaut. So wird sie in meinem Reisef\u00fchrer bezeichnet. Ich besuchte eine Menge Museen einen Park und zum Schluss auch das Weinviertel Maip\u00fa.<\/p>\n","protected":false},"author":3061,"featured_media":717,"comment_status":"open","ping_status":"open","sticky":false,"template":"","format":"standard","meta":{"footnotes":""},"categories":[21,138],"tags":[],"class_list":["post-679","post","type-post","status-publish","format-standard","has-post-thumbnail","hentry","category-allgemein","category-reise"],"amp_enabled":true,"_links":{"self":[{"href":"https:\/\/kulturweit.blog\/argentinienvillageneralbelgrano\/wp-json\/wp\/v2\/posts\/679"}],"collection":[{"href":"https:\/\/kulturweit.blog\/argentinienvillageneralbelgrano\/wp-json\/wp\/v2\/posts"}],"about":[{"href":"https:\/\/kulturweit.blog\/argentinienvillageneralbelgrano\/wp-json\/wp\/v2\/types\/post"}],"author":[{"embeddable":true,"href":"https:\/\/kulturweit.blog\/argentinienvillageneralbelgrano\/wp-json\/wp\/v2\/users\/3061"}],"replies":[{"embeddable":true,"href":"https:\/\/kulturweit.blog\/argentinienvillageneralbelgrano\/wp-json\/wp\/v2\/comments?post=679"}],"version-history":[{"count":3,"href":"https:\/\/kulturweit.blog\/argentinienvillageneralbelgrano\/wp-json\/wp\/v2\/posts\/679\/revisions"}],"predecessor-version":[{"id":845,"href":"https:\/\/kulturweit.blog\/argentinienvillageneralbelgrano\/wp-json\/wp\/v2\/posts\/679\/revisions\/845"}],"wp:featuredmedia":[{"embeddable":true,"href":"https:\/\/kulturweit.blog\/argentinienvillageneralbelgrano\/wp-json\/wp\/v2\/media\/717"}],"wp:attachment":[{"href":"https:\/\/kulturweit.blog\/argentinienvillageneralbelgrano\/wp-json\/wp\/v2\/media?parent=679"}],"wp:term":[{"taxonomy":"category","embeddable":true,"href":"https:\/\/kulturweit.blog\/argentinienvillageneralbelgrano\/wp-json\/wp\/v2\/categories?post=679"},{"taxonomy":"post_tag","embeddable":true,"href":"https:\/\/kulturweit.blog\/argentinienvillageneralbelgrano\/wp-json\/wp\/v2\/tags?post=679"}],"curies":[{"name":"wp","href":"https:\/\/api.w.org\/{rel}","templated":true}]}}