{"id":583,"date":"2023-01-22T10:59:16","date_gmt":"2023-01-22T13:59:16","guid":{"rendered":"https:\/\/kulturweit.blog\/argentinienvillageneralbelgrano\/?p=583"},"modified":"2023-01-24T03:32:08","modified_gmt":"2023-01-24T06:32:08","slug":"bariloche","status":"publish","type":"post","link":"https:\/\/kulturweit.blog\/argentinienvillageneralbelgrano\/2023\/01\/22\/bariloche\/","title":{"rendered":"Bariloche"},"content":{"rendered":"\n<p>Bariloche  word h\u00e4ufig als &#8220; die Schweiz Argentiniens&#8220; bezeichnet,  weil die Berglandschaft sehr den Alpen \u00e4hnlich s\u00e4he. Dementsprechend gibt es dort auch eine Menge Schokoladenmanufakturen und die Architektur wirde teilweise dem Schweizer Klischee nachempfunden. <\/p>\n\n\n\n<p>Ich habe den ersten Tag im Zentrum verbracht und mir eine Kunstaustellung der Gemeinde, die Katedrale sowie ein kleines aber feines Pal\u00e4ontologie Museum angeschaut. <\/p>\n\n\n\n<figure class=\"wp-block-image size-large\"><img decoding=\"async\" src=\"https:\/\/kulturweit.blog\/argentinienvillageneralbelgrano\/files\/2023\/01\/img_20230115_154437_3408821196867608628306-768x1024.jpg\" alt=\"\" class=\"wp-image-616\" \/><\/figure>\n\n\n\n<figure class=\"wp-block-image\"><img loading=\"lazy\" decoding=\"async\" width=\"768\" height=\"1024\" src=\"https:\/\/kulturweit.blog\/argentinienvillageneralbelgrano\/files\/2023\/01\/img_20230115_154414_6513265832048981242117-768x1024.jpg\" alt=\"\" class=\"wp-image-617\" srcset=\"https:\/\/kulturweit.blog\/argentinienvillageneralbelgrano\/files\/2023\/01\/img_20230115_154414_6513265832048981242117-768x1024.jpg 768w, https:\/\/kulturweit.blog\/argentinienvillageneralbelgrano\/files\/2023\/01\/img_20230115_154414_6513265832048981242117-300x400.jpg 300w, https:\/\/kulturweit.blog\/argentinienvillageneralbelgrano\/files\/2023\/01\/img_20230115_154414_6513265832048981242117-1152x1536.jpg 1152w, https:\/\/kulturweit.blog\/argentinienvillageneralbelgrano\/files\/2023\/01\/img_20230115_154414_6513265832048981242117.jpg 1440w\" sizes=\"(max-width: 768px) 100vw, 768px\" \/><\/figure>\n\n\n\n<figure class=\"wp-block-image\"><img decoding=\"async\" src=\"https:\/\/kulturweit.blog\/argentinienvillageneralbelgrano\/files\/2023\/01\/img_20230115_154335_0224651334105407934685-768x1024.jpg\" alt=\"\" class=\"wp-image-615\" \/><\/figure>\n\n\n\n<figure class=\"wp-block-image\"><img loading=\"lazy\" decoding=\"async\" width=\"769\" height=\"1024\" src=\"https:\/\/kulturweit.blog\/argentinienvillageneralbelgrano\/files\/2023\/01\/20230115_153701-769x1024.jpg\" alt=\"\" class=\"wp-image-614\" srcset=\"https:\/\/kulturweit.blog\/argentinienvillageneralbelgrano\/files\/2023\/01\/20230115_153701-769x1024.jpg 769w, https:\/\/kulturweit.blog\/argentinienvillageneralbelgrano\/files\/2023\/01\/20230115_153701-300x400.jpg 300w, https:\/\/kulturweit.blog\/argentinienvillageneralbelgrano\/files\/2023\/01\/20230115_153701-768x1023.jpg 768w, https:\/\/kulturweit.blog\/argentinienvillageneralbelgrano\/files\/2023\/01\/20230115_153701-1153x1536.jpg 1153w, https:\/\/kulturweit.blog\/argentinienvillageneralbelgrano\/files\/2023\/01\/20230115_153701.jpg 1441w\" sizes=\"(max-width: 769px) 100vw, 769px\" \/><\/figure>\n\n\n\n<figure class=\"wp-block-image\"><img loading=\"lazy\" decoding=\"async\" width=\"768\" height=\"1024\" src=\"https:\/\/kulturweit.blog\/argentinienvillageneralbelgrano\/files\/2023\/01\/20230113_1422435990674171677477692-768x1024.jpg\" alt=\"\" class=\"wp-image-619\" srcset=\"https:\/\/kulturweit.blog\/argentinienvillageneralbelgrano\/files\/2023\/01\/20230113_1422435990674171677477692-768x1024.jpg 768w, https:\/\/kulturweit.blog\/argentinienvillageneralbelgrano\/files\/2023\/01\/20230113_1422435990674171677477692-300x400.jpg 300w, https:\/\/kulturweit.blog\/argentinienvillageneralbelgrano\/files\/2023\/01\/20230113_1422435990674171677477692-1152x1536.jpg 1152w, https:\/\/kulturweit.blog\/argentinienvillageneralbelgrano\/files\/2023\/01\/20230113_1422435990674171677477692.jpg 1440w\" sizes=\"(max-width: 768px) 100vw, 768px\" \/><\/figure>\n\n\n\n<figure class=\"wp-block-image\"><img loading=\"lazy\" decoding=\"async\" width=\"1024\" height=\"768\" src=\"https:\/\/kulturweit.blog\/argentinienvillageneralbelgrano\/files\/2023\/01\/20230113_143513-1024x768.jpg\" alt=\"\" class=\"wp-image-624\" srcset=\"https:\/\/kulturweit.blog\/argentinienvillageneralbelgrano\/files\/2023\/01\/20230113_143513-1024x768.jpg 1024w, https:\/\/kulturweit.blog\/argentinienvillageneralbelgrano\/files\/2023\/01\/20230113_143513-300x225.jpg 300w, https:\/\/kulturweit.blog\/argentinienvillageneralbelgrano\/files\/2023\/01\/20230113_143513-768x576.jpg 768w, https:\/\/kulturweit.blog\/argentinienvillageneralbelgrano\/files\/2023\/01\/20230113_143513-1536x1152.jpg 1536w, https:\/\/kulturweit.blog\/argentinienvillageneralbelgrano\/files\/2023\/01\/20230113_143513-160x120.jpg 160w, https:\/\/kulturweit.blog\/argentinienvillageneralbelgrano\/files\/2023\/01\/20230113_143513.jpg 1920w\" sizes=\"(max-width: 1024px) 100vw, 1024px\" \/><\/figure>\n\n\n\n<figure class=\"wp-block-image size-large\"><img loading=\"lazy\" decoding=\"async\" width=\"1024\" height=\"768\" src=\"https:\/\/kulturweit.blog\/argentinienvillageneralbelgrano\/files\/2023\/01\/20230113_135249-1024x768.jpg\" alt=\"\" class=\"wp-image-623\" srcset=\"https:\/\/kulturweit.blog\/argentinienvillageneralbelgrano\/files\/2023\/01\/20230113_135249-1024x768.jpg 1024w, https:\/\/kulturweit.blog\/argentinienvillageneralbelgrano\/files\/2023\/01\/20230113_135249-300x225.jpg 300w, https:\/\/kulturweit.blog\/argentinienvillageneralbelgrano\/files\/2023\/01\/20230113_135249-768x576.jpg 768w, https:\/\/kulturweit.blog\/argentinienvillageneralbelgrano\/files\/2023\/01\/20230113_135249-1536x1152.jpg 1536w, https:\/\/kulturweit.blog\/argentinienvillageneralbelgrano\/files\/2023\/01\/20230113_135249-160x120.jpg 160w, https:\/\/kulturweit.blog\/argentinienvillageneralbelgrano\/files\/2023\/01\/20230113_135249.jpg 1920w\" sizes=\"(max-width: 1024px) 100vw, 1024px\" \/><\/figure>\n\n\n\n<figure class=\"wp-block-image\"><img loading=\"lazy\" decoding=\"async\" width=\"1024\" height=\"768\" src=\"https:\/\/kulturweit.blog\/argentinienvillageneralbelgrano\/files\/2023\/01\/20230113_115034-1024x768.jpg\" alt=\"\" class=\"wp-image-621\" srcset=\"https:\/\/kulturweit.blog\/argentinienvillageneralbelgrano\/files\/2023\/01\/20230113_115034-1024x768.jpg 1024w, https:\/\/kulturweit.blog\/argentinienvillageneralbelgrano\/files\/2023\/01\/20230113_115034-300x225.jpg 300w, https:\/\/kulturweit.blog\/argentinienvillageneralbelgrano\/files\/2023\/01\/20230113_115034-768x576.jpg 768w, https:\/\/kulturweit.blog\/argentinienvillageneralbelgrano\/files\/2023\/01\/20230113_115034-1536x1152.jpg 1536w, https:\/\/kulturweit.blog\/argentinienvillageneralbelgrano\/files\/2023\/01\/20230113_115034-160x120.jpg 160w, https:\/\/kulturweit.blog\/argentinienvillageneralbelgrano\/files\/2023\/01\/20230113_115034.jpg 1920w\" sizes=\"(max-width: 1024px) 100vw, 1024px\" \/><\/figure>\n\n\n\n<figure class=\"wp-block-image\"><img loading=\"lazy\" decoding=\"async\" width=\"1024\" height=\"768\" src=\"https:\/\/kulturweit.blog\/argentinienvillageneralbelgrano\/files\/2023\/01\/20230113_165250-1024x768.jpg\" alt=\"\" class=\"wp-image-622\" srcset=\"https:\/\/kulturweit.blog\/argentinienvillageneralbelgrano\/files\/2023\/01\/20230113_165250-1024x768.jpg 1024w, https:\/\/kulturweit.blog\/argentinienvillageneralbelgrano\/files\/2023\/01\/20230113_165250-300x225.jpg 300w, https:\/\/kulturweit.blog\/argentinienvillageneralbelgrano\/files\/2023\/01\/20230113_165250-768x576.jpg 768w, https:\/\/kulturweit.blog\/argentinienvillageneralbelgrano\/files\/2023\/01\/20230113_165250-1536x1152.jpg 1536w, https:\/\/kulturweit.blog\/argentinienvillageneralbelgrano\/files\/2023\/01\/20230113_165250-160x120.jpg 160w, https:\/\/kulturweit.blog\/argentinienvillageneralbelgrano\/files\/2023\/01\/20230113_165250.jpg 1920w\" sizes=\"(max-width: 1024px) 100vw, 1024px\" \/><\/figure>\n\n\n\n<figure class=\"wp-block-image\"><img loading=\"lazy\" decoding=\"async\" width=\"1024\" height=\"768\" src=\"https:\/\/kulturweit.blog\/argentinienvillageneralbelgrano\/files\/2023\/01\/20230113_165431-1024x768.jpg\" alt=\"\" class=\"wp-image-620\" srcset=\"https:\/\/kulturweit.blog\/argentinienvillageneralbelgrano\/files\/2023\/01\/20230113_165431-1024x768.jpg 1024w, https:\/\/kulturweit.blog\/argentinienvillageneralbelgrano\/files\/2023\/01\/20230113_165431-300x225.jpg 300w, https:\/\/kulturweit.blog\/argentinienvillageneralbelgrano\/files\/2023\/01\/20230113_165431-768x576.jpg 768w, https:\/\/kulturweit.blog\/argentinienvillageneralbelgrano\/files\/2023\/01\/20230113_165431-1536x1152.jpg 1536w, https:\/\/kulturweit.blog\/argentinienvillageneralbelgrano\/files\/2023\/01\/20230113_165431-160x120.jpg 160w, https:\/\/kulturweit.blog\/argentinienvillageneralbelgrano\/files\/2023\/01\/20230113_165431.jpg 1920w\" sizes=\"(max-width: 1024px) 100vw, 1024px\" \/><\/figure>\n","protected":false},"excerpt":{"rendered":"<p>Bariloche word h\u00e4ufig als &#8220; die Schweiz Argentiniens&#8220; bezeichnet, weil die Berglandschaft sehr den Alpen \u00e4hnlich s\u00e4he. Dementsprechend gibt es dort auch eine Menge Schokoladenmanufakturen und die Architektur wirde teilweise dem Schweizer Klischee nachempfunden. Ich habe den ersten Tag im Zentrum verbracht und mir eine Kunstaustellung der Gemeinde, die Katedrale sowie ein kleines aber feines &hellip; <span class=\"more-link\"><a href=\"https:\/\/kulturweit.blog\/argentinienvillageneralbelgrano\/2023\/01\/22\/bariloche\/\">Mehr lesen &raquo;<\/a><\/span><\/p>\n","protected":false},"author":3061,"featured_media":628,"comment_status":"open","ping_status":"open","sticky":false,"template":"","format":"standard","meta":{"footnotes":""},"categories":[21],"tags":[],"class_list":["post-583","post","type-post","status-publish","format-standard","has-post-thumbnail","hentry","category-allgemein"],"amp_enabled":true,"_links":{"self":[{"href":"https:\/\/kulturweit.blog\/argentinienvillageneralbelgrano\/wp-json\/wp\/v2\/posts\/583"}],"collection":[{"href":"https:\/\/kulturweit.blog\/argentinienvillageneralbelgrano\/wp-json\/wp\/v2\/posts"}],"about":[{"href":"https:\/\/kulturweit.blog\/argentinienvillageneralbelgrano\/wp-json\/wp\/v2\/types\/post"}],"author":[{"embeddable":true,"href":"https:\/\/kulturweit.blog\/argentinienvillageneralbelgrano\/wp-json\/wp\/v2\/users\/3061"}],"replies":[{"embeddable":true,"href":"https:\/\/kulturweit.blog\/argentinienvillageneralbelgrano\/wp-json\/wp\/v2\/comments?post=583"}],"version-history":[{"count":3,"href":"https:\/\/kulturweit.blog\/argentinienvillageneralbelgrano\/wp-json\/wp\/v2\/posts\/583\/revisions"}],"predecessor-version":[{"id":626,"href":"https:\/\/kulturweit.blog\/argentinienvillageneralbelgrano\/wp-json\/wp\/v2\/posts\/583\/revisions\/626"}],"wp:featuredmedia":[{"embeddable":true,"href":"https:\/\/kulturweit.blog\/argentinienvillageneralbelgrano\/wp-json\/wp\/v2\/media\/628"}],"wp:attachment":[{"href":"https:\/\/kulturweit.blog\/argentinienvillageneralbelgrano\/wp-json\/wp\/v2\/media?parent=583"}],"wp:term":[{"taxonomy":"category","embeddable":true,"href":"https:\/\/kulturweit.blog\/argentinienvillageneralbelgrano\/wp-json\/wp\/v2\/categories?post=583"},{"taxonomy":"post_tag","embeddable":true,"href":"https:\/\/kulturweit.blog\/argentinienvillageneralbelgrano\/wp-json\/wp\/v2\/tags?post=583"}],"curies":[{"name":"wp","href":"https:\/\/api.w.org\/{rel}","templated":true}]}}