{"id":52,"date":"2022-09-18T19:06:32","date_gmt":"2022-09-18T22:06:32","guid":{"rendered":"https:\/\/kulturweit.blog\/argentinienvillageneralbelgrano\/?p=52"},"modified":"2022-10-15T13:54:32","modified_gmt":"2022-10-15T16:54:32","slug":"sauerkraut-und-dinos","status":"publish","type":"post","link":"https:\/\/kulturweit.blog\/argentinienvillageneralbelgrano\/2022\/09\/18\/sauerkraut-und-dinos\/","title":{"rendered":"Sauerkraut und Dinos"},"content":{"rendered":"<p><strong>Ich war nun schon an drei Tagen in der deutschen Schule. Dabei durfte ich in den Kindergarten, in die Primaria und in die Secundaria hineinschauen und musste bereits ziemlich schwierige Fragen beantworten.<\/strong><\/p>\n<p>Als ich am Mittwoch in der Schule ankam, f\u00fchrte mich meine Ansprechperson Kilian in der Schule herum und stellte mich allen vor. Das Colegio Aleman besteht aus dem Kindergarten, der Primaria (bis 6. Klasse) und der Secundaria. Alle haben eigene Leitungen und sind in unterschiedlichen H\u00e4usern untergebracht. Das Gel\u00e4nde ist relativ weitl\u00e4ufig und hat einen gro\u00dfen Sportplatz.<\/p>\n<p>Staatliche Schulen sind auch in Argentinien kostenlos f\u00fcr die Sch\u00fcler. Die deutsche Schule in Villa General Belgrano ist \u201ehalb staatlich\u201c. Das hei\u00dft, die Lehrergeh\u00e4lter werden vom Staat gezahlt und der Rest mit den Beitr\u00e4gen der Eltern finanziert (Hausmeister, Geb\u00e4ude, Materialien etc.). Dabei gibt es nat\u00fcrlich auch z.B. englische oder franz\u00f6sische Schulen in Argentinien, doch die Deutschen sind f\u00fcr die Eltern meist am billigsten. Manche Sch\u00fcler kommen nicht hierher, weil Deutsch unterrichtet wird, sondern obwohl Deutsch unterrichtet wird.<\/p>\n<p><strong>Die Fahnen<\/strong><\/p>\n<p>Die Schule sei im Allgemeinen nicht sehr streng, wurde mir gesagt. Doch bei dem Hissen der Flaggen w\u00fcrde sehr genau auf die Vorschriften geachtet. Jeden Tag um 7:50 vor Schulbeginn stellen sich die Sch\u00fcler der Primaria und Secundaria getrennt voneinander auf. Die Primaria Sch\u00fcler stehen nach Klassen getrennt hintereinander in Reihen auf dem Schulhof. Zu Beginn werden Freiwillige berufen, die die Flaggen hissen d\u00fcrfen. Zur argentinischen Nationalhymne werden diese dann emporgezogen. Dabei muss die argentinische Fahne vor der deutschen ihr Ziel erreichen. W\u00e4hrend die Hymne gespielt wird, darf niemand seine H\u00e4nde in den Taschen haben. Am Nachmittag findet die gleiche Prozedur noch einmal statt, wenn die Fahnen wieder eingeholt werden.<\/p>\n<p>Als zweites erstellte Kilian mir einen Plan f\u00fcr die n\u00e4chste Woche. Als erstes war ich am Mittwochmorgen im Kindergarten bei den 4-J\u00e4hrigen.<\/p>\n<p><strong>Hocus und Lotus<\/strong><\/p>\n<p>Im bilingualen Kindergarten beginnen die Kinder im \u201eHOLO-Raum\u201c spielerisch und musikalisch Deutsch zu lernen. \u201eHocus und Locus\u201c sind zwei \u201eDinocrocs\u201c, kleine, orangefarbene und Dino-\u00e4hnliche Wesen, die Abenteuer erleben. Die Zeichentrickserie gibt es in verschiedenen Sprachen. Ihre Episoden besitzen eine L\u00e4nge von nur wenigen Minuten und die Handlung wird gr\u00f6\u00dftenteils gesungen. Die Kinder sehen sich diese kleinen Filmchen immer wieder an, singen mit und machen Bewegungen nach. Dadurch sollen sich Sprachstrukturen fr\u00fchzeitig einpr\u00e4gen und den Kindern eine neue M\u00f6glichkeit gegeben werden, sich auszudr\u00fccken. Im Colegio Aleman gibt es das Hocus und Locus Programm bis in die ca. 2. Klasse hinein.<\/p>\n<p><strong>Die Primaria<\/strong><\/p>\n<p>In den letzten Tagen war ich einmal je in der 2., 4., 5. und 3. Klasse. Zu Beginn gab es dann immer eine Fragerunde an mich. Teilweise waren 35 Kinder in einem Raum, weil eine Lehrerin krank geworden ist. Das war ziemlich laut und wuselig. Manchmal konnte ich auch nicht so viel machen, wenn die z.B. Kinder gerade neue W\u00f6rter kennenlernten. Da stand ich dann nur rum und \u201ewurde lang&#8220;. Wenn die Kinder jedoch in Gruppen zusammenarbeiten sollten oder es darum ging, Arbeitsbl\u00e4tter auszuf\u00fcllen, konnte ich herumgehen und versuchen, Fragen zu beantworten.<br \/>\nAm Donnerstag gab es eine Bastel AG der 4. Klasse, in der ich dabei sein durfte. Sie bestand dieses Mal aus 27 Kindern, weil ja eine Lehrerin fehlte. Die Kinder bastelten Schmetterlinge aus dicken Plastikfolien (siehe Bild). Weil ja viele Kinder schon ein bisschen Deutsch verstehen, konnte ich mich meist mit H\u00e4nden und F\u00fc\u00dfen begreiflich machen.<\/p>\n<div id=\"attachment_53\" style=\"width: 310px\" class=\"wp-caption aligncenter\"><a href=\"https:\/\/kulturweit.blog\/argentinienvillageneralbelgrano\/files\/2022\/09\/IMG_20220918_162615_737.jpg\"><img loading=\"lazy\" decoding=\"async\" aria-describedby=\"caption-attachment-53\" class=\"size-medium wp-image-53\" src=\"https:\/\/kulturweit.blog\/argentinienvillageneralbelgrano\/files\/2022\/09\/IMG_20220918_162615_737-300x225.jpg\" alt=\"\" width=\"300\" height=\"225\" srcset=\"https:\/\/kulturweit.blog\/argentinienvillageneralbelgrano\/files\/2022\/09\/IMG_20220918_162615_737-300x225.jpg 300w, https:\/\/kulturweit.blog\/argentinienvillageneralbelgrano\/files\/2022\/09\/IMG_20220918_162615_737-768x576.jpg 768w, https:\/\/kulturweit.blog\/argentinienvillageneralbelgrano\/files\/2022\/09\/IMG_20220918_162615_737-160x120.jpg 160w, https:\/\/kulturweit.blog\/argentinienvillageneralbelgrano\/files\/2022\/09\/IMG_20220918_162615_737.jpg 1024w\" sizes=\"(max-width: 300px) 100vw, 300px\" \/><\/a><p id=\"caption-attachment-53\" class=\"wp-caption-text\">In der AG von den 4. Kl\u00e4sslern gebastelte Schmetterlinge<\/p><\/div>\n<p><strong>Was magst du an Deutschland?<\/strong><\/p>\n<p>In Argentinien gibt es einen Abschluss, den alle Sch\u00fcler erwerben. Die Secundaria geht von der 7. bis zur 12. Klasse. Als erstes war ich am Mittwoch mit Kilian in der 9. Klasse. Auch hier sollten zu Beginn Fragen an mich gestellt werden. Die meisten Fragen konnte ich gut beantworten. Doch dann kam eine Frage, auf die ich eigentlich h\u00e4tte vorbereitet sein m\u00fcssen: Was magst du an Deutschland? Eigentlich eine einfache Frage. Doch als ich so dar\u00fcber nachdachte, konnte ich sie nicht beantworten. Vor Schreck sagte ich einfach: \u201eSauerkraut\u201c. Wahrscheinlich habe ich bisher zu wenig von anderen L\u00e4ndern mitbekommen. Die n\u00e4chste Frage kam prompt: \u201eMagst du Fu\u00dfball?\u201c dazu konnte ich auch nicht viel sagen. F\u00fcr Fu\u00dfball bin ich einfach die falsche Adresse.<\/p>\n<p><strong>D\u00eda del maestro<\/strong><\/p>\n<p>Der Tag des Lehrers wird in Argentinien eigentlich am 11. September gefeiert. Dieser fiel dieses Jahr auf einen Sonntag, weshalb er am 14. September nachgefeiert wurde. Zu diesem Anlass bereiten die Sch\u00fcler der oberen Klassen der Secundaria jedes Jahr etwas vor. Zun\u00e4chst wurden den Lehrern Superheldencapes umgebunden und dann eine Rede gehalten. Anschlie\u00dfend pr\u00e4sentierten die Sch\u00fcler Sketche, in denen sie die Lehrer nachspielten. Ich habe zwar \u00fcberhaupt nichts verstanden, es war jedoch sehr witzig. Am Ende gab es noch eine Art Stationsarbeit f\u00fcr die restlichen Sch\u00fcler der Sekundarstufe mit ebenfalls ziemlich lustigen \u00dcbungen.<\/p>\n<p><strong>Was jetzt?<\/strong><\/p>\n<p>Ich bin echt gespannt, wie schnell ich Spanisch lernen werde. Hoffentlich gelingt es mir schnell, denn im Moment k\u00f6nnen die meisten Sch\u00fcler besser Deutsch als ich Spanisch.<br \/>\nMein Plan f\u00fcr die erste Zeit geht noch bis Dienstag. Ich denke, danach werde ich eher zu den schon etwas \u00e4lteren Sch\u00fclern gehen, weil ich hier denke ich n\u00fctzlicher sein kann als z.B. im Kindergarten.<\/p>\n","protected":false},"excerpt":{"rendered":"<p>Ich war nun schon an drei Tagen in der deutschen Schule. Dabei durfte ich in den Kindergarten, in die Primaria und in die Secundaria hineinschauen und musste bereits ziemlich schwierige Fragen beantworten. Als ich am Mittwoch in der Schule ankam, f\u00fchrte mich meine Ansprechperson Kilian in der Schule herum und stellte mich allen vor. Das &hellip; <span class=\"more-link\"><a href=\"https:\/\/kulturweit.blog\/argentinienvillageneralbelgrano\/2022\/09\/18\/sauerkraut-und-dinos\/\">Mehr lesen &raquo;<\/a><\/span><\/p>\n","protected":false},"author":3061,"featured_media":53,"comment_status":"open","ping_status":"open","sticky":false,"template":"","format":"standard","meta":{"footnotes":""},"categories":[89],"tags":[],"class_list":["post-52","post","type-post","status-publish","format-standard","has-post-thumbnail","hentry","category-schule"],"amp_enabled":true,"_links":{"self":[{"href":"https:\/\/kulturweit.blog\/argentinienvillageneralbelgrano\/wp-json\/wp\/v2\/posts\/52"}],"collection":[{"href":"https:\/\/kulturweit.blog\/argentinienvillageneralbelgrano\/wp-json\/wp\/v2\/posts"}],"about":[{"href":"https:\/\/kulturweit.blog\/argentinienvillageneralbelgrano\/wp-json\/wp\/v2\/types\/post"}],"author":[{"embeddable":true,"href":"https:\/\/kulturweit.blog\/argentinienvillageneralbelgrano\/wp-json\/wp\/v2\/users\/3061"}],"replies":[{"embeddable":true,"href":"https:\/\/kulturweit.blog\/argentinienvillageneralbelgrano\/wp-json\/wp\/v2\/comments?post=52"}],"version-history":[{"count":3,"href":"https:\/\/kulturweit.blog\/argentinienvillageneralbelgrano\/wp-json\/wp\/v2\/posts\/52\/revisions"}],"predecessor-version":[{"id":168,"href":"https:\/\/kulturweit.blog\/argentinienvillageneralbelgrano\/wp-json\/wp\/v2\/posts\/52\/revisions\/168"}],"wp:featuredmedia":[{"embeddable":true,"href":"https:\/\/kulturweit.blog\/argentinienvillageneralbelgrano\/wp-json\/wp\/v2\/media\/53"}],"wp:attachment":[{"href":"https:\/\/kulturweit.blog\/argentinienvillageneralbelgrano\/wp-json\/wp\/v2\/media?parent=52"}],"wp:term":[{"taxonomy":"category","embeddable":true,"href":"https:\/\/kulturweit.blog\/argentinienvillageneralbelgrano\/wp-json\/wp\/v2\/categories?post=52"},{"taxonomy":"post_tag","embeddable":true,"href":"https:\/\/kulturweit.blog\/argentinienvillageneralbelgrano\/wp-json\/wp\/v2\/tags?post=52"}],"curies":[{"name":"wp","href":"https:\/\/api.w.org\/{rel}","templated":true}]}}