{"id":476,"date":"2023-01-12T23:18:40","date_gmt":"2023-01-13T02:18:40","guid":{"rendered":"https:\/\/kulturweit.blog\/argentinienvillageneralbelgrano\/?p=476"},"modified":"2023-03-05T12:07:14","modified_gmt":"2023-03-05T15:07:14","slug":"flamingos-enten-und-eis","status":"publish","type":"post","link":"https:\/\/kulturweit.blog\/argentinienvillageneralbelgrano\/2023\/01\/12\/flamingos-enten-und-eis\/","title":{"rendered":"Lustige V\u00f6gel"},"content":{"rendered":"\r\n<p>Nach Torres del Paine war ich f\u00fcr zwei Tage in el Calafate. Das Dorf befindet sich am Largo Argentino, dem gr\u00f6\u00dften See Argentiniens. An diesem liegt das Vogelreservat Laguna Nimez, wo es tats\u00e4chlich Flamingos gibt!<\/p>\r\n\r\n\r\n\r\n<figure class=\"wp-block-image size-large\"><a href=\"https:\/\/kulturweit.blog\/argentinienvillageneralbelgrano\/files\/2023\/01\/DSC_0267.jpg\"><img loading=\"lazy\" decoding=\"async\" class=\"aligncenter size-full wp-image-881\" src=\"https:\/\/kulturweit.blog\/argentinienvillageneralbelgrano\/files\/2023\/01\/DSC_0267.jpg\" alt=\"\" width=\"1024\" height=\"683\" srcset=\"https:\/\/kulturweit.blog\/argentinienvillageneralbelgrano\/files\/2023\/01\/DSC_0267.jpg 1024w, https:\/\/kulturweit.blog\/argentinienvillageneralbelgrano\/files\/2023\/01\/DSC_0267-300x200.jpg 300w, https:\/\/kulturweit.blog\/argentinienvillageneralbelgrano\/files\/2023\/01\/DSC_0267-800x534.jpg 800w, https:\/\/kulturweit.blog\/argentinienvillageneralbelgrano\/files\/2023\/01\/DSC_0267-768x512.jpg 768w\" sizes=\"(max-width: 1024px) 100vw, 1024px\" \/><\/a><a href=\"https:\/\/kulturweit.blog\/argentinienvillageneralbelgrano\/files\/2023\/01\/DSC_0263.jpg\"><img loading=\"lazy\" decoding=\"async\" class=\"aligncenter size-full wp-image-880\" src=\"https:\/\/kulturweit.blog\/argentinienvillageneralbelgrano\/files\/2023\/01\/DSC_0263.jpg\" alt=\"\" width=\"1024\" height=\"683\" srcset=\"https:\/\/kulturweit.blog\/argentinienvillageneralbelgrano\/files\/2023\/01\/DSC_0263.jpg 1024w, https:\/\/kulturweit.blog\/argentinienvillageneralbelgrano\/files\/2023\/01\/DSC_0263-300x200.jpg 300w, https:\/\/kulturweit.blog\/argentinienvillageneralbelgrano\/files\/2023\/01\/DSC_0263-800x534.jpg 800w, https:\/\/kulturweit.blog\/argentinienvillageneralbelgrano\/files\/2023\/01\/DSC_0263-768x512.jpg 768w\" sizes=\"(max-width: 1024px) 100vw, 1024px\" \/><\/a><a href=\"https:\/\/kulturweit.blog\/argentinienvillageneralbelgrano\/files\/2023\/01\/DSC_0303.jpg\"><img loading=\"lazy\" decoding=\"async\" class=\"aligncenter size-full wp-image-882\" src=\"https:\/\/kulturweit.blog\/argentinienvillageneralbelgrano\/files\/2023\/01\/DSC_0303.jpg\" alt=\"\" width=\"683\" height=\"1024\" srcset=\"https:\/\/kulturweit.blog\/argentinienvillageneralbelgrano\/files\/2023\/01\/DSC_0303.jpg 683w, https:\/\/kulturweit.blog\/argentinienvillageneralbelgrano\/files\/2023\/01\/DSC_0303-300x450.jpg 300w, https:\/\/kulturweit.blog\/argentinienvillageneralbelgrano\/files\/2023\/01\/DSC_0303-534x800.jpg 534w\" sizes=\"(max-width: 683px) 100vw, 683px\" \/><\/a><a href=\"https:\/\/kulturweit.blog\/argentinienvillageneralbelgrano\/files\/2023\/01\/DSC_0334.jpg\"><img loading=\"lazy\" decoding=\"async\" class=\"aligncenter size-full wp-image-884\" src=\"https:\/\/kulturweit.blog\/argentinienvillageneralbelgrano\/files\/2023\/01\/DSC_0334.jpg\" alt=\"\" width=\"1024\" height=\"683\" srcset=\"https:\/\/kulturweit.blog\/argentinienvillageneralbelgrano\/files\/2023\/01\/DSC_0334.jpg 1024w, https:\/\/kulturweit.blog\/argentinienvillageneralbelgrano\/files\/2023\/01\/DSC_0334-300x200.jpg 300w, https:\/\/kulturweit.blog\/argentinienvillageneralbelgrano\/files\/2023\/01\/DSC_0334-800x534.jpg 800w, https:\/\/kulturweit.blog\/argentinienvillageneralbelgrano\/files\/2023\/01\/DSC_0334-768x512.jpg 768w\" sizes=\"(max-width: 1024px) 100vw, 1024px\" \/><\/a><img decoding=\"async\" class=\"wp-image-457\" src=\"https:\/\/kulturweit.blog\/argentinienvillageneralbelgrano\/files\/2023\/01\/DSC_0236-1-1024x683.jpg\" alt=\"\" \/><a href=\"https:\/\/kulturweit.blog\/argentinienvillageneralbelgrano\/files\/2023\/01\/DSC_0256.jpg\"><img loading=\"lazy\" decoding=\"async\" class=\"aligncenter size-full wp-image-885\" src=\"https:\/\/kulturweit.blog\/argentinienvillageneralbelgrano\/files\/2023\/01\/DSC_0256.jpg\" alt=\"\" width=\"1024\" height=\"683\" srcset=\"https:\/\/kulturweit.blog\/argentinienvillageneralbelgrano\/files\/2023\/01\/DSC_0256.jpg 1024w, https:\/\/kulturweit.blog\/argentinienvillageneralbelgrano\/files\/2023\/01\/DSC_0256-300x200.jpg 300w, https:\/\/kulturweit.blog\/argentinienvillageneralbelgrano\/files\/2023\/01\/DSC_0256-800x534.jpg 800w, https:\/\/kulturweit.blog\/argentinienvillageneralbelgrano\/files\/2023\/01\/DSC_0256-768x512.jpg 768w\" sizes=\"(max-width: 1024px) 100vw, 1024px\" \/><\/a><\/figure>\r\n\r\n\r\n\r\n<figure class=\"wp-block-image\"><img decoding=\"async\" class=\"wp-image-456\" src=\"https:\/\/kulturweit.blog\/argentinienvillageneralbelgrano\/files\/2023\/01\/DSC_0239-1-1024x683.jpg\" alt=\"\" \/>Die Blaubeere Calafate. Sie schmeckt ziemlich bitter, aber \u00fcberall im Dorf konnte man Marmelade kaufen.<\/figure>\r\n\r\n\r\n\r\n\r\n\r\n\r\n\r\n\r\n\r\n\r\n\r\n<figure class=\"wp-block-image\"><a href=\"https:\/\/kulturweit.blog\/argentinienvillageneralbelgrano\/files\/2023\/01\/DSC_0307.jpg\"><img loading=\"lazy\" decoding=\"async\" class=\"aligncenter size-full wp-image-883\" src=\"https:\/\/kulturweit.blog\/argentinienvillageneralbelgrano\/files\/2023\/01\/DSC_0307.jpg\" alt=\"\" width=\"1024\" height=\"683\" srcset=\"https:\/\/kulturweit.blog\/argentinienvillageneralbelgrano\/files\/2023\/01\/DSC_0307.jpg 1024w, https:\/\/kulturweit.blog\/argentinienvillageneralbelgrano\/files\/2023\/01\/DSC_0307-300x200.jpg 300w, https:\/\/kulturweit.blog\/argentinienvillageneralbelgrano\/files\/2023\/01\/DSC_0307-800x534.jpg 800w, https:\/\/kulturweit.blog\/argentinienvillageneralbelgrano\/files\/2023\/01\/DSC_0307-768x512.jpg 768w\" sizes=\"(max-width: 1024px) 100vw, 1024px\" \/><\/a><img decoding=\"async\" class=\"wp-image-463\" src=\"https:\/\/kulturweit.blog\/argentinienvillageneralbelgrano\/files\/2023\/01\/DSC_0257-1-1024x683.jpg\" alt=\"\" \/>Der Largo Argentino, der gr\u00f6\u00dfte See Argentiniens<\/figure>\r\n\r\n\r\n\r\n\r\n\r\n\r\n\r\n\r\n\r\n\r\n\r\n\r\n\r\n\r\n\r\n<figure class=\"wp-block-image\"><img decoding=\"async\" class=\"wp-image-465\" src=\"https:\/\/kulturweit.blog\/argentinienvillageneralbelgrano\/files\/2023\/01\/DSC_0313-1-1024x683.jpg\" alt=\"\" \/><\/figure>\r\n\r\n\r\n\r\n<figure class=\"wp-block-image\"><img decoding=\"async\" class=\"wp-image-471\" src=\"https:\/\/kulturweit.blog\/argentinienvillageneralbelgrano\/files\/2023\/01\/DSC_0322-1024x683.jpg\" alt=\"\" \/><\/figure>\r\n\r\n\r\n\r\n<figure class=\"wp-block-image\"><img decoding=\"async\" class=\"wp-image-468\" src=\"https:\/\/kulturweit.blog\/argentinienvillageneralbelgrano\/files\/2023\/01\/DSC_0323-1024x683.jpg\" alt=\"\" \/><\/figure>\r\n\r\n\r\n\r\n<figure class=\"wp-block-image\"><img decoding=\"async\" class=\"wp-image-472\" src=\"https:\/\/kulturweit.blog\/argentinienvillageneralbelgrano\/files\/2023\/01\/DSC_0328-1024x683.jpg\" alt=\"\" \/><\/figure>\r\n\r\n\r\n\r\n<figure class=\"wp-block-image\"><img decoding=\"async\" class=\"wp-image-474\" src=\"https:\/\/kulturweit.blog\/argentinienvillageneralbelgrano\/files\/2023\/01\/DSC_0334-1-1024x683.jpg\" alt=\"\" \/><\/figure>\r\n\r\n\r\n\r\n<figure class=\"wp-block-image\"><img decoding=\"async\" class=\"wp-image-473\" src=\"https:\/\/kulturweit.blog\/argentinienvillageneralbelgrano\/files\/2023\/01\/DSC_0340-2-1024x683.jpg\" alt=\"\" \/><\/figure>\r\n\r\n\r\n\r\n<figure class=\"wp-block-image\"><img decoding=\"async\" class=\"wp-image-475\" src=\"https:\/\/kulturweit.blog\/argentinienvillageneralbelgrano\/files\/2023\/01\/DSC_0349-2-1024x683.jpg\" alt=\"\" \/><\/figure>\r\n","protected":false},"excerpt":{"rendered":"<p>Nach Torres del Paine war ich f\u00fcr zwei Tage in el Calafate. Das Dorf befindet sich am Largo Argentino, dem gr\u00f6\u00dften See Argentiniens. An diesem liegt das Vogelreservat Laguna Nimez, wo es tats\u00e4chlich Flamingos gibt!<\/p>\n","protected":false},"author":3061,"featured_media":914,"comment_status":"open","ping_status":"open","sticky":false,"template":"","format":"standard","meta":{"footnotes":""},"categories":[21,138],"tags":[],"class_list":["post-476","post","type-post","status-publish","format-standard","has-post-thumbnail","hentry","category-allgemein","category-reise"],"amp_enabled":true,"_links":{"self":[{"href":"https:\/\/kulturweit.blog\/argentinienvillageneralbelgrano\/wp-json\/wp\/v2\/posts\/476"}],"collection":[{"href":"https:\/\/kulturweit.blog\/argentinienvillageneralbelgrano\/wp-json\/wp\/v2\/posts"}],"about":[{"href":"https:\/\/kulturweit.blog\/argentinienvillageneralbelgrano\/wp-json\/wp\/v2\/types\/post"}],"author":[{"embeddable":true,"href":"https:\/\/kulturweit.blog\/argentinienvillageneralbelgrano\/wp-json\/wp\/v2\/users\/3061"}],"replies":[{"embeddable":true,"href":"https:\/\/kulturweit.blog\/argentinienvillageneralbelgrano\/wp-json\/wp\/v2\/comments?post=476"}],"version-history":[{"count":3,"href":"https:\/\/kulturweit.blog\/argentinienvillageneralbelgrano\/wp-json\/wp\/v2\/posts\/476\/revisions"}],"predecessor-version":[{"id":886,"href":"https:\/\/kulturweit.blog\/argentinienvillageneralbelgrano\/wp-json\/wp\/v2\/posts\/476\/revisions\/886"}],"wp:featuredmedia":[{"embeddable":true,"href":"https:\/\/kulturweit.blog\/argentinienvillageneralbelgrano\/wp-json\/wp\/v2\/media\/914"}],"wp:attachment":[{"href":"https:\/\/kulturweit.blog\/argentinienvillageneralbelgrano\/wp-json\/wp\/v2\/media?parent=476"}],"wp:term":[{"taxonomy":"category","embeddable":true,"href":"https:\/\/kulturweit.blog\/argentinienvillageneralbelgrano\/wp-json\/wp\/v2\/categories?post=476"},{"taxonomy":"post_tag","embeddable":true,"href":"https:\/\/kulturweit.blog\/argentinienvillageneralbelgrano\/wp-json\/wp\/v2\/tags?post=476"}],"curies":[{"name":"wp","href":"https:\/\/api.w.org\/{rel}","templated":true}]}}