{"id":435,"date":"2023-01-09T16:42:15","date_gmt":"2023-01-09T19:42:15","guid":{"rendered":"https:\/\/kulturweit.blog\/argentinienvillageneralbelgrano\/?p=435"},"modified":"2023-03-04T14:06:05","modified_gmt":"2023-03-04T17:06:05","slug":"tuerme-zum-bestaunen","status":"publish","type":"post","link":"https:\/\/kulturweit.blog\/argentinienvillageneralbelgrano\/2023\/01\/09\/tuerme-zum-bestaunen\/","title":{"rendered":"T\u00fcrme zum bestaunen"},"content":{"rendered":"\r\n<figure class=\"wp-block-image size-large\"><img decoding=\"async\" class=\"wp-image-373\" src=\"https:\/\/kulturweit.blog\/argentinienvillageneralbelgrano\/files\/2023\/01\/20230108_173144-1024x768.jpg\" alt=\"\" \/><\/figure>\r\n\r\n\r\n\r\n<p>Letzte Woche bin ich entlang des &#8222;W&#8220; im Nationalpark Torres del Paine gewandert. Daf\u00fcr schlief ich 4 N\u00e4chte lang auf unterschiedlichen Campingpl\u00e4tzen entlang der Route.<img decoding=\"async\" class=\"wp-image-374\" src=\"https:\/\/kulturweit.blog\/argentinienvillageneralbelgrano\/files\/2023\/01\/dsc_09037666621209025013202-683x1024.jpg\" alt=\"\" \/><img decoding=\"async\" class=\"wp-image-377\" src=\"https:\/\/kulturweit.blog\/argentinienvillageneralbelgrano\/files\/2023\/01\/DSC_0905-1024x683.jpg\" alt=\"\" \/><img decoding=\"async\" class=\"wp-image-383\" src=\"https:\/\/kulturweit.blog\/argentinienvillageneralbelgrano\/files\/2023\/01\/DSC_0906-1024x683.jpg\" alt=\"\" \/><\/p>\r\n\r\n\r\n\r\n\r\n\r\n\r\n\r\n\r\n\r\n\r\n\r\n\r\n\r\n\r\n\r\n\r\n\r\n\r\n\r\n\r\n\r\n\r\n\r\n\r\n\r\n<figure class=\"wp-block-image\"><a href=\"https:\/\/kulturweit.blog\/argentinienvillageneralbelgrano\/files\/2023\/01\/DSC_0036.jpg\"><img loading=\"lazy\" decoding=\"async\" class=\"aligncenter size-full wp-image-866\" src=\"https:\/\/kulturweit.blog\/argentinienvillageneralbelgrano\/files\/2023\/01\/DSC_0036.jpg\" alt=\"\" width=\"1024\" height=\"683\" srcset=\"https:\/\/kulturweit.blog\/argentinienvillageneralbelgrano\/files\/2023\/01\/DSC_0036.jpg 1024w, https:\/\/kulturweit.blog\/argentinienvillageneralbelgrano\/files\/2023\/01\/DSC_0036-300x200.jpg 300w, https:\/\/kulturweit.blog\/argentinienvillageneralbelgrano\/files\/2023\/01\/DSC_0036-800x534.jpg 800w, https:\/\/kulturweit.blog\/argentinienvillageneralbelgrano\/files\/2023\/01\/DSC_0036-768x512.jpg 768w\" sizes=\"(max-width: 1024px) 100vw, 1024px\" \/><\/a><a href=\"https:\/\/kulturweit.blog\/argentinienvillageneralbelgrano\/files\/2023\/01\/DSC_0897.jpg\"><img loading=\"lazy\" decoding=\"async\" class=\"aligncenter size-full wp-image-872\" src=\"https:\/\/kulturweit.blog\/argentinienvillageneralbelgrano\/files\/2023\/01\/DSC_0897.jpg\" alt=\"\" width=\"1024\" height=\"683\" srcset=\"https:\/\/kulturweit.blog\/argentinienvillageneralbelgrano\/files\/2023\/01\/DSC_0897.jpg 1024w, https:\/\/kulturweit.blog\/argentinienvillageneralbelgrano\/files\/2023\/01\/DSC_0897-300x200.jpg 300w, https:\/\/kulturweit.blog\/argentinienvillageneralbelgrano\/files\/2023\/01\/DSC_0897-800x534.jpg 800w, https:\/\/kulturweit.blog\/argentinienvillageneralbelgrano\/files\/2023\/01\/DSC_0897-768x512.jpg 768w\" sizes=\"(max-width: 1024px) 100vw, 1024px\" \/><\/a><a href=\"https:\/\/kulturweit.blog\/argentinienvillageneralbelgrano\/files\/2023\/01\/DSC_0946.jpg\"><img loading=\"lazy\" decoding=\"async\" class=\"aligncenter size-full wp-image-873\" src=\"https:\/\/kulturweit.blog\/argentinienvillageneralbelgrano\/files\/2023\/01\/DSC_0946.jpg\" alt=\"\" width=\"1024\" height=\"683\" srcset=\"https:\/\/kulturweit.blog\/argentinienvillageneralbelgrano\/files\/2023\/01\/DSC_0946.jpg 1024w, https:\/\/kulturweit.blog\/argentinienvillageneralbelgrano\/files\/2023\/01\/DSC_0946-300x200.jpg 300w, https:\/\/kulturweit.blog\/argentinienvillageneralbelgrano\/files\/2023\/01\/DSC_0946-800x534.jpg 800w, https:\/\/kulturweit.blog\/argentinienvillageneralbelgrano\/files\/2023\/01\/DSC_0946-768x512.jpg 768w\" sizes=\"(max-width: 1024px) 100vw, 1024px\" \/><\/a><img decoding=\"async\" class=\"wp-image-384\" src=\"https:\/\/kulturweit.blog\/argentinienvillageneralbelgrano\/files\/2023\/01\/dsc_09525894183873343295107-683x1024.jpg\" alt=\"\" \/>\r\n<figcaption class=\"wp-element-caption\">Die T\u00fcrme!<\/figcaption>\r\n<\/figure>\r\n\r\n\r\n\r\n<figure class=\"wp-block-image\"><img decoding=\"async\" class=\"wp-image-397\" src=\"https:\/\/kulturweit.blog\/argentinienvillageneralbelgrano\/files\/2023\/01\/DSC_0951-1024x683.jpg\" alt=\"\" \/><a href=\"https:\/\/kulturweit.blog\/argentinienvillageneralbelgrano\/files\/2023\/01\/DSC_0951.jpg\"><img loading=\"lazy\" decoding=\"async\" class=\"aligncenter size-full wp-image-874\" src=\"https:\/\/kulturweit.blog\/argentinienvillageneralbelgrano\/files\/2023\/01\/DSC_0951.jpg\" alt=\"\" width=\"1024\" height=\"683\" srcset=\"https:\/\/kulturweit.blog\/argentinienvillageneralbelgrano\/files\/2023\/01\/DSC_0951.jpg 1024w, https:\/\/kulturweit.blog\/argentinienvillageneralbelgrano\/files\/2023\/01\/DSC_0951-300x200.jpg 300w, https:\/\/kulturweit.blog\/argentinienvillageneralbelgrano\/files\/2023\/01\/DSC_0951-800x534.jpg 800w, https:\/\/kulturweit.blog\/argentinienvillageneralbelgrano\/files\/2023\/01\/DSC_0951-768x512.jpg 768w\" sizes=\"(max-width: 1024px) 100vw, 1024px\" \/><\/a>\r\n<figcaption class=\"wp-element-caption\">Der Aussichtspunkt und der Weg zu den T\u00fcrmen war voller Touristen. Auf der weiteren Strecke des &#8222;W&#8220; wurden es aber immer weniger.<br \/><a href=\"https:\/\/kulturweit.blog\/argentinienvillageneralbelgrano\/files\/2023\/01\/DSC_0960.jpg\"><img loading=\"lazy\" decoding=\"async\" class=\"aligncenter size-full wp-image-875\" src=\"https:\/\/kulturweit.blog\/argentinienvillageneralbelgrano\/files\/2023\/01\/DSC_0960.jpg\" alt=\"\" width=\"1024\" height=\"683\" srcset=\"https:\/\/kulturweit.blog\/argentinienvillageneralbelgrano\/files\/2023\/01\/DSC_0960.jpg 1024w, https:\/\/kulturweit.blog\/argentinienvillageneralbelgrano\/files\/2023\/01\/DSC_0960-300x200.jpg 300w, https:\/\/kulturweit.blog\/argentinienvillageneralbelgrano\/files\/2023\/01\/DSC_0960-800x534.jpg 800w, https:\/\/kulturweit.blog\/argentinienvillageneralbelgrano\/files\/2023\/01\/DSC_0960-768x512.jpg 768w\" sizes=\"(max-width: 1024px) 100vw, 1024px\" \/><\/a><\/figcaption>\r\n<\/figure>\r\n\r\n\r\n\r\n\r\n\r\n<figure class=\"wp-block-image\">\r\n<figcaption class=\"wp-element-caption\">Auch die Pferde sind f\u00fcr die Touristen<\/figcaption>\r\n<a href=\"https:\/\/kulturweit.blog\/argentinienvillageneralbelgrano\/files\/2023\/01\/DSC_0097.jpg\"><img loading=\"lazy\" decoding=\"async\" class=\"aligncenter size-full wp-image-867\" src=\"https:\/\/kulturweit.blog\/argentinienvillageneralbelgrano\/files\/2023\/01\/DSC_0097.jpg\" alt=\"\" width=\"1024\" height=\"683\" srcset=\"https:\/\/kulturweit.blog\/argentinienvillageneralbelgrano\/files\/2023\/01\/DSC_0097.jpg 1024w, https:\/\/kulturweit.blog\/argentinienvillageneralbelgrano\/files\/2023\/01\/DSC_0097-300x200.jpg 300w, https:\/\/kulturweit.blog\/argentinienvillageneralbelgrano\/files\/2023\/01\/DSC_0097-800x534.jpg 800w, https:\/\/kulturweit.blog\/argentinienvillageneralbelgrano\/files\/2023\/01\/DSC_0097-768x512.jpg 768w\" sizes=\"(max-width: 1024px) 100vw, 1024px\" \/><\/a><\/figure>\r\n\r\n\r\n\r\n\r\n\r\n\r\n\r\n\r\n\r\n\r\n\r\n\r\n\r\n\r\n\r\n<figure class=\"wp-block-image\">Die Entenlagune!<\/figure>\r\n<figure><a href=\"https:\/\/kulturweit.blog\/argentinienvillageneralbelgrano\/files\/2023\/01\/DSC_0168_1.jpg\"><img loading=\"lazy\" decoding=\"async\" class=\"aligncenter size-full wp-image-869\" src=\"https:\/\/kulturweit.blog\/argentinienvillageneralbelgrano\/files\/2023\/01\/DSC_0168_1.jpg\" alt=\"\" width=\"1024\" height=\"683\" srcset=\"https:\/\/kulturweit.blog\/argentinienvillageneralbelgrano\/files\/2023\/01\/DSC_0168_1.jpg 1024w, https:\/\/kulturweit.blog\/argentinienvillageneralbelgrano\/files\/2023\/01\/DSC_0168_1-300x200.jpg 300w, https:\/\/kulturweit.blog\/argentinienvillageneralbelgrano\/files\/2023\/01\/DSC_0168_1-800x534.jpg 800w, https:\/\/kulturweit.blog\/argentinienvillageneralbelgrano\/files\/2023\/01\/DSC_0168_1-768x512.jpg 768w\" sizes=\"(max-width: 1024px) 100vw, 1024px\" \/><\/a><\/figure>\r\n<figure class=\"wp-block-image\">Der Grey Gletscher am Ende meiner Strecke. Auch dieser schrumpft immer weiter. Heute ist ein gro\u00dfer Teil seines einstigen Gebietes zum See Grey geworden.<\/figure>\r\n\r\n\r\n\r\n\r\n\r\n\r\n\r\n\r\n\r\n\r\n\r\n\r\n\r\n\r\n\r\n\r\n\r\n\r\n\r\n\r\n\r\n<figure class=\"wp-block-image\"><img decoding=\"async\" class=\"wp-image-423\" src=\"https:\/\/kulturweit.blog\/argentinienvillageneralbelgrano\/files\/2023\/01\/DSC_0129-1024x683.jpg\" alt=\"\" \/><a href=\"https:\/\/kulturweit.blog\/argentinienvillageneralbelgrano\/files\/2023\/01\/DSC_0121.jpg\"><img loading=\"lazy\" decoding=\"async\" class=\"aligncenter size-full wp-image-877\" src=\"https:\/\/kulturweit.blog\/argentinienvillageneralbelgrano\/files\/2023\/01\/DSC_0121.jpg\" alt=\"\" width=\"1024\" height=\"683\" srcset=\"https:\/\/kulturweit.blog\/argentinienvillageneralbelgrano\/files\/2023\/01\/DSC_0121.jpg 1024w, https:\/\/kulturweit.blog\/argentinienvillageneralbelgrano\/files\/2023\/01\/DSC_0121-300x200.jpg 300w, https:\/\/kulturweit.blog\/argentinienvillageneralbelgrano\/files\/2023\/01\/DSC_0121-800x534.jpg 800w, https:\/\/kulturweit.blog\/argentinienvillageneralbelgrano\/files\/2023\/01\/DSC_0121-768x512.jpg 768w\" sizes=\"(max-width: 1024px) 100vw, 1024px\" \/><\/a><\/figure>\r\n\r\n\r\n\r\n\r\n\r\n<figure class=\"wp-block-image\"><img decoding=\"async\" class=\"wp-image-227\" src=\"\/\/\/data\/user\/0\/org.wordpress.android\/cache\/DSC_0135.JPG\" alt=\"\" \/><a href=\"https:\/\/kulturweit.blog\/argentinienvillageneralbelgrano\/files\/2023\/01\/DSC_0135.jpg\"><img loading=\"lazy\" decoding=\"async\" class=\"aligncenter size-full wp-image-868\" src=\"https:\/\/kulturweit.blog\/argentinienvillageneralbelgrano\/files\/2023\/01\/DSC_0135.jpg\" alt=\"\" width=\"1024\" height=\"683\" srcset=\"https:\/\/kulturweit.blog\/argentinienvillageneralbelgrano\/files\/2023\/01\/DSC_0135.jpg 1024w, https:\/\/kulturweit.blog\/argentinienvillageneralbelgrano\/files\/2023\/01\/DSC_0135-300x200.jpg 300w, https:\/\/kulturweit.blog\/argentinienvillageneralbelgrano\/files\/2023\/01\/DSC_0135-800x534.jpg 800w, https:\/\/kulturweit.blog\/argentinienvillageneralbelgrano\/files\/2023\/01\/DSC_0135-768x512.jpg 768w\" sizes=\"(max-width: 1024px) 100vw, 1024px\" \/><\/a>\r\n<figcaption class=\"wp-element-caption\">Zum Gletscher f\u00fchren zwei riesige H\u00e4ngebr\u00fccken. Die waren der Hammer!<\/figcaption>\r\n<\/figure>\r\n\r\n\r\n\r\n<figure class=\"wp-block-image\">\r\n<figcaption class=\"wp-element-caption\"><a href=\"https:\/\/kulturweit.blog\/argentinienvillageneralbelgrano\/files\/2023\/01\/DSC_0174_1.jpg\"><img loading=\"lazy\" decoding=\"async\" class=\"aligncenter size-full wp-image-870\" src=\"https:\/\/kulturweit.blog\/argentinienvillageneralbelgrano\/files\/2023\/01\/DSC_0174_1.jpg\" alt=\"\" width=\"1024\" height=\"683\" srcset=\"https:\/\/kulturweit.blog\/argentinienvillageneralbelgrano\/files\/2023\/01\/DSC_0174_1.jpg 1024w, https:\/\/kulturweit.blog\/argentinienvillageneralbelgrano\/files\/2023\/01\/DSC_0174_1-300x200.jpg 300w, https:\/\/kulturweit.blog\/argentinienvillageneralbelgrano\/files\/2023\/01\/DSC_0174_1-800x534.jpg 800w, https:\/\/kulturweit.blog\/argentinienvillageneralbelgrano\/files\/2023\/01\/DSC_0174_1-768x512.jpg 768w\" sizes=\"(max-width: 1024px) 100vw, 1024px\" \/><\/a><br \/>Es gab auch eine Menge Vogelarten. Ich sah auch einen Kondor, schaffte es aber nur, diesen Falken einzufangen.<\/figcaption>\r\n<\/figure>\r\n\r\n\r\n\r\n<figure class=\"wp-block-image\"><a href=\"https:\/\/kulturweit.blog\/argentinienvillageneralbelgrano\/files\/2023\/01\/DSC_0223.jpg\"><img loading=\"lazy\" decoding=\"async\" class=\"aligncenter size-full wp-image-871\" src=\"https:\/\/kulturweit.blog\/argentinienvillageneralbelgrano\/files\/2023\/01\/DSC_0223.jpg\" alt=\"\" width=\"1024\" height=\"683\" srcset=\"https:\/\/kulturweit.blog\/argentinienvillageneralbelgrano\/files\/2023\/01\/DSC_0223.jpg 1024w, https:\/\/kulturweit.blog\/argentinienvillageneralbelgrano\/files\/2023\/01\/DSC_0223-300x200.jpg 300w, https:\/\/kulturweit.blog\/argentinienvillageneralbelgrano\/files\/2023\/01\/DSC_0223-800x534.jpg 800w, https:\/\/kulturweit.blog\/argentinienvillageneralbelgrano\/files\/2023\/01\/DSC_0223-768x512.jpg 768w\" sizes=\"(max-width: 1024px) 100vw, 1024px\" \/><\/a><img decoding=\"async\" class=\"wp-image-421\" src=\"https:\/\/kulturweit.blog\/argentinienvillageneralbelgrano\/files\/2023\/01\/DSC_0168_1-1024x683.jpg\" alt=\"\" \/><\/figure>\r\n<figure class=\"wp-block-image\">Noch ein Paar letzte Blicke vom Catamaran auf den Nationalpark. Dann gings zur\u00fcck in den Ernst der Zivilisation.<\/figure>\r\n\r\n\r\n\r\n\r\n\r\n\r\n\r\n\r\n\r\n\r\n\r\n\r\n\r\n\r\n\r\n<figure class=\"wp-block-image\"><img decoding=\"async\" class=\"wp-image-236\" src=\"\/\/\/data\/user\/0\/org.wordpress.android\/cache\/DSC_0231.JPG\" alt=\"\" \/><\/figure>\r\n","protected":false},"excerpt":{"rendered":"<p>Letzte Woche bin ich entlang des &#8222;W&#8220; im Nationalpark Torres del Paine gewandert. Daf\u00fcr schlief ich 4 N\u00e4chte lang auf unterschiedlichen Campingpl\u00e4tzen entlang der Route.<\/p>\n","protected":false},"author":3061,"featured_media":873,"comment_status":"open","ping_status":"open","sticky":false,"template":"","format":"standard","meta":{"footnotes":""},"categories":[341,563,138],"tags":[],"class_list":["post-435","post","type-post","status-publish","format-standard","has-post-thumbnail","hentry","category-ausflug","category-erlebnis","category-reise"],"amp_enabled":true,"_links":{"self":[{"href":"https:\/\/kulturweit.blog\/argentinienvillageneralbelgrano\/wp-json\/wp\/v2\/posts\/435"}],"collection":[{"href":"https:\/\/kulturweit.blog\/argentinienvillageneralbelgrano\/wp-json\/wp\/v2\/posts"}],"about":[{"href":"https:\/\/kulturweit.blog\/argentinienvillageneralbelgrano\/wp-json\/wp\/v2\/types\/post"}],"author":[{"embeddable":true,"href":"https:\/\/kulturweit.blog\/argentinienvillageneralbelgrano\/wp-json\/wp\/v2\/users\/3061"}],"replies":[{"embeddable":true,"href":"https:\/\/kulturweit.blog\/argentinienvillageneralbelgrano\/wp-json\/wp\/v2\/comments?post=435"}],"version-history":[{"count":3,"href":"https:\/\/kulturweit.blog\/argentinienvillageneralbelgrano\/wp-json\/wp\/v2\/posts\/435\/revisions"}],"predecessor-version":[{"id":878,"href":"https:\/\/kulturweit.blog\/argentinienvillageneralbelgrano\/wp-json\/wp\/v2\/posts\/435\/revisions\/878"}],"wp:featuredmedia":[{"embeddable":true,"href":"https:\/\/kulturweit.blog\/argentinienvillageneralbelgrano\/wp-json\/wp\/v2\/media\/873"}],"wp:attachment":[{"href":"https:\/\/kulturweit.blog\/argentinienvillageneralbelgrano\/wp-json\/wp\/v2\/media?parent=435"}],"wp:term":[{"taxonomy":"category","embeddable":true,"href":"https:\/\/kulturweit.blog\/argentinienvillageneralbelgrano\/wp-json\/wp\/v2\/categories?post=435"},{"taxonomy":"post_tag","embeddable":true,"href":"https:\/\/kulturweit.blog\/argentinienvillageneralbelgrano\/wp-json\/wp\/v2\/tags?post=435"}],"curies":[{"name":"wp","href":"https:\/\/api.w.org\/{rel}","templated":true}]}}