{"id":340,"date":"2022-12-31T10:40:05","date_gmt":"2022-12-31T13:40:05","guid":{"rendered":"https:\/\/kulturweit.blog\/argentinienvillageneralbelgrano\/?p=340"},"modified":"2023-03-04T13:03:11","modified_gmt":"2023-03-04T16:03:11","slug":"vom-winde-verweht","status":"publish","type":"post","link":"https:\/\/kulturweit.blog\/argentinienvillageneralbelgrano\/2022\/12\/31\/vom-winde-verweht\/","title":{"rendered":"Vom Winde verweht"},"content":{"rendered":"\r\n<p>In den letzten Tagen bin ich von Ushuaia weiter gefahren. Da es keine Direkt Verbindung nach Puerto Natales gibt, bin ich erstmal nach Punta Arenas gereist. Die Busfahrt f\u00fchrte mit einer F\u00e4hre \u00fcber die Magelanstra\u00dfe und von dort \u00fcber die Argentinische und chilenische Passkontrolle.<\/p>\r\n\r\n\r\n\r\n<figure class=\"wp-block-image size-large\"><img decoding=\"async\" class=\"wp-image-327\" src=\"https:\/\/kulturweit.blog\/argentinienvillageneralbelgrano\/files\/2022\/12\/20221229_160127-1024x768.jpg\" alt=\"\" \/><\/figure>\r\n\r\n\r\n\r\n<figure class=\"wp-block-image size-large\"><img loading=\"lazy\" decoding=\"async\" width=\"580\" height=\"347\" class=\"wp-image-338\" src=\"https:\/\/kulturweit.blog\/argentinienvillageneralbelgrano\/files\/2022\/12\/image_editor_output_image-331032938-1672493808656.jpg\" alt=\"\" srcset=\"https:\/\/kulturweit.blog\/argentinienvillageneralbelgrano\/files\/2022\/12\/image_editor_output_image-331032938-1672493808656.jpg 580w, https:\/\/kulturweit.blog\/argentinienvillageneralbelgrano\/files\/2022\/12\/image_editor_output_image-331032938-1672493808656-300x179.jpg 300w\" sizes=\"(max-width: 580px) 100vw, 580px\" \/>\r\n<figcaption class=\"wp-element-caption\">Sogar die Katzen sind ganz struppig vom Wind.<\/figcaption>\r\n<\/figure>\r\n\r\n\r\n\r\n<figure class=\"wp-block-image\"><img decoding=\"async\" class=\"wp-image-326\" src=\"https:\/\/kulturweit.blog\/argentinienvillageneralbelgrano\/files\/2022\/12\/20221229_172138-1024x768.jpg\" alt=\"\" \/> <a href=\"https:\/\/kulturweit.blog\/argentinienvillageneralbelgrano\/files\/2022\/12\/20221229_180303_01_saved.jpg\"><img loading=\"lazy\" decoding=\"async\" class=\"aligncenter size-full wp-image-855\" src=\"https:\/\/kulturweit.blog\/argentinienvillageneralbelgrano\/files\/2022\/12\/20221229_180303_01_saved.jpg\" alt=\"\" width=\"1024\" height=\"768\" srcset=\"https:\/\/kulturweit.blog\/argentinienvillageneralbelgrano\/files\/2022\/12\/20221229_180303_01_saved.jpg 1024w, https:\/\/kulturweit.blog\/argentinienvillageneralbelgrano\/files\/2022\/12\/20221229_180303_01_saved-300x225.jpg 300w, https:\/\/kulturweit.blog\/argentinienvillageneralbelgrano\/files\/2022\/12\/20221229_180303_01_saved-800x600.jpg 800w, https:\/\/kulturweit.blog\/argentinienvillageneralbelgrano\/files\/2022\/12\/20221229_180303_01_saved-768x576.jpg 768w, https:\/\/kulturweit.blog\/argentinienvillageneralbelgrano\/files\/2022\/12\/20221229_180303_01_saved-160x120.jpg 160w\" sizes=\"(max-width: 1024px) 100vw, 1024px\" \/><\/a><\/figure>\r\n<figure class=\"wp-block-image\">\r\n<figcaption class=\"wp-element-caption\">\u00dcberquerung der Magelanstra\u00dfe<\/figcaption>\r\n<\/figure>\r\n\r\n\r\n\r\n<figure class=\"wp-block-image\"><a href=\"https:\/\/kulturweit.blog\/argentinienvillageneralbelgrano\/files\/2022\/12\/20221229_211425.jpg\"><img loading=\"lazy\" decoding=\"async\" class=\"aligncenter size-full wp-image-856\" src=\"https:\/\/kulturweit.blog\/argentinienvillageneralbelgrano\/files\/2022\/12\/20221229_211425.jpg\" alt=\"\" width=\"1024\" height=\"768\" srcset=\"https:\/\/kulturweit.blog\/argentinienvillageneralbelgrano\/files\/2022\/12\/20221229_211425.jpg 1024w, https:\/\/kulturweit.blog\/argentinienvillageneralbelgrano\/files\/2022\/12\/20221229_211425-300x225.jpg 300w, https:\/\/kulturweit.blog\/argentinienvillageneralbelgrano\/files\/2022\/12\/20221229_211425-800x600.jpg 800w, https:\/\/kulturweit.blog\/argentinienvillageneralbelgrano\/files\/2022\/12\/20221229_211425-768x576.jpg 768w, https:\/\/kulturweit.blog\/argentinienvillageneralbelgrano\/files\/2022\/12\/20221229_211425-160x120.jpg 160w\" sizes=\"(max-width: 1024px) 100vw, 1024px\" \/><\/a><img decoding=\"async\" class=\"wp-image-328\" src=\"https:\/\/kulturweit.blog\/argentinienvillageneralbelgrano\/files\/2022\/12\/20221229_180303_01_saved-1024x768.jpg\" alt=\"\" \/><\/figure>\r\n\r\n\r\n\r\n<p>Punta Arenes ist ebenso eine sehr sch\u00f6ne Stadt, mit einer Strandpromenade auf der Denkm\u00e4ler von vor der K\u00fcste verungl\u00fcckten Schiffe stehen.<\/p>\r\n\r\n\r\n\r\n<figure class=\"wp-block-image size-large\"><img decoding=\"async\" class=\"wp-image-330\" src=\"https:\/\/kulturweit.blog\/argentinienvillageneralbelgrano\/files\/2022\/12\/20221229_211807-1024x768.jpg\" alt=\"\" \/><a href=\"https:\/\/kulturweit.blog\/argentinienvillageneralbelgrano\/files\/2022\/12\/20221229_211807.jpg\"><img loading=\"lazy\" decoding=\"async\" class=\"aligncenter size-full wp-image-850\" src=\"https:\/\/kulturweit.blog\/argentinienvillageneralbelgrano\/files\/2022\/12\/20221229_211807.jpg\" alt=\"\" width=\"1024\" height=\"768\" srcset=\"https:\/\/kulturweit.blog\/argentinienvillageneralbelgrano\/files\/2022\/12\/20221229_211807.jpg 1024w, https:\/\/kulturweit.blog\/argentinienvillageneralbelgrano\/files\/2022\/12\/20221229_211807-300x225.jpg 300w, https:\/\/kulturweit.blog\/argentinienvillageneralbelgrano\/files\/2022\/12\/20221229_211807-800x600.jpg 800w, https:\/\/kulturweit.blog\/argentinienvillageneralbelgrano\/files\/2022\/12\/20221229_211807-768x576.jpg 768w, https:\/\/kulturweit.blog\/argentinienvillageneralbelgrano\/files\/2022\/12\/20221229_211807-160x120.jpg 160w\" sizes=\"(max-width: 1024px) 100vw, 1024px\" \/><\/a>\r\n<figcaption class=\"wp-element-caption\">Eines der Schiffsdenkm\u00e4ler<\/figcaption>\r\n<img decoding=\"async\" class=\"wp-image-339\" src=\"https:\/\/kulturweit.blog\/argentinienvillageneralbelgrano\/files\/2022\/12\/20221229_213133-1024x768.jpg\" alt=\"\" \/><a href=\"https:\/\/kulturweit.blog\/argentinienvillageneralbelgrano\/files\/2022\/12\/20221229_230017.jpg\"><img loading=\"lazy\" decoding=\"async\" class=\"aligncenter size-full wp-image-854\" src=\"https:\/\/kulturweit.blog\/argentinienvillageneralbelgrano\/files\/2022\/12\/20221229_230017.jpg\" alt=\"\" width=\"1024\" height=\"768\" srcset=\"https:\/\/kulturweit.blog\/argentinienvillageneralbelgrano\/files\/2022\/12\/20221229_230017.jpg 1024w, https:\/\/kulturweit.blog\/argentinienvillageneralbelgrano\/files\/2022\/12\/20221229_230017-300x225.jpg 300w, https:\/\/kulturweit.blog\/argentinienvillageneralbelgrano\/files\/2022\/12\/20221229_230017-800x600.jpg 800w, https:\/\/kulturweit.blog\/argentinienvillageneralbelgrano\/files\/2022\/12\/20221229_230017-768x576.jpg 768w, https:\/\/kulturweit.blog\/argentinienvillageneralbelgrano\/files\/2022\/12\/20221229_230017-160x120.jpg 160w\" sizes=\"(max-width: 1024px) 100vw, 1024px\" \/><\/a><\/figure>\r\n\r\n\r\n\r\n\r\n\r\n\r\n\r\n<figure class=\"wp-block-image\"><img decoding=\"async\" class=\"wp-image-332\" src=\"https:\/\/kulturweit.blog\/argentinienvillageneralbelgrano\/files\/2022\/12\/20221229_230017-1024x768.jpg\" alt=\"\" \/><a href=\"https:\/\/kulturweit.blog\/argentinienvillageneralbelgrano\/files\/2022\/12\/20221229_223841.jpg\"><img loading=\"lazy\" decoding=\"async\" class=\"aligncenter size-full wp-image-853\" src=\"https:\/\/kulturweit.blog\/argentinienvillageneralbelgrano\/files\/2022\/12\/20221229_223841.jpg\" alt=\"\" width=\"1024\" height=\"768\" srcset=\"https:\/\/kulturweit.blog\/argentinienvillageneralbelgrano\/files\/2022\/12\/20221229_223841.jpg 1024w, https:\/\/kulturweit.blog\/argentinienvillageneralbelgrano\/files\/2022\/12\/20221229_223841-300x225.jpg 300w, https:\/\/kulturweit.blog\/argentinienvillageneralbelgrano\/files\/2022\/12\/20221229_223841-800x600.jpg 800w, https:\/\/kulturweit.blog\/argentinienvillageneralbelgrano\/files\/2022\/12\/20221229_223841-768x576.jpg 768w, https:\/\/kulturweit.blog\/argentinienvillageneralbelgrano\/files\/2022\/12\/20221229_223841-160x120.jpg 160w\" sizes=\"(max-width: 1024px) 100vw, 1024px\" \/><\/a><\/figure>\r\n\r\n\r\n\r\n<figure class=\"wp-block-image\"><img decoding=\"async\" class=\"wp-image-334\" src=\"https:\/\/kulturweit.blog\/argentinienvillageneralbelgrano\/files\/2022\/12\/20221229_214232-1024x768.jpg\" alt=\"\" \/><a href=\"https:\/\/kulturweit.blog\/argentinienvillageneralbelgrano\/files\/2022\/12\/20221229_214232.jpg\"><img loading=\"lazy\" decoding=\"async\" class=\"aligncenter size-full wp-image-852\" src=\"https:\/\/kulturweit.blog\/argentinienvillageneralbelgrano\/files\/2022\/12\/20221229_214232.jpg\" alt=\"\" width=\"1024\" height=\"768\" srcset=\"https:\/\/kulturweit.blog\/argentinienvillageneralbelgrano\/files\/2022\/12\/20221229_214232.jpg 1024w, https:\/\/kulturweit.blog\/argentinienvillageneralbelgrano\/files\/2022\/12\/20221229_214232-300x225.jpg 300w, https:\/\/kulturweit.blog\/argentinienvillageneralbelgrano\/files\/2022\/12\/20221229_214232-800x600.jpg 800w, https:\/\/kulturweit.blog\/argentinienvillageneralbelgrano\/files\/2022\/12\/20221229_214232-768x576.jpg 768w, https:\/\/kulturweit.blog\/argentinienvillageneralbelgrano\/files\/2022\/12\/20221229_214232-160x120.jpg 160w\" sizes=\"(max-width: 1024px) 100vw, 1024px\" \/><\/a>\r\n<figcaption class=\"wp-element-caption\">Und es gibt einen gro\u00dfen Friedhof, der aber leider an dem Abend nat\u00fcrlich schon zu hatte.<\/figcaption>\r\n<\/figure>\r\n\r\n\r\n\r\n<figure class=\"wp-block-image\"><img decoding=\"async\" class=\"wp-image-333\" src=\"https:\/\/kulturweit.blog\/argentinienvillageneralbelgrano\/files\/2022\/12\/20221229_223844-1024x768.jpg\" alt=\"\" \/><\/figure>\r\n\r\n\r\n\r\n<figure class=\"wp-block-image\"><img decoding=\"async\" class=\"wp-image-331\" src=\"https:\/\/kulturweit.blog\/argentinienvillageneralbelgrano\/files\/2022\/12\/20221229_211425-1024x768.jpg\" alt=\"\" \/><\/figure>\r\n\r\n\r\n\r\n<p>Am N\u00e4chsten Tag ging es weiter nach Puerto Natales, wo ich erstmal f\u00fcr drei N\u00e4chte auf einem Campingplatz bleiben werde und dann in den Nationalpark aufbreche.<\/p>\r\n\r\n\r\n\r\n<figure class=\"wp-block-image size-large\"><img decoding=\"async\" class=\"wp-image-336\" src=\"https:\/\/kulturweit.blog\/argentinienvillageneralbelgrano\/files\/2022\/12\/20221230_210648-1024x768.jpg\" alt=\"\" \/><\/figure>\r\n\r\n\r\n\r\n<figure class=\"wp-block-image\"><img decoding=\"async\" class=\"wp-image-335\" src=\"https:\/\/kulturweit.blog\/argentinienvillageneralbelgrano\/files\/2022\/12\/20221230_211101-1024x768.jpg\" alt=\"\" \/><\/figure>\r\n","protected":false},"excerpt":{"rendered":"<p>In den letzten Tagen bin ich von Ushuaia weiter gefahren. Da es keine Direkt Verbindung nach Puerto Natales gibt, bin ich erstmal nach Punta Arenas gereist. Die Busfahrt f\u00fchrte mit einer F\u00e4hre \u00fcber die Magelanstra\u00dfe und von dort \u00fcber die Argentinische und chilenische Passkontrolle. Punta Arenes ist ebenso eine sehr sch\u00f6ne Stadt, mit einer Strandpromenade &hellip; <span class=\"more-link\"><a href=\"https:\/\/kulturweit.blog\/argentinienvillageneralbelgrano\/2022\/12\/31\/vom-winde-verweht\/\">Mehr lesen &raquo;<\/a><\/span><\/p>\n","protected":false},"author":3061,"featured_media":338,"comment_status":"open","ping_status":"open","sticky":false,"template":"","format":"standard","meta":{"footnotes":""},"categories":[21],"tags":[],"class_list":["post-340","post","type-post","status-publish","format-standard","has-post-thumbnail","hentry","category-allgemein"],"amp_enabled":true,"_links":{"self":[{"href":"https:\/\/kulturweit.blog\/argentinienvillageneralbelgrano\/wp-json\/wp\/v2\/posts\/340"}],"collection":[{"href":"https:\/\/kulturweit.blog\/argentinienvillageneralbelgrano\/wp-json\/wp\/v2\/posts"}],"about":[{"href":"https:\/\/kulturweit.blog\/argentinienvillageneralbelgrano\/wp-json\/wp\/v2\/types\/post"}],"author":[{"embeddable":true,"href":"https:\/\/kulturweit.blog\/argentinienvillageneralbelgrano\/wp-json\/wp\/v2\/users\/3061"}],"replies":[{"embeddable":true,"href":"https:\/\/kulturweit.blog\/argentinienvillageneralbelgrano\/wp-json\/wp\/v2\/comments?post=340"}],"version-history":[{"count":3,"href":"https:\/\/kulturweit.blog\/argentinienvillageneralbelgrano\/wp-json\/wp\/v2\/posts\/340\/revisions"}],"predecessor-version":[{"id":858,"href":"https:\/\/kulturweit.blog\/argentinienvillageneralbelgrano\/wp-json\/wp\/v2\/posts\/340\/revisions\/858"}],"wp:featuredmedia":[{"embeddable":true,"href":"https:\/\/kulturweit.blog\/argentinienvillageneralbelgrano\/wp-json\/wp\/v2\/media\/338"}],"wp:attachment":[{"href":"https:\/\/kulturweit.blog\/argentinienvillageneralbelgrano\/wp-json\/wp\/v2\/media?parent=340"}],"wp:term":[{"taxonomy":"category","embeddable":true,"href":"https:\/\/kulturweit.blog\/argentinienvillageneralbelgrano\/wp-json\/wp\/v2\/categories?post=340"},{"taxonomy":"post_tag","embeddable":true,"href":"https:\/\/kulturweit.blog\/argentinienvillageneralbelgrano\/wp-json\/wp\/v2\/tags?post=340"}],"curies":[{"name":"wp","href":"https:\/\/api.w.org\/{rel}","templated":true}]}}