{"id":323,"date":"2022-12-28T23:34:52","date_gmt":"2022-12-29T02:34:52","guid":{"rendered":"https:\/\/kulturweit.blog\/argentinienvillageneralbelgrano\/?p=323"},"modified":"2023-03-05T12:12:03","modified_gmt":"2023-03-05T15:12:03","slug":"al-fin-del-mundo-am-ende-der-welt","status":"publish","type":"post","link":"https:\/\/kulturweit.blog\/argentinienvillageneralbelgrano\/2022\/12\/28\/al-fin-del-mundo-am-ende-der-welt\/","title":{"rendered":"Al fin del mundo-Am Ende der Welt"},"content":{"rendered":"\r\n<p><a href=\"https:\/\/kulturweit.blog\/argentinienvillageneralbelgrano\/files\/2023\/01\/20221226_092542.jpg\"><img loading=\"lazy\" decoding=\"async\" class=\"aligncenter size-full wp-image-588\" src=\"https:\/\/kulturweit.blog\/argentinienvillageneralbelgrano\/files\/2023\/01\/20221226_092542.jpg\" alt=\"\" width=\"1920\" height=\"1440\" srcset=\"https:\/\/kulturweit.blog\/argentinienvillageneralbelgrano\/files\/2023\/01\/20221226_092542.jpg 1920w, https:\/\/kulturweit.blog\/argentinienvillageneralbelgrano\/files\/2023\/01\/20221226_092542-300x225.jpg 300w, https:\/\/kulturweit.blog\/argentinienvillageneralbelgrano\/files\/2023\/01\/20221226_092542-1024x768.jpg 1024w, https:\/\/kulturweit.blog\/argentinienvillageneralbelgrano\/files\/2023\/01\/20221226_092542-768x576.jpg 768w, https:\/\/kulturweit.blog\/argentinienvillageneralbelgrano\/files\/2023\/01\/20221226_092542-1536x1152.jpg 1536w, https:\/\/kulturweit.blog\/argentinienvillageneralbelgrano\/files\/2023\/01\/20221226_092542-160x120.jpg 160w\" sizes=\"(max-width: 1920px) 100vw, 1920px\" \/><\/a><\/p>\r\n<p>Am Montagmittag bin ich von Buenos Aires nach Ushuaia geflogen! Schon der Flug war sehr beeindruckend. Zun\u00e4chst ging es \u00fcber die unfassbar gro\u00dfe Stadt Buenos Aires, von der man nie alles gesehen haben kann. Auch der Landeanflug \u00fcber Ushuaia war sehr eindrucksvoll. Ich sah die bergigen Weiten Feuerlands. Voller W\u00e4lder, Fl\u00fcsse und T\u00e4ler. Es ist in diesen Tagen sehr bew\u00f6lkt, was den Anflug noch spannender machte, denn die Landschaft war immer nur kurz zu sehen, bevor sie wieder im Wei\u00df der Wolken verschwand.<\/p>\r\n\r\n\r\n\r\n<figure class=\"wp-block-image size-large\"><img decoding=\"async\" class=\"wp-image-269\" src=\"https:\/\/kulturweit.blog\/argentinienvillageneralbelgrano\/files\/2022\/12\/20221226_092542-1024x768.jpg\" alt=\"\" \/><\/figure>\r\n\r\n\r\n\r\n<figure class=\"wp-block-image\"><img decoding=\"async\" class=\"wp-image-274\" src=\"https:\/\/kulturweit.blog\/argentinienvillageneralbelgrano\/files\/2022\/12\/20221226_131425-1024x768.jpg\" alt=\"\" \/><\/figure>\r\n\r\n\r\n\r\n<figure class=\"wp-block-image\"><img decoding=\"async\" class=\"wp-image-271\" src=\"https:\/\/kulturweit.blog\/argentinienvillageneralbelgrano\/files\/2022\/12\/20221226_132018-1024x768.jpg\" alt=\"\" \/><a href=\"https:\/\/kulturweit.blog\/argentinienvillageneralbelgrano\/files\/2023\/01\/20221226_1316282291180983783932159.jpg\"><img loading=\"lazy\" decoding=\"async\" class=\"aligncenter size-full wp-image-585\" src=\"https:\/\/kulturweit.blog\/argentinienvillageneralbelgrano\/files\/2023\/01\/20221226_1316282291180983783932159.jpg\" alt=\"\" width=\"1440\" height=\"1920\" srcset=\"https:\/\/kulturweit.blog\/argentinienvillageneralbelgrano\/files\/2023\/01\/20221226_1316282291180983783932159.jpg 1440w, https:\/\/kulturweit.blog\/argentinienvillageneralbelgrano\/files\/2023\/01\/20221226_1316282291180983783932159-300x400.jpg 300w, https:\/\/kulturweit.blog\/argentinienvillageneralbelgrano\/files\/2023\/01\/20221226_1316282291180983783932159-768x1024.jpg 768w, https:\/\/kulturweit.blog\/argentinienvillageneralbelgrano\/files\/2023\/01\/20221226_1316282291180983783932159-1152x1536.jpg 1152w\" sizes=\"(max-width: 1440px) 100vw, 1440px\" \/><\/a> <a href=\"https:\/\/kulturweit.blog\/argentinienvillageneralbelgrano\/files\/2023\/01\/20221226_132018.jpg\"><img loading=\"lazy\" decoding=\"async\" class=\"aligncenter size-full wp-image-590\" src=\"https:\/\/kulturweit.blog\/argentinienvillageneralbelgrano\/files\/2023\/01\/20221226_132018.jpg\" alt=\"\" width=\"1920\" height=\"1440\" srcset=\"https:\/\/kulturweit.blog\/argentinienvillageneralbelgrano\/files\/2023\/01\/20221226_132018.jpg 1920w, https:\/\/kulturweit.blog\/argentinienvillageneralbelgrano\/files\/2023\/01\/20221226_132018-300x225.jpg 300w, https:\/\/kulturweit.blog\/argentinienvillageneralbelgrano\/files\/2023\/01\/20221226_132018-1024x768.jpg 1024w, https:\/\/kulturweit.blog\/argentinienvillageneralbelgrano\/files\/2023\/01\/20221226_132018-768x576.jpg 768w, https:\/\/kulturweit.blog\/argentinienvillageneralbelgrano\/files\/2023\/01\/20221226_132018-1536x1152.jpg 1536w, https:\/\/kulturweit.blog\/argentinienvillageneralbelgrano\/files\/2023\/01\/20221226_132018-160x120.jpg 160w\" sizes=\"(max-width: 1920px) 100vw, 1920px\" \/><\/a><\/figure>\r\n\r\n\r\n\r\n<figure class=\"wp-block-image\"><img decoding=\"async\" class=\"wp-image-272\" src=\"https:\/\/kulturweit.blog\/argentinienvillageneralbelgrano\/files\/2022\/12\/20221226_131621-1024x768.jpg\" alt=\"\" \/><\/figure>\r\n\r\n\r\n\r\n\r\n\r\n<figure class=\"wp-block-image\"><img decoding=\"async\" class=\"wp-image-270\" src=\"https:\/\/kulturweit.blog\/argentinienvillageneralbelgrano\/files\/2022\/12\/20221226_132229-1024x768.jpg\" alt=\"\" \/><a href=\"https:\/\/kulturweit.blog\/argentinienvillageneralbelgrano\/files\/2023\/01\/20221226_143228.jpg\"><img loading=\"lazy\" decoding=\"async\" class=\"aligncenter size-full wp-image-592\" src=\"https:\/\/kulturweit.blog\/argentinienvillageneralbelgrano\/files\/2023\/01\/20221226_143228.jpg\" alt=\"\" width=\"1920\" height=\"1440\" srcset=\"https:\/\/kulturweit.blog\/argentinienvillageneralbelgrano\/files\/2023\/01\/20221226_143228.jpg 1920w, https:\/\/kulturweit.blog\/argentinienvillageneralbelgrano\/files\/2023\/01\/20221226_143228-300x225.jpg 300w, https:\/\/kulturweit.blog\/argentinienvillageneralbelgrano\/files\/2023\/01\/20221226_143228-1024x768.jpg 1024w, https:\/\/kulturweit.blog\/argentinienvillageneralbelgrano\/files\/2023\/01\/20221226_143228-768x576.jpg 768w, https:\/\/kulturweit.blog\/argentinienvillageneralbelgrano\/files\/2023\/01\/20221226_143228-1536x1152.jpg 1536w, https:\/\/kulturweit.blog\/argentinienvillageneralbelgrano\/files\/2023\/01\/20221226_143228-160x120.jpg 160w\" sizes=\"(max-width: 1920px) 100vw, 1920px\" \/><\/a> <a href=\"https:\/\/kulturweit.blog\/argentinienvillageneralbelgrano\/files\/2023\/01\/20221226_135937.jpg\"><img loading=\"lazy\" decoding=\"async\" class=\"aligncenter size-full wp-image-593\" src=\"https:\/\/kulturweit.blog\/argentinienvillageneralbelgrano\/files\/2023\/01\/20221226_135937.jpg\" alt=\"\" width=\"1920\" height=\"1440\" srcset=\"https:\/\/kulturweit.blog\/argentinienvillageneralbelgrano\/files\/2023\/01\/20221226_135937.jpg 1920w, https:\/\/kulturweit.blog\/argentinienvillageneralbelgrano\/files\/2023\/01\/20221226_135937-300x225.jpg 300w, https:\/\/kulturweit.blog\/argentinienvillageneralbelgrano\/files\/2023\/01\/20221226_135937-1024x768.jpg 1024w, https:\/\/kulturweit.blog\/argentinienvillageneralbelgrano\/files\/2023\/01\/20221226_135937-768x576.jpg 768w, https:\/\/kulturweit.blog\/argentinienvillageneralbelgrano\/files\/2023\/01\/20221226_135937-1536x1152.jpg 1536w, https:\/\/kulturweit.blog\/argentinienvillageneralbelgrano\/files\/2023\/01\/20221226_135937-160x120.jpg 160w\" sizes=\"(max-width: 1920px) 100vw, 1920px\" \/><\/a><\/figure>\r\n\r\n\r\n\r\n<p>Ich h\u00f6rte, dass der Flughafen Ushuaias sehr sch\u00f6n sein soll, doch ich konnte meinen Blick nicht von den Bergen vor mir abwenden. Ich h\u00e4tte vom Flughafen aus auch einfach ein Taxi nehmen k\u00f6nnen, doch ich wollte Geld sparen und auch schon mal erste Ushuaia Luft schnuppern. Deshalb lief ich und versuchte in der Stadt dann einen Bus zu finden.<\/p>\r\n\r\n\r\n\r\n<figure class=\"wp-block-image\"><img decoding=\"async\" class=\"wp-image-273\" src=\"https:\/\/kulturweit.blog\/argentinienvillageneralbelgrano\/files\/2022\/12\/20221226_140458-1024x768.jpg\" alt=\"\" \/><a href=\"https:\/\/kulturweit.blog\/argentinienvillageneralbelgrano\/files\/2023\/01\/20221226_140458.jpg\"><img loading=\"lazy\" decoding=\"async\" class=\"aligncenter size-full wp-image-594\" src=\"https:\/\/kulturweit.blog\/argentinienvillageneralbelgrano\/files\/2023\/01\/20221226_140458.jpg\" alt=\"\" width=\"1920\" height=\"1440\" srcset=\"https:\/\/kulturweit.blog\/argentinienvillageneralbelgrano\/files\/2023\/01\/20221226_140458.jpg 1920w, https:\/\/kulturweit.blog\/argentinienvillageneralbelgrano\/files\/2023\/01\/20221226_140458-300x225.jpg 300w, https:\/\/kulturweit.blog\/argentinienvillageneralbelgrano\/files\/2023\/01\/20221226_140458-1024x768.jpg 1024w, https:\/\/kulturweit.blog\/argentinienvillageneralbelgrano\/files\/2023\/01\/20221226_140458-768x576.jpg 768w, https:\/\/kulturweit.blog\/argentinienvillageneralbelgrano\/files\/2023\/01\/20221226_140458-1536x1152.jpg 1536w, https:\/\/kulturweit.blog\/argentinienvillageneralbelgrano\/files\/2023\/01\/20221226_140458-160x120.jpg 160w\" sizes=\"(max-width: 1920px) 100vw, 1920px\" \/><\/a>\r\n<figcaption class=\"wp-element-caption\">\u00a1Las Malvinas son siempre amrgentinas!<\/figcaption>\r\n<img decoding=\"async\" class=\"wp-image-45\" src=\"\/\/\/storage\/emulated\/0\/DCIM\/Camera\/20221226_174829.jpg\" alt=\"\" \/><a href=\"https:\/\/kulturweit.blog\/argentinienvillageneralbelgrano\/files\/2023\/01\/20221226_174042.jpg\"><img loading=\"lazy\" decoding=\"async\" class=\"aligncenter size-full wp-image-595\" src=\"https:\/\/kulturweit.blog\/argentinienvillageneralbelgrano\/files\/2023\/01\/20221226_174042.jpg\" alt=\"\" width=\"1920\" height=\"1440\" srcset=\"https:\/\/kulturweit.blog\/argentinienvillageneralbelgrano\/files\/2023\/01\/20221226_174042.jpg 1920w, https:\/\/kulturweit.blog\/argentinienvillageneralbelgrano\/files\/2023\/01\/20221226_174042-300x225.jpg 300w, https:\/\/kulturweit.blog\/argentinienvillageneralbelgrano\/files\/2023\/01\/20221226_174042-1024x768.jpg 1024w, https:\/\/kulturweit.blog\/argentinienvillageneralbelgrano\/files\/2023\/01\/20221226_174042-768x576.jpg 768w, https:\/\/kulturweit.blog\/argentinienvillageneralbelgrano\/files\/2023\/01\/20221226_174042-1536x1152.jpg 1536w, https:\/\/kulturweit.blog\/argentinienvillageneralbelgrano\/files\/2023\/01\/20221226_174042-160x120.jpg 160w\" sizes=\"(max-width: 1920px) 100vw, 1920px\" \/><\/a><\/figure>\r\n\r\n\r\n\r\n\r\n\r\n\r\n\r\n\r\n\r\n\r\n\r\n<figure class=\"wp-block-image\"><img decoding=\"async\" class=\"wp-image-46\" src=\"\/\/\/storage\/emulated\/0\/DCIM\/Camera\/20221226_174042.jpg\" alt=\"\" \/>\r\n<figcaption class=\"wp-element-caption\">Eines der vielen vor Ushuaia verungl\u00fcckten Schiffe.<\/figcaption>\r\n<\/figure>\r\n\r\n\r\n\r\n<figure class=\"wp-block-image size-large\"><img loading=\"lazy\" decoding=\"async\" width=\"767\" height=\"713\" class=\"wp-image-296\" src=\"https:\/\/kulturweit.blog\/argentinienvillageneralbelgrano\/files\/2022\/12\/image_editor_output_image-633252278-1672259675535.jpg\" alt=\"\" srcset=\"https:\/\/kulturweit.blog\/argentinienvillageneralbelgrano\/files\/2022\/12\/image_editor_output_image-633252278-1672259675535.jpg 767w, https:\/\/kulturweit.blog\/argentinienvillageneralbelgrano\/files\/2022\/12\/image_editor_output_image-633252278-1672259675535-300x279.jpg 300w\" sizes=\"(max-width: 767px) 100vw, 767px\" \/><\/figure>\r\n\r\n\r\n\r\n<figure class=\"wp-block-image\"><img decoding=\"async\" class=\"wp-image-48\" src=\"\/\/\/storage\/emulated\/0\/DCIM\/Camera\/20221226_175651.jpg\" alt=\"\" \/>\r\n<figcaption class=\"wp-element-caption\">Hier gibt es vier Jahreszeiten am Tag!<\/figcaption>\r\n<\/figure>\r\n\r\n\r\n\r\n<figure class=\"wp-block-image\"><img decoding=\"async\" class=\"wp-image-50\" src=\"\/\/\/storage\/emulated\/0\/DCIM\/Camera\/20221226_175959.jpg\" alt=\"\" \/><\/figure>\r\n\r\n\r\n\r\n<figure class=\"wp-block-image\"><img decoding=\"async\" class=\"wp-image-51\" src=\"\/\/\/data\/user\/0\/org.wordpress.android\/cache\/20221226_1808424344881559474137901.jpg\" alt=\"\" \/><a href=\"https:\/\/kulturweit.blog\/argentinienvillageneralbelgrano\/files\/2023\/01\/20221226_1808421590629381211197896.jpg\"><img loading=\"lazy\" decoding=\"async\" class=\"aligncenter size-full wp-image-597\" src=\"https:\/\/kulturweit.blog\/argentinienvillageneralbelgrano\/files\/2023\/01\/20221226_1808421590629381211197896.jpg\" alt=\"\" width=\"1440\" height=\"1920\" srcset=\"https:\/\/kulturweit.blog\/argentinienvillageneralbelgrano\/files\/2023\/01\/20221226_1808421590629381211197896.jpg 1440w, https:\/\/kulturweit.blog\/argentinienvillageneralbelgrano\/files\/2023\/01\/20221226_1808421590629381211197896-300x400.jpg 300w, https:\/\/kulturweit.blog\/argentinienvillageneralbelgrano\/files\/2023\/01\/20221226_1808421590629381211197896-768x1024.jpg 768w, https:\/\/kulturweit.blog\/argentinienvillageneralbelgrano\/files\/2023\/01\/20221226_1808421590629381211197896-1152x1536.jpg 1152w\" sizes=\"(max-width: 1440px) 100vw, 1440px\" \/><\/a>\r\n<figcaption class=\"wp-element-caption\">Und es gibt ein kleine, eher schlicht Kirche.<\/figcaption>\r\n<\/figure>\r\n\r\n\r\n\r\n<figure class=\"wp-block-image\"><img decoding=\"async\" class=\"wp-image-52\" src=\"\/\/\/storage\/emulated\/0\/DCIM\/Camera\/20221226_174820.jpg\" alt=\"\" \/><\/figure>\r\n\r\n\r\n\r\n<figure class=\"wp-block-image\"><img decoding=\"async\" class=\"wp-image-53\" src=\"\/\/\/storage\/emulated\/0\/DCIM\/Camera\/20221226_174827.jpg\" alt=\"\" \/><\/figure>\r\n\r\n\r\n\r\n<p>In den zwei Tagen in Ushuaia machte ich eine Katamaran Tour zum s\u00fcdlichsten Leuchtturm der Welt und um Pinguine zu sehen.<\/p>\r\n\r\n\r\n\r\n<figure class=\"wp-block-image size-large\"><img decoding=\"async\" class=\"wp-image-299\" src=\"https:\/\/kulturweit.blog\/argentinienvillageneralbelgrano\/files\/2022\/12\/20221228_222241-1024x683.jpg\" alt=\"\" \/><\/figure>\r\n\r\n\r\n\r\n<figure class=\"wp-block-image\"><img decoding=\"async\" class=\"wp-image-298\" src=\"https:\/\/kulturweit.blog\/argentinienvillageneralbelgrano\/files\/2022\/12\/20221228_222100-683x1024.jpg\" alt=\"\" \/><a href=\"https:\/\/kulturweit.blog\/argentinienvillageneralbelgrano\/files\/2023\/01\/20221228_222241.jpg\"><img loading=\"lazy\" decoding=\"async\" class=\"aligncenter size-full wp-image-605\" src=\"https:\/\/kulturweit.blog\/argentinienvillageneralbelgrano\/files\/2023\/01\/20221228_222241.jpg\" alt=\"\" width=\"1620\" height=\"1080\" srcset=\"https:\/\/kulturweit.blog\/argentinienvillageneralbelgrano\/files\/2023\/01\/20221228_222241.jpg 1620w, https:\/\/kulturweit.blog\/argentinienvillageneralbelgrano\/files\/2023\/01\/20221228_222241-300x200.jpg 300w, https:\/\/kulturweit.blog\/argentinienvillageneralbelgrano\/files\/2023\/01\/20221228_222241-1024x683.jpg 1024w, https:\/\/kulturweit.blog\/argentinienvillageneralbelgrano\/files\/2023\/01\/20221228_222241-768x512.jpg 768w, https:\/\/kulturweit.blog\/argentinienvillageneralbelgrano\/files\/2023\/01\/20221228_222241-1536x1024.jpg 1536w\" sizes=\"(max-width: 1620px) 100vw, 1620px\" \/><\/a> <a href=\"https:\/\/kulturweit.blog\/argentinienvillageneralbelgrano\/files\/2023\/01\/20221228_222100.jpg\"><img loading=\"lazy\" decoding=\"async\" class=\"aligncenter size-full wp-image-606\" src=\"https:\/\/kulturweit.blog\/argentinienvillageneralbelgrano\/files\/2023\/01\/20221228_222100.jpg\" alt=\"\" width=\"1004\" height=\"1506\" srcset=\"https:\/\/kulturweit.blog\/argentinienvillageneralbelgrano\/files\/2023\/01\/20221228_222100.jpg 1004w, https:\/\/kulturweit.blog\/argentinienvillageneralbelgrano\/files\/2023\/01\/20221228_222100-300x450.jpg 300w, https:\/\/kulturweit.blog\/argentinienvillageneralbelgrano\/files\/2023\/01\/20221228_222100-683x1024.jpg 683w, https:\/\/kulturweit.blog\/argentinienvillageneralbelgrano\/files\/2023\/01\/20221228_222100-768x1152.jpg 768w\" sizes=\"(max-width: 1004px) 100vw, 1004px\" \/><\/a> <a href=\"https:\/\/kulturweit.blog\/argentinienvillageneralbelgrano\/files\/2023\/01\/DSC_0847.jpg\"><img loading=\"lazy\" decoding=\"async\" class=\"aligncenter size-full wp-image-607\" src=\"https:\/\/kulturweit.blog\/argentinienvillageneralbelgrano\/files\/2023\/01\/DSC_0847.jpg\" alt=\"\" width=\"1620\" height=\"1080\" srcset=\"https:\/\/kulturweit.blog\/argentinienvillageneralbelgrano\/files\/2023\/01\/DSC_0847.jpg 1620w, https:\/\/kulturweit.blog\/argentinienvillageneralbelgrano\/files\/2023\/01\/DSC_0847-300x200.jpg 300w, https:\/\/kulturweit.blog\/argentinienvillageneralbelgrano\/files\/2023\/01\/DSC_0847-1024x683.jpg 1024w, https:\/\/kulturweit.blog\/argentinienvillageneralbelgrano\/files\/2023\/01\/DSC_0847-768x512.jpg 768w, https:\/\/kulturweit.blog\/argentinienvillageneralbelgrano\/files\/2023\/01\/DSC_0847-1536x1024.jpg 1536w\" sizes=\"(max-width: 1620px) 100vw, 1620px\" \/><\/a> <a href=\"https:\/\/kulturweit.blog\/argentinienvillageneralbelgrano\/files\/2023\/01\/DSC_0527.jpg\"><img loading=\"lazy\" decoding=\"async\" class=\"aligncenter size-full wp-image-611\" src=\"https:\/\/kulturweit.blog\/argentinienvillageneralbelgrano\/files\/2023\/01\/DSC_0527.jpg\" alt=\"\" width=\"1620\" height=\"1080\" srcset=\"https:\/\/kulturweit.blog\/argentinienvillageneralbelgrano\/files\/2023\/01\/DSC_0527.jpg 1620w, https:\/\/kulturweit.blog\/argentinienvillageneralbelgrano\/files\/2023\/01\/DSC_0527-300x200.jpg 300w, https:\/\/kulturweit.blog\/argentinienvillageneralbelgrano\/files\/2023\/01\/DSC_0527-1024x683.jpg 1024w, https:\/\/kulturweit.blog\/argentinienvillageneralbelgrano\/files\/2023\/01\/DSC_0527-768x512.jpg 768w, https:\/\/kulturweit.blog\/argentinienvillageneralbelgrano\/files\/2023\/01\/DSC_0527-1536x1024.jpg 1536w\" sizes=\"(max-width: 1620px) 100vw, 1620px\" \/><\/a> <a href=\"https:\/\/kulturweit.blog\/argentinienvillageneralbelgrano\/files\/2023\/01\/DSC_0526.jpg\"><img loading=\"lazy\" decoding=\"async\" class=\"aligncenter size-full wp-image-610\" src=\"https:\/\/kulturweit.blog\/argentinienvillageneralbelgrano\/files\/2023\/01\/DSC_0526.jpg\" alt=\"\" width=\"1620\" height=\"1080\" srcset=\"https:\/\/kulturweit.blog\/argentinienvillageneralbelgrano\/files\/2023\/01\/DSC_0526.jpg 1620w, https:\/\/kulturweit.blog\/argentinienvillageneralbelgrano\/files\/2023\/01\/DSC_0526-300x200.jpg 300w, https:\/\/kulturweit.blog\/argentinienvillageneralbelgrano\/files\/2023\/01\/DSC_0526-1024x683.jpg 1024w, https:\/\/kulturweit.blog\/argentinienvillageneralbelgrano\/files\/2023\/01\/DSC_0526-768x512.jpg 768w, https:\/\/kulturweit.blog\/argentinienvillageneralbelgrano\/files\/2023\/01\/DSC_0526-1536x1024.jpg 1536w\" sizes=\"(max-width: 1620px) 100vw, 1620px\" \/><\/a><\/figure>\r\n\r\n\r\n\r\n<figure class=\"wp-block-image\"><img decoding=\"async\" class=\"wp-image-302\" src=\"https:\/\/kulturweit.blog\/argentinienvillageneralbelgrano\/files\/2022\/12\/DSC_0844-1024x683.jpg\" alt=\"\" \/><\/figure>\r\n\r\n\r\n\r\n<figure class=\"wp-block-image\"><img decoding=\"async\" class=\"wp-image-301\" src=\"https:\/\/kulturweit.blog\/argentinienvillageneralbelgrano\/files\/2022\/12\/DSC_0830-1024x683.jpg\" alt=\"\" \/><\/figure>\r\n\r\n\r\n\r\n<figure class=\"wp-block-image\"><img decoding=\"async\" class=\"wp-image-303\" src=\"https:\/\/kulturweit.blog\/argentinienvillageneralbelgrano\/files\/2022\/12\/DSC_0825-1024x683.jpg\" alt=\"\" \/><a href=\"https:\/\/kulturweit.blog\/argentinienvillageneralbelgrano\/files\/2023\/01\/DSC_0752.jpg\"><img loading=\"lazy\" decoding=\"async\" class=\"aligncenter size-full wp-image-603\" src=\"https:\/\/kulturweit.blog\/argentinienvillageneralbelgrano\/files\/2023\/01\/DSC_0752.jpg\" alt=\"\" width=\"1620\" height=\"1080\" srcset=\"https:\/\/kulturweit.blog\/argentinienvillageneralbelgrano\/files\/2023\/01\/DSC_0752.jpg 1620w, https:\/\/kulturweit.blog\/argentinienvillageneralbelgrano\/files\/2023\/01\/DSC_0752-300x200.jpg 300w, https:\/\/kulturweit.blog\/argentinienvillageneralbelgrano\/files\/2023\/01\/DSC_0752-1024x683.jpg 1024w, https:\/\/kulturweit.blog\/argentinienvillageneralbelgrano\/files\/2023\/01\/DSC_0752-768x512.jpg 768w, https:\/\/kulturweit.blog\/argentinienvillageneralbelgrano\/files\/2023\/01\/DSC_0752-1536x1024.jpg 1536w\" sizes=\"(max-width: 1620px) 100vw, 1620px\" \/><\/a><\/figure>\r\n\r\n\r\n\r\n<figure class=\"wp-block-image\"><img decoding=\"async\" class=\"wp-image-300\" src=\"https:\/\/kulturweit.blog\/argentinienvillageneralbelgrano\/files\/2022\/12\/DSC_0752-1024x683.jpg\" alt=\"\" \/>\r\n<figcaption class=\"wp-element-caption\">Wer findet den K\u00f6nigspinguin?<\/figcaption>\r\n<\/figure>\r\n\r\n\r\n\r\n<figure class=\"wp-block-image\"><img decoding=\"async\" class=\"wp-image-304\" src=\"https:\/\/kulturweit.blog\/argentinienvillageneralbelgrano\/files\/2022\/12\/DSC_0571-1024x683.jpg\" alt=\"\" \/><\/figure>\r\n\r\n\r\n\r\n<figure class=\"wp-block-image\"><img decoding=\"async\" class=\"wp-image-305\" src=\"https:\/\/kulturweit.blog\/argentinienvillageneralbelgrano\/files\/2022\/12\/DSC_0722-1024x683.jpg\" alt=\"\" \/><\/figure>\r\n\r\n\r\n\r\n<figure class=\"wp-block-image\"><img decoding=\"async\" class=\"wp-image-54\" src=\"\/\/\/storage\/emulated\/0\/DCIM\/Camera\/20221227_095205.jpg\" alt=\"\" \/><\/figure>\r\n\r\n\r\n\r\n<p>Ich war im Presidio, einem Museum \u00fcber die Geschichte Ushuaias, die als Strafkolonie begonnen hat.<\/p>\r\n\r\n\r\n\r\n<figure class=\"wp-block-image\"><img decoding=\"async\" class=\"wp-image-55\" src=\"\/\/\/data\/user\/0\/org.wordpress.android\/cache\/20221227_1734405112919517611463407.jpg\" alt=\"\" \/><\/figure>\r\n\r\n\r\n\r\n<figure class=\"wp-block-image size-large\"><img decoding=\"async\" class=\"wp-image-308\" src=\"https:\/\/kulturweit.blog\/argentinienvillageneralbelgrano\/files\/2022\/12\/20221227_1740052753586572804894046-768x1024.jpg\" alt=\"\" \/><\/figure>\r\n\r\n\r\n\r\n<figure class=\"wp-block-image\"><img decoding=\"async\" class=\"wp-image-307\" src=\"https:\/\/kulturweit.blog\/argentinienvillageneralbelgrano\/files\/2022\/12\/20221227_1717264041934077610010689-768x1024.jpg\" alt=\"\" \/><\/figure>\r\n\r\n\r\n\r\n<figure class=\"wp-block-image\"><img decoding=\"async\" class=\"wp-image-309\" src=\"https:\/\/kulturweit.blog\/argentinienvillageneralbelgrano\/files\/2022\/12\/20221227_171807-1024x768.jpg\" alt=\"\" \/>\r\n<figcaption class=\"wp-element-caption\">Die Fl\u00fcgel des ehemaligen Gef\u00e4ngniskomplexes wurden in verschiedene Museen verwandelt.<\/figcaption>\r\n<\/figure>\r\n\r\n\r\n\r\n<figure class=\"wp-block-image\"><img decoding=\"async\" class=\"wp-image-306\" src=\"https:\/\/kulturweit.blog\/argentinienvillageneralbelgrano\/files\/2022\/12\/20221227_1716278054521242567420867-768x1024.jpg\" alt=\"\" \/><\/figure>\r\n\r\n\r\n\r\n<figure class=\"wp-block-image\"><img decoding=\"async\" class=\"wp-image-56\" src=\"\/\/\/data\/user\/0\/org.wordpress.android\/cache\/20221227_1755181115057129522816427.jpg\" alt=\"\" \/><\/figure>\r\n\r\n\r\n\r\n<figure class=\"wp-block-image\"><img decoding=\"async\" class=\"wp-image-58\" src=\"\/\/\/storage\/emulated\/0\/DCIM\/Camera\/20221227_174629.jpg\" alt=\"\" \/><\/figure>\r\n\r\n\r\n\r\n<figure class=\"wp-block-image\"><img decoding=\"async\" class=\"wp-image-57\" src=\"\/\/\/storage\/emulated\/0\/DCIM\/Camera\/20221227_174601.jpg\" alt=\"\" \/><\/figure>\r\n\r\n\r\n\r\n<figure class=\"wp-block-image\"><img decoding=\"async\" class=\"wp-image-59\" src=\"\/\/\/storage\/emulated\/0\/DCIM\/Camera\/20221227_174755.jpg\" alt=\"\" \/><\/figure>\r\n\r\n\r\n\r\n<p>Am Zweiten Tag ging es dann durch den Nationalpark Feuerlands auf dem &#8222;Senda Costera&#8220; entlang einer der vielen Buchten. Es war leider ein bisschen bew\u00f6lkt und nieselig. Dennoch nat\u00fcrlich wundersch\u00f6n.<\/p>\r\n\r\n\r\n\r\n<figure class=\"wp-block-image size-large\"><img decoding=\"async\" class=\"wp-image-312\" src=\"https:\/\/kulturweit.blog\/argentinienvillageneralbelgrano\/files\/2022\/12\/DSC_0866-1024x683.jpg\" alt=\"\" \/><\/figure>\r\n\r\n\r\n\r\n<figure class=\"wp-block-image\"><img decoding=\"async\" class=\"wp-image-310\" src=\"https:\/\/kulturweit.blog\/argentinienvillageneralbelgrano\/files\/2022\/12\/DSC_0869-1024x683.jpg\" alt=\"\" \/><\/figure>\r\n\r\n\r\n\r\n<figure class=\"wp-block-image\"><img decoding=\"async\" class=\"wp-image-311\" src=\"https:\/\/kulturweit.blog\/argentinienvillageneralbelgrano\/files\/2022\/12\/DSC_0867-1024x683.jpg\" alt=\"\" \/><\/figure>\r\n\r\n\r\n\r\n<figure class=\"wp-block-image\"><img decoding=\"async\" class=\"wp-image-314\" src=\"https:\/\/kulturweit.blog\/argentinienvillageneralbelgrano\/files\/2022\/12\/DSC_0871-1024x683.jpg\" alt=\"\" \/><\/figure>\r\n\r\n\r\n\r\n<figure class=\"wp-block-image\"><img decoding=\"async\" class=\"wp-image-313\" src=\"https:\/\/kulturweit.blog\/argentinienvillageneralbelgrano\/files\/2022\/12\/DSC_0884-1024x683.jpg\" alt=\"\" \/><\/figure>\r\n\r\n\r\n\r\n<figure class=\"wp-block-image\"><img decoding=\"async\" class=\"wp-image-319\" src=\"https:\/\/kulturweit.blog\/argentinienvillageneralbelgrano\/files\/2022\/12\/20221228_101536-1-1024x768.jpg\" alt=\"\" \/><\/figure>\r\n\r\n\r\n\r\n<figure class=\"wp-block-image\"><img decoding=\"async\" class=\"wp-image-321\" src=\"https:\/\/kulturweit.blog\/argentinienvillageneralbelgrano\/files\/2022\/12\/20221228_101029-1-1024x768.jpg\" alt=\"\" \/><\/figure>\r\n\r\n\r\n\r\n<figure class=\"wp-block-image\"><img decoding=\"async\" class=\"wp-image-320\" src=\"https:\/\/kulturweit.blog\/argentinienvillageneralbelgrano\/files\/2022\/12\/20221228_100920-1024x768.jpg\" alt=\"\" \/><\/figure>\r\n\r\n\r\n\r\n<figure class=\"wp-block-image\"><img decoding=\"async\" class=\"wp-image-318\" src=\"https:\/\/kulturweit.blog\/argentinienvillageneralbelgrano\/files\/2022\/12\/20221228_101024-1024x768.jpg\" alt=\"\" \/><\/figure>\r\n\r\n\r\n\r\n<figure class=\"wp-block-image\"><img decoding=\"async\" class=\"wp-image-322\" src=\"https:\/\/kulturweit.blog\/argentinienvillageneralbelgrano\/files\/2022\/12\/20221228_105537-1-1024x768.jpg\" alt=\"\" \/><\/figure>\r\n\r\n\r\n\r\n<figure class=\"wp-block-image\"><img decoding=\"async\" class=\"wp-image-317\" src=\"https:\/\/kulturweit.blog\/argentinienvillageneralbelgrano\/files\/2022\/12\/DSC_0894-1024x683.jpg\" alt=\"\" \/><\/figure>\r\n\r\n\r\n\r\n<figure class=\"wp-block-image\"><img decoding=\"async\" class=\"wp-image-316\" src=\"https:\/\/kulturweit.blog\/argentinienvillageneralbelgrano\/files\/2022\/12\/DSC_0887-1024x683.jpg\" alt=\"\" \/><\/figure>\r\n","protected":false},"excerpt":{"rendered":"<p>Am Montagmittag bin ich von Buenos Aires nach Ushuaia geflogen! Schon der Flug war sehr beeindruckend. Zun\u00e4chst ging es \u00fcber die unfassbar gro\u00dfe Stadt Buenos Aires, von der man nie alles gesehen haben kann. Auch der Landeanflug \u00fcber Ushuaia war sehr eindrucksvoll. Ich sah die bergigen Weiten Feuerlands. Voller W\u00e4lder, Fl\u00fcsse und T\u00e4ler. Es ist &hellip; <span class=\"more-link\"><a href=\"https:\/\/kulturweit.blog\/argentinienvillageneralbelgrano\/2022\/12\/28\/al-fin-del-mundo-am-ende-der-welt\/\">Mehr lesen &raquo;<\/a><\/span><\/p>\n","protected":false},"author":3061,"featured_media":607,"comment_status":"open","ping_status":"open","sticky":false,"template":"","format":"standard","meta":{"footnotes":""},"categories":[21],"tags":[],"class_list":["post-323","post","type-post","status-publish","format-standard","has-post-thumbnail","hentry","category-allgemein"],"amp_enabled":true,"_links":{"self":[{"href":"https:\/\/kulturweit.blog\/argentinienvillageneralbelgrano\/wp-json\/wp\/v2\/posts\/323"}],"collection":[{"href":"https:\/\/kulturweit.blog\/argentinienvillageneralbelgrano\/wp-json\/wp\/v2\/posts"}],"about":[{"href":"https:\/\/kulturweit.blog\/argentinienvillageneralbelgrano\/wp-json\/wp\/v2\/types\/post"}],"author":[{"embeddable":true,"href":"https:\/\/kulturweit.blog\/argentinienvillageneralbelgrano\/wp-json\/wp\/v2\/users\/3061"}],"replies":[{"embeddable":true,"href":"https:\/\/kulturweit.blog\/argentinienvillageneralbelgrano\/wp-json\/wp\/v2\/comments?post=323"}],"version-history":[{"count":3,"href":"https:\/\/kulturweit.blog\/argentinienvillageneralbelgrano\/wp-json\/wp\/v2\/posts\/323\/revisions"}],"predecessor-version":[{"id":849,"href":"https:\/\/kulturweit.blog\/argentinienvillageneralbelgrano\/wp-json\/wp\/v2\/posts\/323\/revisions\/849"}],"wp:featuredmedia":[{"embeddable":true,"href":"https:\/\/kulturweit.blog\/argentinienvillageneralbelgrano\/wp-json\/wp\/v2\/media\/607"}],"wp:attachment":[{"href":"https:\/\/kulturweit.blog\/argentinienvillageneralbelgrano\/wp-json\/wp\/v2\/media?parent=323"}],"wp:term":[{"taxonomy":"category","embeddable":true,"href":"https:\/\/kulturweit.blog\/argentinienvillageneralbelgrano\/wp-json\/wp\/v2\/categories?post=323"},{"taxonomy":"post_tag","embeddable":true,"href":"https:\/\/kulturweit.blog\/argentinienvillageneralbelgrano\/wp-json\/wp\/v2\/tags?post=323"}],"curies":[{"name":"wp","href":"https:\/\/api.w.org\/{rel}","templated":true}]}}