{"id":217,"date":"2022-11-04T21:37:58","date_gmt":"2022-11-05T00:37:58","guid":{"rendered":"https:\/\/kulturweit.blog\/argentinienvillageneralbelgrano\/?p=217"},"modified":"2022-11-04T21:37:58","modified_gmt":"2022-11-05T00:37:58","slug":"es-lebe-das-wildschwein","status":"publish","type":"post","link":"https:\/\/kulturweit.blog\/argentinienvillageneralbelgrano\/2022\/11\/04\/es-lebe-das-wildschwein\/","title":{"rendered":"Es lebe das Wildschwein!"},"content":{"rendered":"<p><a href=\"https:\/\/kulturweit.blog\/argentinienvillageneralbelgrano\/2022\/11\/04\/es-lebe-das-wildschwein\/dsc_0304_ergebnis\/\" rel=\"attachment wp-att-220\"><img loading=\"lazy\" decoding=\"async\" class=\"aligncenter size-full wp-image-220\" src=\"https:\/\/kulturweit.blog\/argentinienvillageneralbelgrano\/files\/2022\/11\/DSC_0304_ergebnis-e1667608051840.jpg\" alt=\"\" width=\"921\" height=\"683\" srcset=\"https:\/\/kulturweit.blog\/argentinienvillageneralbelgrano\/files\/2022\/11\/DSC_0304_ergebnis-e1667608051840.jpg 921w, https:\/\/kulturweit.blog\/argentinienvillageneralbelgrano\/files\/2022\/11\/DSC_0304_ergebnis-e1667608051840-300x222.jpg 300w, https:\/\/kulturweit.blog\/argentinienvillageneralbelgrano\/files\/2022\/11\/DSC_0304_ergebnis-e1667608051840-768x570.jpg 768w, https:\/\/kulturweit.blog\/argentinienvillageneralbelgrano\/files\/2022\/11\/DSC_0304_ergebnis-e1667608051840-160x120.jpg 160w\" sizes=\"(max-width: 921px) 100vw, 921px\" \/><\/a><\/p>\n<p><strong>In der zweiten Woche, in der ich Unterricht vorbereitet habe, konnte ich ein paar Spiele nochmal verbessert ausprobieren und gestaltete meine erste \u00dcbung. Am Wochenende besuchte ich wieder ein paar sch\u00f6ne Nachbarsd\u00f6rfer.<\/strong><\/p>\n<p>Diese Woche wollte ich ein paar Spiele von letzter Woche verbessern und mit den Sch\u00fclern nach einmal spielen, was ziemlich gut geklappt hat. Das Perfekt-Spiel zum Beispiel ist ja letzte Woche an seiner Kompliziertheit gescheitert. Doch diese Woche kannten die Siebtkl\u00e4ssler nun schon das System Satzbausteine sortieren. Au\u00dferdem hatten sie in den letzten Deutschstunden schon weiter ge\u00fcbt. So teilten wir sie nun endlich in Gruppen ein und machten so einen Wettbewerb aus der Aufgabe, deutsche S\u00e4tze im Perfekt zu bilden. Erst bekamen sie schon fertige, im Perfekt stehende Verben. Sp\u00e4ter schafften sie es dann auch, das Perfekt selbst zu bilden. Und ganz zum Schluss spielten wir das Spiel dann genau so, wie ich es urspr\u00fcnglich f\u00fcr letzte Woche geplant hatte: Die Kinder bildeten S\u00e4tze aus Bausteinen, die an der Tafel standen auf Zeit. Die Gruppe, die als erstes fertig war, bekam den Punkt f\u00fcr einen richtigen Satz. Nat\u00fcrlich wollten sie gewinnen und so waren sie motiviert und strengten sich an, die richtigen Perfekt-Formen zu finden.<\/p>\n<p>In der 11b am Mittwoch hat mein Plan allerdings nicht so gut funktioniert. Die Sch\u00fcler sollten Sprechen \u00fcben. Ich wollte mit ihnen \u00fcber ihre Vorbilder und Zukunftspl\u00e4ne reden. Daf\u00fcr hatte ich mir Fragen \u00fcberlegt. Schlie\u00dflich sind sie f\u00fcr Spiele wohl schon zu alt. Doch ihr Deutschniveau reichte nicht aus, um mich zu verstehen. Oder sie dachten es zumindest. Denn ihr Blick ging immer schon zur Lehrerin, damit sie meine Fragen \u00fcbersetzte. F\u00fcr n\u00e4chstes Mal werde ich mir eine ausgekl\u00fcgeltere Unterrichtsstrategie ausdenken und z.B. jedem Sch\u00fcler eine Aufgabe geben, w\u00e4hrend ein anderer spricht. Damit sie besch\u00e4ftigt sind und nicht mit dem Nachbarn reden.<\/p>\n<p>In der 10a hat mein Plan hingegen sehr gut funktioniert. Hier konnte ich zum ersten Mal eine (halbe) Unterrichtsstunde selbst vorbereiten. Ich sollte eine H\u00f6rverstehens-Aufgabe zum Thema Berufe erstellen. Es war ziemlich schwierig, daf\u00fcr ein gutes Video zu finden. Es sollte nicht zu lang sein und ungef\u00e4hr dem Sprachniveau B1 entsprechen. Also die Menschen in dem Video durften nicht zu viele Fremdw\u00f6rter in zu langen S\u00e4tzen verwenden. Die Deutsche Welle produziert zwar eigentlich Lernvideos in Form von kleinen \u201eKurzfilmen\u201c, aber die Situationen wirken immer sehr gestellt und nicht wirklich realistisch. Ich habe dann eine Art Imagefilm \u00fcber den Beruf einer Zimmerin genommen. Damit schien ich das Niveau ganz gut getroffen zu haben, denn die Sch\u00fcler konnten meine Multiple Choice Fragen gut beantworten. Zuvor erkl\u00e4rte ich allerdings noch die Ausbildung in Deutschland, denn ein derart institutionalisiertes System scheint es hier gar nicht zu geben. Viele junge Leute studieren oder fangen irgendwo an zu arbeiten. In einer neuen Stelle bekommt man h\u00e4ufig erstmal nur einfache Aufgaben und wird so angelernt.<\/p>\n<p>Diese Woche hatte ich mir also wieder ziemlich viel vorgenommen und war manchmal auch abends noch mit Unterrichtsvorbereitung besch\u00e4ftigt. Da muss ich immer noch einen besseren Mittelweg finden.<\/p>\n<p>Am Wochenende war ich wieder mit meiner Vermieterin M\u00f3nica unterwegs. Sie war so lieb und hat mir noch zwei weitere Nachbard\u00f6rfer gezeigt. Denn VGB ist sehr touristisch gepr\u00e4gt, es gibt hier viele Souvenirl\u00e4den, was auf Dauer ein bisschen anstrengend wird. Zun\u00e4chst waren wir auf einem Markt f\u00fcr Selbstgemachtes in Villa Ciudad Parque, ein h\u00fcbscher Kontrast zu Villa General Belgrano. Es wurde z.B. Holzschmuck, gekn\u00fcpfte Armb\u00e4nder, Samen, Pflanzen, Seifen, Kuchen und nat\u00fcrlich Alfajores verkauft. Es gab sogar glutenfreie Alfajores! Die gibt es aber auch als Industrieware im Supermarkt. So etwas l\u00e4sst sich hier \u00fcbrigens leicht finden. Es gibt auch beispielsweise glutenfreie Nudeln. Das Logo, nachdem man Ausschau halten muss, wenn man so etwas braucht, lautet \u201esin T.A.C.C.&#8220; (sin trigo, avena, cebada y centeno = ohne Weizen, Hafer, Gerste und Roggen). Das findet sich auf sehr vielen Produkten ohne Gluten, wenn nicht sogar auf allen. Hier wird auch, glaube ich, ziemlich viel Mais verwendet. Zum Beispiel habe ich Polenta entdeckt. Das ist einfach nur gekochtes Maismehl. Schmeckt sehr gut mit K\u00e4se und allen m\u00f6glichen Gem\u00fcsesorten.<\/p>\n<p>Ich werde also auch mit einem sehr viel bunteren Speiseplan im Kopf nach Hause kommen. Vor meinem Freiwilligendienst durfte ich allen stolz verk\u00fcnden, dass ich ein Jahr in Argentinien verbringen werde. Damals versuchten so einige in mir Zweifel zu wecken, ob die Vegetarierin in mir diese Zeit \u00fcberhaupt durchstehen wird. Tja, auch diese Angst hat sich schon l\u00e4ngst als v\u00f6llig unbegr\u00fcndet erwiesen! Nat\u00fcrlich bekommt man hier sehr einfach alle Gem\u00fcse- und Obstsorten, die es auch in Deutschland gibt. Und neulich sah ich mal im Tiefk\u00fchlregal nach. Da gab es s\u00e4mtliche vegetarische Bratlingsorten zu kaufen. Also keine Angst, ich werde euch in einem Jahr sicher nicht die Gans oder das Wildschwein wegessen!<\/p>\n<div id=\"attachment_218\" style=\"width: 1034px\" class=\"wp-caption aligncenter\"><a href=\"https:\/\/kulturweit.blog\/argentinienvillageneralbelgrano\/2022\/11\/04\/es-lebe-das-wildschwein\/pariso\/\" rel=\"attachment wp-att-218\"><img loading=\"lazy\" decoding=\"async\" aria-describedby=\"caption-attachment-218\" class=\"size-full wp-image-218\" src=\"https:\/\/kulturweit.blog\/argentinienvillageneralbelgrano\/files\/2022\/11\/pariso.jpg\" alt=\"\" width=\"1024\" height=\"768\" srcset=\"https:\/\/kulturweit.blog\/argentinienvillageneralbelgrano\/files\/2022\/11\/pariso.jpg 1024w, https:\/\/kulturweit.blog\/argentinienvillageneralbelgrano\/files\/2022\/11\/pariso-300x225.jpg 300w, https:\/\/kulturweit.blog\/argentinienvillageneralbelgrano\/files\/2022\/11\/pariso-768x576.jpg 768w, https:\/\/kulturweit.blog\/argentinienvillageneralbelgrano\/files\/2022\/11\/pariso-160x120.jpg 160w\" sizes=\"(max-width: 1024px) 100vw, 1024px\" \/><\/a><p id=\"caption-attachment-218\" class=\"wp-caption-text\">Die Schule geht ab!<\/p><\/div>\n","protected":false},"excerpt":{"rendered":"<p>In der zweiten Woche, in der ich Unterricht vorbereitet habe, konnte ich ein paar Spiele nochmal verbessert ausprobieren und gestaltete meine erste \u00dcbung. Am Wochenende besuchte ich wieder ein paar sch\u00f6ne Nachbarsd\u00f6rfer. Diese Woche wollte ich ein paar Spiele von letzter Woche verbessern und mit den Sch\u00fclern nach einmal spielen, was ziemlich gut geklappt hat. &hellip; <span class=\"more-link\"><a href=\"https:\/\/kulturweit.blog\/argentinienvillageneralbelgrano\/2022\/11\/04\/es-lebe-das-wildschwein\/\">Mehr lesen &raquo;<\/a><\/span><\/p>\n","protected":false},"author":3061,"featured_media":220,"comment_status":"open","ping_status":"open","sticky":false,"template":"","format":"standard","meta":{"footnotes":""},"categories":[578,563,565,299],"tags":[],"class_list":["post-217","post","type-post","status-publish","format-standard","has-post-thumbnail","hentry","category-arbeitmitkindern","category-erlebnis","category-gastland","category-kulinarisch"],"amp_enabled":true,"_links":{"self":[{"href":"https:\/\/kulturweit.blog\/argentinienvillageneralbelgrano\/wp-json\/wp\/v2\/posts\/217"}],"collection":[{"href":"https:\/\/kulturweit.blog\/argentinienvillageneralbelgrano\/wp-json\/wp\/v2\/posts"}],"about":[{"href":"https:\/\/kulturweit.blog\/argentinienvillageneralbelgrano\/wp-json\/wp\/v2\/types\/post"}],"author":[{"embeddable":true,"href":"https:\/\/kulturweit.blog\/argentinienvillageneralbelgrano\/wp-json\/wp\/v2\/users\/3061"}],"replies":[{"embeddable":true,"href":"https:\/\/kulturweit.blog\/argentinienvillageneralbelgrano\/wp-json\/wp\/v2\/comments?post=217"}],"version-history":[{"count":3,"href":"https:\/\/kulturweit.blog\/argentinienvillageneralbelgrano\/wp-json\/wp\/v2\/posts\/217\/revisions"}],"predecessor-version":[{"id":227,"href":"https:\/\/kulturweit.blog\/argentinienvillageneralbelgrano\/wp-json\/wp\/v2\/posts\/217\/revisions\/227"}],"wp:featuredmedia":[{"embeddable":true,"href":"https:\/\/kulturweit.blog\/argentinienvillageneralbelgrano\/wp-json\/wp\/v2\/media\/220"}],"wp:attachment":[{"href":"https:\/\/kulturweit.blog\/argentinienvillageneralbelgrano\/wp-json\/wp\/v2\/media?parent=217"}],"wp:term":[{"taxonomy":"category","embeddable":true,"href":"https:\/\/kulturweit.blog\/argentinienvillageneralbelgrano\/wp-json\/wp\/v2\/categories?post=217"},{"taxonomy":"post_tag","embeddable":true,"href":"https:\/\/kulturweit.blog\/argentinienvillageneralbelgrano\/wp-json\/wp\/v2\/tags?post=217"}],"curies":[{"name":"wp","href":"https:\/\/api.w.org\/{rel}","templated":true}]}}