{"id":20,"date":"2022-09-16T02:10:40","date_gmt":"2022-09-16T00:10:40","guid":{"rendered":"https:\/\/kulturweit.blog\/argentinienvillageneralbelgrano\/?p=20"},"modified":"2022-10-15T13:53:46","modified_gmt":"2022-10-15T16:53:46","slug":"wie-alles-begann","status":"publish","type":"post","link":"https:\/\/kulturweit.blog\/argentinienvillageneralbelgrano\/2022\/09\/16\/wie-alles-begann\/","title":{"rendered":"Wie alles begann\u2026"},"content":{"rendered":"<p><strong>Meine Reise nach Argentinien dauerte ca. 24 Stunden und verlief entgegen meiner Erwartungen unkompliziert. Dennoch war sie nat\u00fcrlich sehr anstrengend. In Belgrano unternahm ich dann eine erste Tour durch die Stadt.<\/strong><\/p>\n<p>Die 24 Stunden kamen zusammen, weil ich keine gute Flugverbindung von Dresden aus gefunden hatte. Deshalb musste ich erst einmal nach M\u00fcnchen fahren, um mit Air Europa von dort nach Madrid und dann nach C\u00f3rdoba fliegen zu k\u00f6nnen.<\/p>\n<p>Es hat aber alles ohne gro\u00dfe Zwischenf\u00e4lle funktioniert, ich konnte sogar im Flugzeug nach C\u00f3rdoba schlafen und \u201eFantastic Beasts 3\u201c gucken! Allerdings musste ich in Madrid um ca. 23:00 Uhr in der Schlange zum Boarding stehen. Wahrscheinlich sind mir deshalb im Flieger so leicht die Augen zugefallen.<\/p>\n<p>An der Pass-Kontrolle in C\u00f3rdoba stand ich relativ lange und habe vor lauter Aufregung einfache Fragen nicht gleich verstanden. Doch ich konnte mit meinem deutschen Pass und dem Kulturaustauschvisum dann unkompliziert passieren.<\/p>\n<p>Als ich aus dem Ausgang herauskam, erkannten ich und meine Vermieterin uns gleich. Sie holte mich vom Flughafen ab und wir fuhren 80 km nach Villa General Belgrano. Da war ich ziemlich gl\u00fccklich, denn eine Taxifahrt h\u00e4tte ich mir mit meinen kaum vorhandenen Spanischkenntnissen kaum zugetraut. Auf der Fahrt lernten wir eine sch\u00f6ne Schotterstra\u00dfe kennen, weil wir uns auf der Autobahn verquatschten und dann die Ausfahrt verpassten. Die Fahrt war toll, da konnte ich schon ein bisschen von diesem Teil Argentiniens kennenlernen.<\/p>\n<p>Ich wohne f\u00fcr den Anfang bei der ehemaligen Bibliothekarin meiner Schule in einem Zimmer mit Bad und kann ihre K\u00fcche mitverwenden. Vielleicht suche ich mir sp\u00e4ter noch etwas anderes, wenn ich neue Menschen kennenlernen m\u00f6chte.<\/p>\n<p>Am Nachmittag lief ich noch ein wenig durch die Stra\u00dfen Belgranos. Zum Gl\u00fcck hatte ich meine offline-Karten-App dabei. Denn sonst h\u00e4tte ich mich mit meinem miserablen Orientierungssinn, wie in jeder anderen Stadt auch, garantiert verlaufen. Aber so konnte ich schon viele sch\u00f6ne Orte entdecken. Zum Beispiel flie\u00dfen drei kleine Fl\u00fcsse durch Belgrano. Der Arroyo El Sauce, der Arroyo La Toma und der Arroyo Los Molles. Die B\u00e4che sind nicht zugebaut, sehr gr\u00fcn bewachsen mit vielen Steinen zum dar\u00fcber laufen und B\u00e4nken zum Ausruhen.<\/p>\n<p>&nbsp;<\/p>\n<p>&nbsp;<\/p>\n<div id=\"attachment_21\" style=\"width: 310px\" class=\"wp-caption aligncenter\"><a href=\"https:\/\/kulturweit.blog\/argentinienvillageneralbelgrano\/files\/2022\/09\/DSC_0022.jpg\"><img loading=\"lazy\" decoding=\"async\" aria-describedby=\"caption-attachment-21\" class=\"wp-image-21 size-medium\" src=\"https:\/\/kulturweit.blog\/argentinienvillageneralbelgrano\/files\/2022\/09\/DSC_0022-300x200.jpg\" alt=\"gr\u00fcne Flusslandschaft mit Bank\" width=\"300\" height=\"200\" srcset=\"https:\/\/kulturweit.blog\/argentinienvillageneralbelgrano\/files\/2022\/09\/DSC_0022-300x200.jpg 300w, https:\/\/kulturweit.blog\/argentinienvillageneralbelgrano\/files\/2022\/09\/DSC_0022-768x512.jpg 768w, https:\/\/kulturweit.blog\/argentinienvillageneralbelgrano\/files\/2022\/09\/DSC_0022.jpg 1024w\" sizes=\"(max-width: 300px) 100vw, 300px\" \/><\/a><p id=\"caption-attachment-21\" class=\"wp-caption-text\">Eines der Fl\u00fcsschen, welches quer durch Belgrano flie\u00dft.<\/p><\/div>\n<p>&nbsp;<\/p>\n<p>Mir kommt es so vor, als sei VGB \u00e4u\u00dferlich tats\u00e4chlich sehr von deutschen Einwanderern gepr\u00e4gt. Es gibt hier bald das Oktoberfest. Viele L\u00e4den, Restaurants und andere H\u00e4user haben deutsche Schilder. Ich habe zum Beispiel schon \u201eBuxtehude\u201c gefunden und es gibt ein Restaurant, das hei\u00dft \u201eder Uhu\u201c. Aber nat\u00fcrlich ist auch vieles auf Spanisch.<\/p>\n<div id=\"attachment_23\" style=\"width: 310px\" class=\"wp-caption aligncenter\"><a href=\"https:\/\/kulturweit.blog\/argentinienvillageneralbelgrano\/files\/2022\/09\/DSC_0052.jpg\"><img loading=\"lazy\" decoding=\"async\" aria-describedby=\"caption-attachment-23\" class=\"wp-image-23 size-medium\" src=\"https:\/\/kulturweit.blog\/argentinienvillageneralbelgrano\/files\/2022\/09\/DSC_0052-300x200.jpg\" alt=\"Ein Holzschild vor B\u00e4umen hinter einem Tor: &quot;Buxtehude&quot;.\" width=\"300\" height=\"200\" srcset=\"https:\/\/kulturweit.blog\/argentinienvillageneralbelgrano\/files\/2022\/09\/DSC_0052-300x200.jpg 300w, https:\/\/kulturweit.blog\/argentinienvillageneralbelgrano\/files\/2022\/09\/DSC_0052-768x512.jpg 768w, https:\/\/kulturweit.blog\/argentinienvillageneralbelgrano\/files\/2022\/09\/DSC_0052.jpg 1024w\" sizes=\"(max-width: 300px) 100vw, 300px\" \/><\/a><p id=\"caption-attachment-23\" class=\"wp-caption-text\">Year! Endlich Buxtehude gefunden!<\/p><\/div>\n<div id=\"attachment_22\" style=\"width: 310px\" class=\"wp-caption aligncenter\"><a href=\"https:\/\/kulturweit.blog\/argentinienvillageneralbelgrano\/files\/2022\/09\/DSC_0041.jpg\"><img loading=\"lazy\" decoding=\"async\" aria-describedby=\"caption-attachment-22\" class=\"wp-image-22 size-medium\" src=\"https:\/\/kulturweit.blog\/argentinienvillageneralbelgrano\/files\/2022\/09\/DSC_0041-300x200.jpg\" alt=\"gr\u00fcne Flusslandschaft mit Bank\" width=\"300\" height=\"200\" srcset=\"https:\/\/kulturweit.blog\/argentinienvillageneralbelgrano\/files\/2022\/09\/DSC_0041-300x200.jpg 300w, https:\/\/kulturweit.blog\/argentinienvillageneralbelgrano\/files\/2022\/09\/DSC_0041-768x512.jpg 768w, https:\/\/kulturweit.blog\/argentinienvillageneralbelgrano\/files\/2022\/09\/DSC_0041.jpg 1024w\" sizes=\"(max-width: 300px) 100vw, 300px\" \/><\/a><p id=\"caption-attachment-22\" class=\"wp-caption-text\">Eines von einigen H\u00e4usern mit deutschem Namen.<\/p><\/div>\n<p>&nbsp;<\/p>\n<div id=\"attachment_24\" style=\"width: 310px\" class=\"wp-caption aligncenter\"><a href=\"https:\/\/kulturweit.blog\/argentinienvillageneralbelgrano\/files\/2022\/09\/DSC_0042.jpg\"><img loading=\"lazy\" decoding=\"async\" aria-describedby=\"caption-attachment-24\" class=\"wp-image-24 size-medium\" src=\"https:\/\/kulturweit.blog\/argentinienvillageneralbelgrano\/files\/2022\/09\/DSC_0042-300x200.jpg\" alt=\"Gro\u00dfer Zwerg mit roter Zipfelm\u00fctze, langem Wei\u00dfen Bart, Stock und Uhu.\" width=\"300\" height=\"200\" srcset=\"https:\/\/kulturweit.blog\/argentinienvillageneralbelgrano\/files\/2022\/09\/DSC_0042-300x200.jpg 300w, https:\/\/kulturweit.blog\/argentinienvillageneralbelgrano\/files\/2022\/09\/DSC_0042-768x512.jpg 768w, https:\/\/kulturweit.blog\/argentinienvillageneralbelgrano\/files\/2022\/09\/DSC_0042.jpg 1024w\" sizes=\"(max-width: 300px) 100vw, 300px\" \/><\/a><p id=\"caption-attachment-24\" class=\"wp-caption-text\">Eine Holzfigur am Restaurant &#8222;Der Uhu&#8220;.<\/p><\/div>\n<p>Abends machte mir dann der Jetlag zu schaffen, mein Biorhythmus hatte sich noch nicht synchronisiert. Doch ich freute mich schon auf Mittwoch, meinen ersten Arbeitstag!<\/p>\n\n\t\t<style type=\"text\/css\">\n\t\t\t#gallery-1 {\n\t\t\t\tmargin: auto;\n\t\t\t}\n\t\t\t#gallery-1 .gallery-item {\n\t\t\t\tfloat: left;\n\t\t\t\tmargin-top: 10px;\n\t\t\t\ttext-align: center;\n\t\t\t\twidth: 50%;\n\t\t\t}\n\t\t\t#gallery-1 img {\n\t\t\t\tborder: 2px solid #cfcfcf;\n\t\t\t}\n\t\t\t#gallery-1 .gallery-caption {\n\t\t\t\tmargin-left: 0;\n\t\t\t}\n\t\t\t\/* see gallery_shortcode() in wp-includes\/media.php *\/\n\t\t<\/style>\n\t\t<div id='gallery-1' class='gallery galleryid-20 gallery-columns-2 gallery-size-large'><dl class='gallery-item'>\n\t\t\t<dt class='gallery-icon landscape'>\n\t\t\t\t<a href='https:\/\/kulturweit.blog\/argentinienvillageneralbelgrano\/2022\/09\/16\/wie-alles-begann\/dsc_0066\/'><img loading=\"lazy\" decoding=\"async\" width=\"580\" height=\"387\" src=\"https:\/\/kulturweit.blog\/argentinienvillageneralbelgrano\/files\/2022\/09\/DSC_0066.jpg\" class=\"attachment-large size-large\" alt=\"Geb\u00e4ude mit Bergen\" aria-describedby=\"gallery-1-41\" srcset=\"https:\/\/kulturweit.blog\/argentinienvillageneralbelgrano\/files\/2022\/09\/DSC_0066.jpg 1024w, https:\/\/kulturweit.blog\/argentinienvillageneralbelgrano\/files\/2022\/09\/DSC_0066-300x200.jpg 300w, https:\/\/kulturweit.blog\/argentinienvillageneralbelgrano\/files\/2022\/09\/DSC_0066-768x512.jpg 768w\" sizes=\"(max-width: 580px) 100vw, 580px\" \/><\/a>\n\t\t\t<\/dt>\n\t\t\t\t<dd class='wp-caption-text gallery-caption' id='gallery-1-41'>\n\t\t\t\tGeb\u00e4ude eher etwas au\u00dferhalb\n\t\t\t\t<\/dd><\/dl><dl class='gallery-item'>\n\t\t\t<dt class='gallery-icon landscape'>\n\t\t\t\t<a href='https:\/\/kulturweit.blog\/argentinienvillageneralbelgrano\/2022\/09\/16\/wie-alles-begann\/dsc_0038abgedeckt\/'><img loading=\"lazy\" decoding=\"async\" width=\"580\" height=\"387\" src=\"https:\/\/kulturweit.blog\/argentinienvillageneralbelgrano\/files\/2022\/09\/DSC_0038abgedeckt.jpg\" class=\"attachment-large size-large\" alt=\"Hauptstra\u00dfe mit mit Zebrastreifen, Autos und Schildern\" aria-describedby=\"gallery-1-35\" srcset=\"https:\/\/kulturweit.blog\/argentinienvillageneralbelgrano\/files\/2022\/09\/DSC_0038abgedeckt.jpg 1024w, https:\/\/kulturweit.blog\/argentinienvillageneralbelgrano\/files\/2022\/09\/DSC_0038abgedeckt-300x200.jpg 300w, https:\/\/kulturweit.blog\/argentinienvillageneralbelgrano\/files\/2022\/09\/DSC_0038abgedeckt-768x512.jpg 768w\" sizes=\"(max-width: 580px) 100vw, 580px\" \/><\/a>\n\t\t\t<\/dt>\n\t\t\t\t<dd class='wp-caption-text gallery-caption' id='gallery-1-35'>\n\t\t\t\tSo in etwa sieht die Hauptstra\u00dfe aus\n\t\t\t\t<\/dd><\/dl><br style=\"clear: both\" \/><dl class='gallery-item'>\n\t\t\t<dt class='gallery-icon landscape'>\n\t\t\t\t<a href='https:\/\/kulturweit.blog\/argentinienvillageneralbelgrano\/2022\/09\/16\/wie-alles-begann\/dsc_0041-2\/'><img loading=\"lazy\" decoding=\"async\" width=\"580\" height=\"387\" src=\"https:\/\/kulturweit.blog\/argentinienvillageneralbelgrano\/files\/2022\/09\/DSC_0041-1.jpg\" class=\"attachment-large size-large\" alt=\"Ein Haus mit Schild: &quot;Der Uhu&quot; und &quot;Restaurant&quot;. Mit verschn\u00f6rkeltem Zaun und Eulen.\" aria-describedby=\"gallery-1-36\" srcset=\"https:\/\/kulturweit.blog\/argentinienvillageneralbelgrano\/files\/2022\/09\/DSC_0041-1.jpg 1024w, https:\/\/kulturweit.blog\/argentinienvillageneralbelgrano\/files\/2022\/09\/DSC_0041-1-300x200.jpg 300w, https:\/\/kulturweit.blog\/argentinienvillageneralbelgrano\/files\/2022\/09\/DSC_0041-1-768x512.jpg 768w\" sizes=\"(max-width: 580px) 100vw, 580px\" \/><\/a>\n\t\t\t<\/dt>\n\t\t\t\t<dd class='wp-caption-text gallery-caption' id='gallery-1-36'>\n\t\t\t\tEines der H\u00e4user mit deutschem Namen\n\t\t\t\t<\/dd><\/dl><dl class='gallery-item'>\n\t\t\t<dt class='gallery-icon landscape'>\n\t\t\t\t<a href='https:\/\/kulturweit.blog\/argentinienvillageneralbelgrano\/2022\/09\/16\/wie-alles-begann\/dsc_0042-2\/'><img loading=\"lazy\" decoding=\"async\" width=\"580\" height=\"387\" src=\"https:\/\/kulturweit.blog\/argentinienvillageneralbelgrano\/files\/2022\/09\/DSC_0042-1.jpg\" class=\"attachment-large size-large\" alt=\"Ein gro\u00dfer Zwerg vor dem Schn\u00f6rlezaun auf einer Mauer mit Roter Zipfelm\u00fctze, langem wei\u00dfen Bart, blauem Mantel, Bier, Stock und Eule. Dahinter ein noch nicht ganz fertiges Haus.\" aria-describedby=\"gallery-1-37\" srcset=\"https:\/\/kulturweit.blog\/argentinienvillageneralbelgrano\/files\/2022\/09\/DSC_0042-1.jpg 1024w, https:\/\/kulturweit.blog\/argentinienvillageneralbelgrano\/files\/2022\/09\/DSC_0042-1-300x200.jpg 300w, https:\/\/kulturweit.blog\/argentinienvillageneralbelgrano\/files\/2022\/09\/DSC_0042-1-768x512.jpg 768w\" sizes=\"(max-width: 580px) 100vw, 580px\" \/><\/a>\n\t\t\t<\/dt>\n\t\t\t\t<dd class='wp-caption-text gallery-caption' id='gallery-1-37'>\n\t\t\t\tDer Zwerg vor dem Uhu Restaurant\n\t\t\t\t<\/dd><\/dl><br style=\"clear: both\" \/><dl class='gallery-item'>\n\t\t\t<dt class='gallery-icon landscape'>\n\t\t\t\t<a href='https:\/\/kulturweit.blog\/argentinienvillageneralbelgrano\/2022\/09\/16\/wie-alles-begann\/dsc_0103\/'><img loading=\"lazy\" decoding=\"async\" width=\"580\" height=\"387\" src=\"https:\/\/kulturweit.blog\/argentinienvillageneralbelgrano\/files\/2022\/09\/DSC_0103.jpg\" class=\"attachment-large size-large\" alt=\"Gelbe Flussquerung des Arroyo El Sauce An der Avenida Julio A. Roca.\" aria-describedby=\"gallery-1-44\" srcset=\"https:\/\/kulturweit.blog\/argentinienvillageneralbelgrano\/files\/2022\/09\/DSC_0103.jpg 1024w, https:\/\/kulturweit.blog\/argentinienvillageneralbelgrano\/files\/2022\/09\/DSC_0103-300x200.jpg 300w, https:\/\/kulturweit.blog\/argentinienvillageneralbelgrano\/files\/2022\/09\/DSC_0103-768x512.jpg 768w\" sizes=\"(max-width: 580px) 100vw, 580px\" \/><\/a>\n\t\t\t<\/dt>\n\t\t\t\t<dd class='wp-caption-text gallery-caption' id='gallery-1-44'>\n\t\t\t\tFlussquerung: im Fr\u00fchling f\u00e4ngt es hier bald ziemlich zu  regnen an, da werden die Fl\u00fcsse anschwellen.\n\t\t\t\t<\/dd><\/dl><dl class='gallery-item'>\n\t\t\t<dt class='gallery-icon landscape'>\n\t\t\t\t<a href='https:\/\/kulturweit.blog\/argentinienvillageneralbelgrano\/2022\/09\/16\/wie-alles-begann\/dsc_0078\/'><img loading=\"lazy\" decoding=\"async\" width=\"580\" height=\"387\" src=\"https:\/\/kulturweit.blog\/argentinienvillageneralbelgrano\/files\/2022\/09\/DSC_0078.jpg\" class=\"attachment-large size-large\" alt=\"Gr\u00fcne Flusslandschaft mit Steinen und Weg\" aria-describedby=\"gallery-1-43\" srcset=\"https:\/\/kulturweit.blog\/argentinienvillageneralbelgrano\/files\/2022\/09\/DSC_0078.jpg 1024w, https:\/\/kulturweit.blog\/argentinienvillageneralbelgrano\/files\/2022\/09\/DSC_0078-300x200.jpg 300w, https:\/\/kulturweit.blog\/argentinienvillageneralbelgrano\/files\/2022\/09\/DSC_0078-768x512.jpg 768w\" sizes=\"(max-width: 580px) 100vw, 580px\" \/><\/a>\n\t\t\t<\/dt>\n\t\t\t\t<dd class='wp-caption-text gallery-caption' id='gallery-1-43'>\n\t\t\t\tEines der vielen gr\u00fcnen Orte an den Fl\u00fcssen\n\t\t\t\t<\/dd><\/dl><br style=\"clear: both\" \/><dl class='gallery-item'>\n\t\t\t<dt class='gallery-icon landscape'>\n\t\t\t\t<a href='https:\/\/kulturweit.blog\/argentinienvillageneralbelgrano\/2022\/09\/16\/wie-alles-begann\/dsc_0061_abgedeckt\/'><img loading=\"lazy\" decoding=\"async\" width=\"580\" height=\"387\" src=\"https:\/\/kulturweit.blog\/argentinienvillageneralbelgrano\/files\/2022\/09\/DSC_0061_abgedeckt.jpg\" class=\"attachment-large size-large\" alt=\"Neues und altes auto linksund rechts einer Schatterstra\u00dfe. Dazwischen einem gra\u00dfendes Pferd.\" aria-describedby=\"gallery-1-40\" srcset=\"https:\/\/kulturweit.blog\/argentinienvillageneralbelgrano\/files\/2022\/09\/DSC_0061_abgedeckt.jpg 1024w, https:\/\/kulturweit.blog\/argentinienvillageneralbelgrano\/files\/2022\/09\/DSC_0061_abgedeckt-300x200.jpg 300w, https:\/\/kulturweit.blog\/argentinienvillageneralbelgrano\/files\/2022\/09\/DSC_0061_abgedeckt-768x512.jpg 768w\" sizes=\"(max-width: 580px) 100vw, 580px\" \/><\/a>\n\t\t\t<\/dt>\n\t\t\t\t<dd class='wp-caption-text gallery-caption' id='gallery-1-40'>\n\t\t\t\tDieses Bild ist irgendwie der Hammer\n\t\t\t\t<\/dd><\/dl><dl class='gallery-item'>\n\t\t\t<dt class='gallery-icon landscape'>\n\t\t\t\t<a href='https:\/\/kulturweit.blog\/argentinienvillageneralbelgrano\/2022\/09\/16\/wie-alles-begann\/dsc_0052-2\/'><img loading=\"lazy\" decoding=\"async\" width=\"580\" height=\"387\" src=\"https:\/\/kulturweit.blog\/argentinienvillageneralbelgrano\/files\/2022\/09\/DSC_0052-1.jpg\" class=\"attachment-large size-large\" alt=\"Einfahrt mit Tor, Lampe, B\u00e4umen und dem Holzschild &quot;Buxtehude&quot;\" aria-describedby=\"gallery-1-39\" srcset=\"https:\/\/kulturweit.blog\/argentinienvillageneralbelgrano\/files\/2022\/09\/DSC_0052-1.jpg 1024w, https:\/\/kulturweit.blog\/argentinienvillageneralbelgrano\/files\/2022\/09\/DSC_0052-1-300x200.jpg 300w, https:\/\/kulturweit.blog\/argentinienvillageneralbelgrano\/files\/2022\/09\/DSC_0052-1-768x512.jpg 768w\" sizes=\"(max-width: 580px) 100vw, 580px\" \/><\/a>\n\t\t\t<\/dt>\n\t\t\t\t<dd class='wp-caption-text gallery-caption' id='gallery-1-39'>\n\t\t\t\tAja hier ist also Buxtehude\n\t\t\t\t<\/dd><\/dl><br style=\"clear: both\" \/><dl class='gallery-item'>\n\t\t\t<dt class='gallery-icon landscape'>\n\t\t\t\t<a href='https:\/\/kulturweit.blog\/argentinienvillageneralbelgrano\/2022\/09\/16\/wie-alles-begann\/dsc_0046\/'><img loading=\"lazy\" decoding=\"async\" width=\"580\" height=\"395\" src=\"https:\/\/kulturweit.blog\/argentinienvillageneralbelgrano\/files\/2022\/09\/DSC_0046.jpg\" class=\"attachment-large size-large\" alt=\"Lila Bl\u00fcmchen im G\u00e4rtchen\" aria-describedby=\"gallery-1-38\" srcset=\"https:\/\/kulturweit.blog\/argentinienvillageneralbelgrano\/files\/2022\/09\/DSC_0046.jpg 1024w, https:\/\/kulturweit.blog\/argentinienvillageneralbelgrano\/files\/2022\/09\/DSC_0046-300x204.jpg 300w, https:\/\/kulturweit.blog\/argentinienvillageneralbelgrano\/files\/2022\/09\/DSC_0046-768x524.jpg 768w\" sizes=\"(max-width: 580px) 100vw, 580px\" \/><\/a>\n\t\t\t<\/dt>\n\t\t\t\t<dd class='wp-caption-text gallery-caption' id='gallery-1-38'>\n\t\t\t\tH\u00fcbsche Bl\u00fcmchen m\u00fcssen auch mal sein\n\t\t\t\t<\/dd><\/dl><dl class='gallery-item'>\n\t\t\t<dt class='gallery-icon landscape'>\n\t\t\t\t<a href='https:\/\/kulturweit.blog\/argentinienvillageneralbelgrano\/2022\/09\/16\/wie-alles-begann\/dsc_0024\/'><img loading=\"lazy\" decoding=\"async\" width=\"580\" height=\"387\" src=\"https:\/\/kulturweit.blog\/argentinienvillageneralbelgrano\/files\/2022\/09\/DSC_0024.jpg\" class=\"attachment-large size-large\" alt=\"Einer der Fl\u00fcsse mit B\u00e4umen und Wiese und Steinen.\" aria-describedby=\"gallery-1-33\" srcset=\"https:\/\/kulturweit.blog\/argentinienvillageneralbelgrano\/files\/2022\/09\/DSC_0024.jpg 1024w, https:\/\/kulturweit.blog\/argentinienvillageneralbelgrano\/files\/2022\/09\/DSC_0024-300x200.jpg 300w, https:\/\/kulturweit.blog\/argentinienvillageneralbelgrano\/files\/2022\/09\/DSC_0024-768x512.jpg 768w\" sizes=\"(max-width: 580px) 100vw, 580px\" \/><\/a>\n\t\t\t<\/dt>\n\t\t\t\t<dd class='wp-caption-text gallery-caption' id='gallery-1-33'>\n\t\t\t\tNoch ein sch\u00f6ner Fluss mit Landschaft\n\t\t\t\t<\/dd><\/dl><br style=\"clear: both\" \/><dl class='gallery-item'>\n\t\t\t<dt class='gallery-icon landscape'>\n\t\t\t\t<a href='https:\/\/kulturweit.blog\/argentinienvillageneralbelgrano\/2022\/09\/16\/wie-alles-begann\/dsc_0086-2\/'><img loading=\"lazy\" decoding=\"async\" width=\"580\" height=\"387\" src=\"https:\/\/kulturweit.blog\/argentinienvillageneralbelgrano\/files\/2022\/09\/DSC_0086-1.jpg\" class=\"attachment-large size-large\" alt=\"Graffiti an einer Br\u00fccke\" aria-describedby=\"gallery-1-48\" srcset=\"https:\/\/kulturweit.blog\/argentinienvillageneralbelgrano\/files\/2022\/09\/DSC_0086-1.jpg 1024w, https:\/\/kulturweit.blog\/argentinienvillageneralbelgrano\/files\/2022\/09\/DSC_0086-1-300x200.jpg 300w, https:\/\/kulturweit.blog\/argentinienvillageneralbelgrano\/files\/2022\/09\/DSC_0086-1-768x512.jpg 768w\" sizes=\"(max-width: 580px) 100vw, 580px\" \/><\/a>\n\t\t\t<\/dt>\n\t\t\t\t<dd class='wp-caption-text gallery-caption' id='gallery-1-48'>\n\t\t\t\tGraffiti an einer Br\u00fccke, die \u00fcber den Arroyo El Sauce f\u00fchrt\n\t\t\t\t<\/dd><\/dl><dl class='gallery-item'>\n\t\t\t<dt class='gallery-icon landscape'>\n\t\t\t\t<a href='https:\/\/kulturweit.blog\/argentinienvillageneralbelgrano\/2022\/09\/16\/wie-alles-begann\/dsc_0022\/'><img loading=\"lazy\" decoding=\"async\" width=\"580\" height=\"387\" src=\"https:\/\/kulturweit.blog\/argentinienvillageneralbelgrano\/files\/2022\/09\/DSC_0022.jpg\" class=\"attachment-large size-large\" alt=\"gr\u00fcne Flusslandschaft mit Bank\" aria-describedby=\"gallery-1-21\" srcset=\"https:\/\/kulturweit.blog\/argentinienvillageneralbelgrano\/files\/2022\/09\/DSC_0022.jpg 1024w, https:\/\/kulturweit.blog\/argentinienvillageneralbelgrano\/files\/2022\/09\/DSC_0022-300x200.jpg 300w, https:\/\/kulturweit.blog\/argentinienvillageneralbelgrano\/files\/2022\/09\/DSC_0022-768x512.jpg 768w\" sizes=\"(max-width: 580px) 100vw, 580px\" \/><\/a>\n\t\t\t<\/dt>\n\t\t\t\t<dd class='wp-caption-text gallery-caption' id='gallery-1-21'>\n\t\t\t\tEines der Fl\u00fcsschen, welches quer durch Belgrano flie\u00dft; Paseo De Los Aroyos hei\u00dft diese Flusslandschaft \u00fcbrigens\n\t\t\t\t<\/dd><\/dl><br style=\"clear: both\" \/><dl class='gallery-item'>\n\t\t\t<dt class='gallery-icon landscape'>\n\t\t\t\t<a href='https:\/\/kulturweit.blog\/argentinienvillageneralbelgrano\/2022\/09\/16\/wie-alles-begann\/dsc_0067\/'><img loading=\"lazy\" decoding=\"async\" width=\"580\" height=\"387\" src=\"https:\/\/kulturweit.blog\/argentinienvillageneralbelgrano\/files\/2022\/09\/DSC_0067.jpg\" class=\"attachment-large size-large\" alt=\"eine Schotternebenstra\u00dfe\" aria-describedby=\"gallery-1-42\" srcset=\"https:\/\/kulturweit.blog\/argentinienvillageneralbelgrano\/files\/2022\/09\/DSC_0067.jpg 1024w, https:\/\/kulturweit.blog\/argentinienvillageneralbelgrano\/files\/2022\/09\/DSC_0067-300x200.jpg 300w, https:\/\/kulturweit.blog\/argentinienvillageneralbelgrano\/files\/2022\/09\/DSC_0067-768x512.jpg 768w\" sizes=\"(max-width: 580px) 100vw, 580px\" \/><\/a>\n\t\t\t<\/dt>\n\t\t\t\t<dd class='wp-caption-text gallery-caption' id='gallery-1-42'>\n\t\t\t\tStra\u00dfe\n\t\t\t\t<\/dd><\/dl><dl class='gallery-item'>\n\t\t\t<dt class='gallery-icon landscape'>\n\t\t\t\t<a href='https:\/\/kulturweit.blog\/argentinienvillageneralbelgrano\/2022\/09\/16\/wie-alles-begann\/dsc_0019\/'><img loading=\"lazy\" decoding=\"async\" width=\"580\" height=\"387\" src=\"https:\/\/kulturweit.blog\/argentinienvillageneralbelgrano\/files\/2022\/09\/DSC_0019.jpg\" class=\"attachment-large size-large\" alt=\"(noch)Ein Fl\u00fcsslein mit Steinlein und B\u00e4umlein\" aria-describedby=\"gallery-1-29\" srcset=\"https:\/\/kulturweit.blog\/argentinienvillageneralbelgrano\/files\/2022\/09\/DSC_0019.jpg 1024w, https:\/\/kulturweit.blog\/argentinienvillageneralbelgrano\/files\/2022\/09\/DSC_0019-300x200.jpg 300w, https:\/\/kulturweit.blog\/argentinienvillageneralbelgrano\/files\/2022\/09\/DSC_0019-768x512.jpg 768w\" sizes=\"(max-width: 580px) 100vw, 580px\" \/><\/a>\n\t\t\t<\/dt>\n\t\t\t\t<dd class='wp-caption-text gallery-caption' id='gallery-1-29'>\n\t\t\t\tYear! Noch mehr sch\u00f6ne Flusslandschaft! \nEs gibt nat\u00fcrlich viel Mehr Orte, nicht alles besteht aus Fluss. Aber hier gef\u00e4lltts mir einfach zu gut.\n\t\t\t\t<\/dd><\/dl><br style=\"clear: both\" \/><dl class='gallery-item'>\n\t\t\t<dt class='gallery-icon landscape'>\n\t\t\t\t<a href='https:\/\/kulturweit.blog\/argentinienvillageneralbelgrano\/2022\/09\/16\/wie-alles-begann\/dsc_0015\/'><img loading=\"lazy\" decoding=\"async\" width=\"580\" height=\"387\" src=\"https:\/\/kulturweit.blog\/argentinienvillageneralbelgrano\/files\/2022\/09\/DSC_0015.jpg\" class=\"attachment-large size-large\" alt=\"Ein Weg durch B\u00e4ume, links zwei Tonnen und rechts ein Sportplatz\" aria-describedby=\"gallery-1-28\" srcset=\"https:\/\/kulturweit.blog\/argentinienvillageneralbelgrano\/files\/2022\/09\/DSC_0015.jpg 1024w, https:\/\/kulturweit.blog\/argentinienvillageneralbelgrano\/files\/2022\/09\/DSC_0015-300x200.jpg 300w, https:\/\/kulturweit.blog\/argentinienvillageneralbelgrano\/files\/2022\/09\/DSC_0015-768x512.jpg 768w\" sizes=\"(max-width: 580px) 100vw, 580px\" \/><\/a>\n\t\t\t<\/dt>\n\t\t\t\t<dd class='wp-caption-text gallery-caption' id='gallery-1-28'>\n\t\t\t\tEine Schotterstra\u00dfe an einem Sportplatz\n\t\t\t\t<\/dd><\/dl><dl class='gallery-item'>\n\t\t\t<dt class='gallery-icon landscape'>\n\t\t\t\t<a href='https:\/\/kulturweit.blog\/argentinienvillageneralbelgrano\/2022\/09\/16\/wie-alles-begann\/vogel\/'><img loading=\"lazy\" decoding=\"async\" width=\"580\" height=\"388\" src=\"https:\/\/kulturweit.blog\/argentinienvillageneralbelgrano\/files\/2022\/09\/Vogel-e1663383878568.jpg\" class=\"attachment-large size-large\" alt=\"\" aria-describedby=\"gallery-1-49\" srcset=\"https:\/\/kulturweit.blog\/argentinienvillageneralbelgrano\/files\/2022\/09\/Vogel-e1663383878568.jpg 1016w, https:\/\/kulturweit.blog\/argentinienvillageneralbelgrano\/files\/2022\/09\/Vogel-e1663383878568-300x201.jpg 300w, https:\/\/kulturweit.blog\/argentinienvillageneralbelgrano\/files\/2022\/09\/Vogel-e1663383878568-768x514.jpg 768w\" sizes=\"(max-width: 580px) 100vw, 580px\" \/><\/a>\n\t\t\t<\/dt>\n\t\t\t\t<dd class='wp-caption-text gallery-caption' id='gallery-1-49'>\n\t\t\t\tDiese h\u00fcbschen Tierchen habe ich am Fluss gesehen. Nat\u00fcrlich gibt es hier auch Tauben und Spatzen.\n\t\t\t\t<\/dd><\/dl><br style=\"clear: both\" \/><dl class='gallery-item'>\n\t\t\t<dt class='gallery-icon landscape'>\n\t\t\t\t<a href='https:\/\/kulturweit.blog\/argentinienvillageneralbelgrano\/2022\/09\/16\/wie-alles-begann\/dsc_0010abgedeckt\/'><img loading=\"lazy\" decoding=\"async\" width=\"580\" height=\"387\" src=\"https:\/\/kulturweit.blog\/argentinienvillageneralbelgrano\/files\/2022\/09\/DSC_0010abgedeckt.jpg\" class=\"attachment-large size-large\" alt=\"Ein Schild verr\u00e4t den Namen des Hotels: &quot;Edelweiss&quot; ein Geb\u00e4udde hinter einem Parplatz. Am Balcongel\u00e4nder h\u00e4ngen argentinische Flaggen.\" aria-describedby=\"gallery-1-27\" srcset=\"https:\/\/kulturweit.blog\/argentinienvillageneralbelgrano\/files\/2022\/09\/DSC_0010abgedeckt.jpg 1024w, https:\/\/kulturweit.blog\/argentinienvillageneralbelgrano\/files\/2022\/09\/DSC_0010abgedeckt-300x200.jpg 300w, https:\/\/kulturweit.blog\/argentinienvillageneralbelgrano\/files\/2022\/09\/DSC_0010abgedeckt-768x512.jpg 768w\" sizes=\"(max-width: 580px) 100vw, 580px\" \/><\/a>\n\t\t\t<\/dt>\n\t\t\t\t<dd class='wp-caption-text gallery-caption' id='gallery-1-27'>\n\t\t\t\tEinfach nur ein Hotel\n\t\t\t\t<\/dd><\/dl><dl class='gallery-item'>\n\t\t\t<dt class='gallery-icon landscape'>\n\t\t\t\t<a href='https:\/\/kulturweit.blog\/argentinienvillageneralbelgrano\/2022\/09\/16\/wie-alles-begann\/dsc_0052\/'><img loading=\"lazy\" decoding=\"async\" width=\"580\" height=\"387\" src=\"https:\/\/kulturweit.blog\/argentinienvillageneralbelgrano\/files\/2022\/09\/DSC_0052.jpg\" class=\"attachment-large size-large\" alt=\"Ein Holzschild vor B\u00e4umen hinter einem Tor: &quot;Buxtehude&quot;.\" aria-describedby=\"gallery-1-23\" srcset=\"https:\/\/kulturweit.blog\/argentinienvillageneralbelgrano\/files\/2022\/09\/DSC_0052.jpg 1024w, https:\/\/kulturweit.blog\/argentinienvillageneralbelgrano\/files\/2022\/09\/DSC_0052-300x200.jpg 300w, https:\/\/kulturweit.blog\/argentinienvillageneralbelgrano\/files\/2022\/09\/DSC_0052-768x512.jpg 768w\" sizes=\"(max-width: 580px) 100vw, 580px\" \/><\/a>\n\t\t\t<\/dt>\n\t\t\t\t<dd class='wp-caption-text gallery-caption' id='gallery-1-23'>\n\t\t\t\tYear! Endlich Buxtehude gefunden!\n\t\t\t\t<\/dd><\/dl><br style=\"clear: both\" \/><dl class='gallery-item'>\n\t\t\t<dt class='gallery-icon portrait'>\n\t\t\t\t<a href='https:\/\/kulturweit.blog\/argentinienvillageneralbelgrano\/2022\/09\/16\/wie-alles-begann\/dsc_0020-2\/'><img loading=\"lazy\" decoding=\"async\" width=\"534\" height=\"800\" src=\"https:\/\/kulturweit.blog\/argentinienvillageneralbelgrano\/files\/2022\/09\/DSC_0020-2.jpg\" class=\"attachment-large size-large\" alt=\"Holzfigur auf Sockel am Wegrand des Flusses\" aria-describedby=\"gallery-1-45\" srcset=\"https:\/\/kulturweit.blog\/argentinienvillageneralbelgrano\/files\/2022\/09\/DSC_0020-2.jpg 683w, https:\/\/kulturweit.blog\/argentinienvillageneralbelgrano\/files\/2022\/09\/DSC_0020-2-300x450.jpg 300w\" sizes=\"(max-width: 534px) 100vw, 534px\" \/><\/a>\n\t\t\t<\/dt>\n\t\t\t\t<dd class='wp-caption-text gallery-caption' id='gallery-1-45'>\n\t\t\t\tKunstwerk am Fluss: &#8222;Begegnung zwischen Kulturen (Encuentro entre Culturas)&#8220;\n\t\t\t\t<\/dd><\/dl><dl class='gallery-item'>\n\t\t\t<dt class='gallery-icon portrait'>\n\t\t\t\t<a href='https:\/\/kulturweit.blog\/argentinienvillageneralbelgrano\/2022\/09\/16\/wie-alles-begann\/dsc_0023\/'><img loading=\"lazy\" decoding=\"async\" width=\"534\" height=\"800\" src=\"https:\/\/kulturweit.blog\/argentinienvillageneralbelgrano\/files\/2022\/09\/DSC_0023.jpg\" class=\"attachment-large size-large\" alt=\"Ein bearbeiteter Steinblock am Fluss, Aufschrift: &quot;Genesis&quot;\" aria-describedby=\"gallery-1-32\" srcset=\"https:\/\/kulturweit.blog\/argentinienvillageneralbelgrano\/files\/2022\/09\/DSC_0023.jpg 683w, https:\/\/kulturweit.blog\/argentinienvillageneralbelgrano\/files\/2022\/09\/DSC_0023-300x450.jpg 300w\" sizes=\"(max-width: 534px) 100vw, 534px\" \/><\/a>\n\t\t\t<\/dt>\n\t\t\t\t<dd class='wp-caption-text gallery-caption' id='gallery-1-32'>\n\t\t\t\tUiiiiiiiiii! Kunst am Fluss\n\t\t\t\t<\/dd><\/dl><br style=\"clear: both\" \/>\n\t\t<\/div>\n\n","protected":false},"excerpt":{"rendered":"<p>Meine Reise nach Argentinien dauerte ca. 24 Stunden und verlief entgegen meiner Erwartungen unkompliziert. Dennoch war sie nat\u00fcrlich sehr anstrengend. In Belgrano unternahm ich dann eine erste Tour durch die Stadt. Die 24 Stunden kamen zusammen, weil ich keine gute Flugverbindung von Dresden aus gefunden hatte. Deshalb musste ich erst einmal nach M\u00fcnchen fahren, um &hellip; <span class=\"more-link\"><a href=\"https:\/\/kulturweit.blog\/argentinienvillageneralbelgrano\/2022\/09\/16\/wie-alles-begann\/\">Mehr lesen &raquo;<\/a><\/span><\/p>\n","protected":false},"author":3061,"featured_media":38,"comment_status":"open","ping_status":"open","sticky":false,"template":"","format":"standard","meta":{"footnotes":""},"categories":[138],"tags":[],"class_list":["post-20","post","type-post","status-publish","format-standard","has-post-thumbnail","hentry","category-reise"],"amp_enabled":true,"_links":{"self":[{"href":"https:\/\/kulturweit.blog\/argentinienvillageneralbelgrano\/wp-json\/wp\/v2\/posts\/20"}],"collection":[{"href":"https:\/\/kulturweit.blog\/argentinienvillageneralbelgrano\/wp-json\/wp\/v2\/posts"}],"about":[{"href":"https:\/\/kulturweit.blog\/argentinienvillageneralbelgrano\/wp-json\/wp\/v2\/types\/post"}],"author":[{"embeddable":true,"href":"https:\/\/kulturweit.blog\/argentinienvillageneralbelgrano\/wp-json\/wp\/v2\/users\/3061"}],"replies":[{"embeddable":true,"href":"https:\/\/kulturweit.blog\/argentinienvillageneralbelgrano\/wp-json\/wp\/v2\/comments?post=20"}],"version-history":[{"count":3,"href":"https:\/\/kulturweit.blog\/argentinienvillageneralbelgrano\/wp-json\/wp\/v2\/posts\/20\/revisions"}],"predecessor-version":[{"id":46,"href":"https:\/\/kulturweit.blog\/argentinienvillageneralbelgrano\/wp-json\/wp\/v2\/posts\/20\/revisions\/46"}],"wp:featuredmedia":[{"embeddable":true,"href":"https:\/\/kulturweit.blog\/argentinienvillageneralbelgrano\/wp-json\/wp\/v2\/media\/38"}],"wp:attachment":[{"href":"https:\/\/kulturweit.blog\/argentinienvillageneralbelgrano\/wp-json\/wp\/v2\/media?parent=20"}],"wp:term":[{"taxonomy":"category","embeddable":true,"href":"https:\/\/kulturweit.blog\/argentinienvillageneralbelgrano\/wp-json\/wp\/v2\/categories?post=20"},{"taxonomy":"post_tag","embeddable":true,"href":"https:\/\/kulturweit.blog\/argentinienvillageneralbelgrano\/wp-json\/wp\/v2\/tags?post=20"}],"curies":[{"name":"wp","href":"https:\/\/api.w.org\/{rel}","templated":true}]}}