{"id":170,"date":"2022-10-15T16:54:18","date_gmt":"2022-10-15T19:54:18","guid":{"rendered":"https:\/\/kulturweit.blog\/argentinienvillageneralbelgrano\/?p=170"},"modified":"2022-10-15T19:08:02","modified_gmt":"2022-10-15T22:08:02","slug":"ein-oktoberfest-in-argentinien","status":"publish","type":"post","link":"https:\/\/kulturweit.blog\/argentinienvillageneralbelgrano\/2022\/10\/15\/ein-oktoberfest-in-argentinien\/","title":{"rendered":"Ein Oktoberfest in Argentinien!"},"content":{"rendered":"<p><strong>Vom 30. September bis zum 10. Oktober fand in Villa General Belgrano das drittgr\u00f6\u00dfte Oktoberfest der Welt statt. Es gab eine Menge Menschen in Dirndl oder Lederhosen auf den Stra\u00dfen, viel Bier und leider kaum Brezeln zu kaufen.<\/strong><\/p>\n<p><a href=\"https:\/\/kulturweit.blog\/argentinienvillageneralbelgrano\/files\/2022\/10\/IMG_20221015_151634_243-2.jpg\" rel=\"attachment wp-att-190\"><img loading=\"lazy\" decoding=\"async\" class=\"aligncenter wp-image-190 size-full\" src=\"https:\/\/kulturweit.blog\/argentinienvillageneralbelgrano\/files\/2022\/10\/IMG_20221015_151634_243-2.jpg\" alt=\"\" width=\"1024\" height=\"723\" srcset=\"https:\/\/kulturweit.blog\/argentinienvillageneralbelgrano\/files\/2022\/10\/IMG_20221015_151634_243-2.jpg 1024w, https:\/\/kulturweit.blog\/argentinienvillageneralbelgrano\/files\/2022\/10\/IMG_20221015_151634_243-2-300x212.jpg 300w, https:\/\/kulturweit.blog\/argentinienvillageneralbelgrano\/files\/2022\/10\/IMG_20221015_151634_243-2-768x542.jpg 768w\" sizes=\"(max-width: 1024px) 100vw, 1024px\" \/><\/a><\/p>\n<p>Das Oktoberfest von Villa General Belgrano ist der j\u00e4hrliche H\u00f6hepunkt der Touristenstr\u00f6me in das \u201edeutsche Dorf\u201c C\u00f3rdobas. Es liegt um landesweite Feiertage herum, die meisten Argentinier sind unterwegs, au\u00dfer die Einwohner Villa General Belgranos. Diese machen h\u00e4ufig ihr Gesch\u00e4ft des Jahres.<\/p>\n<p>Ein wichtiger Teil der \u201eFiesta nacional de la Cerveza\u201c (dem \u201eNationalen Feste des Bieres\u201c) sind die Festumz\u00fcge. Dabei ziehen einige Bewohner des Dorfes z.B. Dirndl, Lederhosen oder andere Gew\u00e4nder an, um Fahnen und Wappen schwingend auf die Oktoberfestb\u00fchne zu laufen. Die Flaggen waren dabei meist von europ\u00e4ischen L\u00e4ndern. Ein paar Sch\u00fcler und Lehrer der Deutschen Schule liefen dabei ebenfalls mit. Und so kam auch ich am Sonntagmittag zum Treffpunkt. Ich hatte auch \u00fcberlegt, mir ein Dirndl auszuleihen, damit ich auch ins Festumzugsbild passe. Ich habe mich dann aber dagegen entschieden. Dirndl sind einfach nicht so meins.<\/p>\n<div id=\"attachment_184\" style=\"width: 678px\" class=\"wp-caption aligncenter\"><a href=\"https:\/\/kulturweit.blog\/argentinienvillageneralbelgrano\/2022\/10\/15\/ein-oktoberfest-in-argentinien\/img_20221014_205005_884\/\" rel=\"attachment wp-att-184\"><img loading=\"lazy\" decoding=\"async\" aria-describedby=\"caption-attachment-184\" class=\"size-full wp-image-184\" src=\"https:\/\/kulturweit.blog\/argentinienvillageneralbelgrano\/files\/2022\/10\/IMG_20221014_205005_884-e1665857677815.jpg\" alt=\"\" width=\"668\" height=\"483\" srcset=\"https:\/\/kulturweit.blog\/argentinienvillageneralbelgrano\/files\/2022\/10\/IMG_20221014_205005_884-e1665857677815.jpg 668w, https:\/\/kulturweit.blog\/argentinienvillageneralbelgrano\/files\/2022\/10\/IMG_20221014_205005_884-e1665857677815-300x217.jpg 300w\" sizes=\"(max-width: 668px) 100vw, 668px\" \/><\/a><p id=\"caption-attachment-184\" class=\"wp-caption-text\">Gewusel auf der Hauptstra\u00dfe<\/p><\/div>\n<div id=\"attachment_175\" style=\"width: 1034px\" class=\"wp-caption aligncenter\"><a href=\"https:\/\/kulturweit.blog\/argentinienvillageneralbelgrano\/files\/2022\/10\/IMG_20221014_205005_168.jpg\" rel=\"attachment wp-att-175\"><img loading=\"lazy\" decoding=\"async\" aria-describedby=\"caption-attachment-175\" class=\"wp-image-175 size-full\" src=\"https:\/\/kulturweit.blog\/argentinienvillageneralbelgrano\/files\/2022\/10\/IMG_20221014_205005_168.jpg\" alt=\"\" width=\"1024\" height=\"768\" srcset=\"https:\/\/kulturweit.blog\/argentinienvillageneralbelgrano\/files\/2022\/10\/IMG_20221014_205005_168.jpg 1024w, https:\/\/kulturweit.blog\/argentinienvillageneralbelgrano\/files\/2022\/10\/IMG_20221014_205005_168-300x225.jpg 300w, https:\/\/kulturweit.blog\/argentinienvillageneralbelgrano\/files\/2022\/10\/IMG_20221014_205005_168-768x576.jpg 768w, https:\/\/kulturweit.blog\/argentinienvillageneralbelgrano\/files\/2022\/10\/IMG_20221014_205005_168-160x120.jpg 160w\" sizes=\"(max-width: 1024px) 100vw, 1024px\" \/><\/a><p id=\"caption-attachment-175\" class=\"wp-caption-text\">Festumzug am Freitag<\/p><\/div>\n<p>Somit war es wahrscheinlich gut, nicht so ganz dem vorherrschenden eindimensionalen Deutschlandbild zu entsprechen. Es besteht haupts\u00e4chlich aus Bier, Flaggen und Wappen, Dirndl, Lederhosen und Filzm\u00fctzen mit Ansteckern. All das kann man hier in s\u00e4mtlichen Souvenirl\u00e4den kaufen. Einiges scheint sogar eine Art Eigenleben entwickelt zu haben. Zum Beispiel kann man zum Oktoberfest Bierkr\u00fcge aus Holz, Ton oder Plastik kaufen, die man sich an einer Art G\u00fcrtel umh\u00e4ngen kann. Diese Kr\u00fcge k\u00f6nnen dann an den St\u00e4nden immer wieder aufgef\u00fcllt werden.<\/p>\n<p>Andererseits ist es doch genauso mit der Sicht auf andere L\u00e4nder in Deutschland. Diese beschr\u00e4nkt sich oft auch nur auf Flagge, Kleidung und Essen. Auch hier wird man kaum ein realistisches Bild von Lebenswirklichkeiten finden. Schlie\u00dflich ist es kaum m\u00f6glich, ein Land im Ganzen zu erfassen. Daf\u00fcr sind die Realit\u00e4ten f\u00fcr dessen Einwohner zu unterschiedlich. In Deutschland wird h\u00e4ufig nicht einmal zwischen L\u00e4ndern differenziert, wenn zum Beispiel von \u201edem Afrika\u201c gesprochen wird. Da k\u00f6nnen wir uns gl\u00fccklich sch\u00e4tzen, auf Bayern reduziert zu werden, schlie\u00dflich befindet sich dieses tats\u00e4chlich in Deutschland. Naja zumindest noch ;).<\/p>\n<p>Auch wenn f\u00fcr mich die vielen Deutschlandflaggen zumindest ungewohnt, wenn nicht sogar unbequem waren, hatten die Leute, wie bei allen Stadtfesten auch, einfach Spa\u00df am Verkleiden.<\/p>\n<div id=\"attachment_183\" style=\"width: 1034px\" class=\"wp-caption aligncenter\"><a href=\"https:\/\/kulturweit.blog\/argentinienvillageneralbelgrano\/files\/2022\/10\/IMG_20221014_205005_882.jpg\" rel=\"attachment wp-att-183\"><img loading=\"lazy\" decoding=\"async\" aria-describedby=\"caption-attachment-183\" class=\"wp-image-183 size-full\" src=\"https:\/\/kulturweit.blog\/argentinienvillageneralbelgrano\/files\/2022\/10\/IMG_20221014_205005_882.jpg\" alt=\"\" width=\"1024\" height=\"768\" srcset=\"https:\/\/kulturweit.blog\/argentinienvillageneralbelgrano\/files\/2022\/10\/IMG_20221014_205005_882.jpg 1024w, https:\/\/kulturweit.blog\/argentinienvillageneralbelgrano\/files\/2022\/10\/IMG_20221014_205005_882-300x225.jpg 300w, https:\/\/kulturweit.blog\/argentinienvillageneralbelgrano\/files\/2022\/10\/IMG_20221014_205005_882-768x576.jpg 768w, https:\/\/kulturweit.blog\/argentinienvillageneralbelgrano\/files\/2022\/10\/IMG_20221014_205005_882-160x120.jpg 160w\" sizes=\"(max-width: 1024px) 100vw, 1024px\" \/><\/a><p id=\"caption-attachment-183\" class=\"wp-caption-text\">Die Colegio Aleman Fraktion im Umzug am Samstag<\/p><\/div>\n<div id=\"attachment_176\" style=\"width: 1034px\" class=\"wp-caption aligncenter\"><a href=\"https:\/\/kulturweit.blog\/argentinienvillageneralbelgrano\/files\/2022\/10\/IMG_20221014_205005_449.jpg\"><img loading=\"lazy\" decoding=\"async\" aria-describedby=\"caption-attachment-176\" class=\"size-full wp-image-176\" src=\"https:\/\/kulturweit.blog\/argentinienvillageneralbelgrano\/files\/2022\/10\/IMG_20221014_205005_449.jpg\" alt=\"\" width=\"1024\" height=\"768\" srcset=\"https:\/\/kulturweit.blog\/argentinienvillageneralbelgrano\/files\/2022\/10\/IMG_20221014_205005_449.jpg 1024w, https:\/\/kulturweit.blog\/argentinienvillageneralbelgrano\/files\/2022\/10\/IMG_20221014_205005_449-300x225.jpg 300w, https:\/\/kulturweit.blog\/argentinienvillageneralbelgrano\/files\/2022\/10\/IMG_20221014_205005_449-768x576.jpg 768w, https:\/\/kulturweit.blog\/argentinienvillageneralbelgrano\/files\/2022\/10\/IMG_20221014_205005_449-160x120.jpg 160w\" sizes=\"(max-width: 1024px) 100vw, 1024px\" \/><\/a><p id=\"caption-attachment-176\" class=\"wp-caption-text\">Traktor<\/p><\/div>\n<div id=\"attachment_181\" style=\"width: 946px\" class=\"wp-caption aligncenter\"><a href=\"https:\/\/kulturweit.blog\/argentinienvillageneralbelgrano\/files\/2022\/10\/IMG_20221014_205005_824-e1665858846152.jpg\"><img loading=\"lazy\" decoding=\"async\" aria-describedby=\"caption-attachment-181\" class=\"size-full wp-image-181\" src=\"https:\/\/kulturweit.blog\/argentinienvillageneralbelgrano\/files\/2022\/10\/IMG_20221014_205005_824-e1665858846152.jpg\" alt=\"\" width=\"936\" height=\"701\" srcset=\"https:\/\/kulturweit.blog\/argentinienvillageneralbelgrano\/files\/2022\/10\/IMG_20221014_205005_824-e1665858846152.jpg 936w, https:\/\/kulturweit.blog\/argentinienvillageneralbelgrano\/files\/2022\/10\/IMG_20221014_205005_824-e1665858846152-300x225.jpg 300w, https:\/\/kulturweit.blog\/argentinienvillageneralbelgrano\/files\/2022\/10\/IMG_20221014_205005_824-e1665858846152-768x575.jpg 768w, https:\/\/kulturweit.blog\/argentinienvillageneralbelgrano\/files\/2022\/10\/IMG_20221014_205005_824-e1665858846152-160x120.jpg 160w\" sizes=\"(max-width: 936px) 100vw, 936px\" \/><\/a><p id=\"caption-attachment-181\" class=\"wp-caption-text\">Umzug mit Flaggen<\/p><\/div>\n<div id=\"attachment_174\" style=\"width: 1034px\" class=\"wp-caption aligncenter\"><a href=\"https:\/\/kulturweit.blog\/argentinienvillageneralbelgrano\/2022\/10\/15\/ein-oktoberfest-in-argentinien\/img_20221014_205005_079\/\" rel=\"attachment wp-att-174\"><img loading=\"lazy\" decoding=\"async\" aria-describedby=\"caption-attachment-174\" class=\"size-full wp-image-174\" src=\"https:\/\/kulturweit.blog\/argentinienvillageneralbelgrano\/files\/2022\/10\/IMG_20221014_205005_079.jpg\" alt=\"\" width=\"1024\" height=\"768\" srcset=\"https:\/\/kulturweit.blog\/argentinienvillageneralbelgrano\/files\/2022\/10\/IMG_20221014_205005_079.jpg 1024w, https:\/\/kulturweit.blog\/argentinienvillageneralbelgrano\/files\/2022\/10\/IMG_20221014_205005_079-300x225.jpg 300w, https:\/\/kulturweit.blog\/argentinienvillageneralbelgrano\/files\/2022\/10\/IMG_20221014_205005_079-768x576.jpg 768w, https:\/\/kulturweit.blog\/argentinienvillageneralbelgrano\/files\/2022\/10\/IMG_20221014_205005_079-160x120.jpg 160w\" sizes=\"(max-width: 1024px) 100vw, 1024px\" \/><\/a><p id=\"caption-attachment-174\" class=\"wp-caption-text\">Bandbus<\/p><\/div>\n<p>Eigentlich kostet der Oktoberfesteintritt Geld, jedoch nicht f\u00fcr Einwohner Villa General Belgranos. Auch die Teilnehmer des Umzuges m\u00fcssen nichts bezahlen.<\/p>\n<p>Ich habe auf dem Fest ziemlich viele Sch\u00fcler gesehen. Die meisten in normaler Kleidung. Da war ich scheinbar nicht die Einzige, die nicht so viel mit all dem anzufangen wusste.<\/p>\n<p>Der Umzug endete auf der zentralen B\u00fchne. Hier spielten an beiden Wochenenden Bands und es traten Tanzgruppen auf. Ich war nur am ersten Wochenende auf dem Fest. Am zweiten war ich mit ein paar anderen Kulturweitfreiwilligen in Tigre und Buenos Aires. Dabei soll es am zweiten Wochenende immer viel voller sein. Um die B\u00fchne herum waren St\u00e4nde gruppiert, an denen Essen, Bier oder Souvenirs verkauft wurden. Diese hatten zum Teil witzige Namen, wie zum Beispiel \u201eViejo Munich&#8220; ( \u201eAlt M\u00fcnchen\u201c): Da gibt es auch ein Restaurant im Dorf. Oder \u201eWeisswurst\u201c: Die Rechtschreibreform ist ein bisschen an den L\u00e4den-Namen vorbeigegangen. \u00df ist aber auch schwer auf der spanischen Tastatur zu finden, da bleibt einem nichts anderes \u00fcbrig, als von Wikipedia zu kopieren, wenn man so wie ich nur auf Laptops ohne Ziffernblock schreibt.<\/p>\n<div id=\"attachment_172\" style=\"width: 1034px\" class=\"wp-caption aligncenter\"><a href=\"https:\/\/kulturweit.blog\/argentinienvillageneralbelgrano\/2022\/10\/15\/ein-oktoberfest-in-argentinien\/img_20221014_205004_950\/\" rel=\"attachment wp-att-172\"><img loading=\"lazy\" decoding=\"async\" aria-describedby=\"caption-attachment-172\" class=\"size-full wp-image-172\" src=\"https:\/\/kulturweit.blog\/argentinienvillageneralbelgrano\/files\/2022\/10\/IMG_20221014_205004_950.jpg\" alt=\"\" width=\"1024\" height=\"674\" srcset=\"https:\/\/kulturweit.blog\/argentinienvillageneralbelgrano\/files\/2022\/10\/IMG_20221014_205004_950.jpg 1024w, https:\/\/kulturweit.blog\/argentinienvillageneralbelgrano\/files\/2022\/10\/IMG_20221014_205004_950-300x197.jpg 300w, https:\/\/kulturweit.blog\/argentinienvillageneralbelgrano\/files\/2022\/10\/IMG_20221014_205004_950-768x506.jpg 768w\" sizes=\"(max-width: 1024px) 100vw, 1024px\" \/><\/a><p id=\"caption-attachment-172\" class=\"wp-caption-text\">&#8222;Weisswurst&#8220; Stand ohne Wei\u00dfwurst<\/p><\/div>\n<div id=\"attachment_179\" style=\"width: 1034px\" class=\"wp-caption aligncenter\"><a href=\"https:\/\/kulturweit.blog\/argentinienvillageneralbelgrano\/files\/2022\/10\/IMG_20221014_205005_722.jpg\"><img loading=\"lazy\" decoding=\"async\" aria-describedby=\"caption-attachment-179\" class=\"size-full wp-image-179\" src=\"https:\/\/kulturweit.blog\/argentinienvillageneralbelgrano\/files\/2022\/10\/IMG_20221014_205005_722.jpg\" alt=\"\" width=\"1024\" height=\"768\" srcset=\"https:\/\/kulturweit.blog\/argentinienvillageneralbelgrano\/files\/2022\/10\/IMG_20221014_205005_722.jpg 1024w, https:\/\/kulturweit.blog\/argentinienvillageneralbelgrano\/files\/2022\/10\/IMG_20221014_205005_722-300x225.jpg 300w, https:\/\/kulturweit.blog\/argentinienvillageneralbelgrano\/files\/2022\/10\/IMG_20221014_205005_722-768x576.jpg 768w, https:\/\/kulturweit.blog\/argentinienvillageneralbelgrano\/files\/2022\/10\/IMG_20221014_205005_722-160x120.jpg 160w\" sizes=\"(max-width: 1024px) 100vw, 1024px\" \/><\/a><p id=\"caption-attachment-179\" class=\"wp-caption-text\">&#8222;Gut Bier&#8220;<\/p><\/div>\n<div id=\"attachment_182\" style=\"width: 1034px\" class=\"wp-caption aligncenter\"><a href=\"https:\/\/kulturweit.blog\/argentinienvillageneralbelgrano\/files\/2022\/10\/IMG_20221014_205005_869.jpg\"><img loading=\"lazy\" decoding=\"async\" aria-describedby=\"caption-attachment-182\" class=\"size-full wp-image-182\" src=\"https:\/\/kulturweit.blog\/argentinienvillageneralbelgrano\/files\/2022\/10\/IMG_20221014_205005_869.jpg\" alt=\"\" width=\"1024\" height=\"768\" srcset=\"https:\/\/kulturweit.blog\/argentinienvillageneralbelgrano\/files\/2022\/10\/IMG_20221014_205005_869.jpg 1024w, https:\/\/kulturweit.blog\/argentinienvillageneralbelgrano\/files\/2022\/10\/IMG_20221014_205005_869-300x225.jpg 300w, https:\/\/kulturweit.blog\/argentinienvillageneralbelgrano\/files\/2022\/10\/IMG_20221014_205005_869-768x576.jpg 768w, https:\/\/kulturweit.blog\/argentinienvillageneralbelgrano\/files\/2022\/10\/IMG_20221014_205005_869-160x120.jpg 160w\" sizes=\"(max-width: 1024px) 100vw, 1024px\" \/><\/a><p id=\"caption-attachment-182\" class=\"wp-caption-text\">Imbissbude &#8222;Viejo Munich&#8220;<\/p><\/div>\n<div id=\"attachment_186\" style=\"width: 1034px\" class=\"wp-caption aligncenter\"><a href=\"https:\/\/kulturweit.blog\/argentinienvillageneralbelgrano\/files\/2022\/10\/IMG_20221014_205005_963.jpg\"><img loading=\"lazy\" decoding=\"async\" aria-describedby=\"caption-attachment-186\" class=\"size-full wp-image-186\" src=\"https:\/\/kulturweit.blog\/argentinienvillageneralbelgrano\/files\/2022\/10\/IMG_20221014_205005_963.jpg\" alt=\"\" width=\"1024\" height=\"768\" srcset=\"https:\/\/kulturweit.blog\/argentinienvillageneralbelgrano\/files\/2022\/10\/IMG_20221014_205005_963.jpg 1024w, https:\/\/kulturweit.blog\/argentinienvillageneralbelgrano\/files\/2022\/10\/IMG_20221014_205005_963-300x225.jpg 300w, https:\/\/kulturweit.blog\/argentinienvillageneralbelgrano\/files\/2022\/10\/IMG_20221014_205005_963-768x576.jpg 768w, https:\/\/kulturweit.blog\/argentinienvillageneralbelgrano\/files\/2022\/10\/IMG_20221014_205005_963-160x120.jpg 160w\" sizes=\"(max-width: 1024px) 100vw, 1024px\" \/><\/a><p id=\"caption-attachment-186\" class=\"wp-caption-text\">Bierstand<\/p><\/div>\n<div id=\"attachment_187\" style=\"width: 1034px\" class=\"wp-caption aligncenter\"><a href=\"https:\/\/kulturweit.blog\/argentinienvillageneralbelgrano\/files\/2022\/10\/IMG_20221014_205004_732.jpg\"><img loading=\"lazy\" decoding=\"async\" aria-describedby=\"caption-attachment-187\" class=\"size-full wp-image-187\" src=\"https:\/\/kulturweit.blog\/argentinienvillageneralbelgrano\/files\/2022\/10\/IMG_20221014_205004_732.jpg\" alt=\"\" width=\"1024\" height=\"768\" srcset=\"https:\/\/kulturweit.blog\/argentinienvillageneralbelgrano\/files\/2022\/10\/IMG_20221014_205004_732.jpg 1024w, https:\/\/kulturweit.blog\/argentinienvillageneralbelgrano\/files\/2022\/10\/IMG_20221014_205004_732-300x225.jpg 300w, https:\/\/kulturweit.blog\/argentinienvillageneralbelgrano\/files\/2022\/10\/IMG_20221014_205004_732-768x576.jpg 768w, https:\/\/kulturweit.blog\/argentinienvillageneralbelgrano\/files\/2022\/10\/IMG_20221014_205004_732-160x120.jpg 160w\" sizes=\"(max-width: 1024px) 100vw, 1024px\" \/><\/a><p id=\"caption-attachment-187\" class=\"wp-caption-text\">Souvenirstand &#8222;Interlaken&#8220;<\/p><\/div>\n<div id=\"attachment_185\" style=\"width: 1034px\" class=\"wp-caption aligncenter\"><a href=\"https:\/\/kulturweit.blog\/argentinienvillageneralbelgrano\/files\/2022\/10\/IMG_20221014_205005_954.jpg\"><img loading=\"lazy\" decoding=\"async\" aria-describedby=\"caption-attachment-185\" class=\"size-full wp-image-185\" src=\"https:\/\/kulturweit.blog\/argentinienvillageneralbelgrano\/files\/2022\/10\/IMG_20221014_205005_954.jpg\" alt=\"\" width=\"1024\" height=\"768\" srcset=\"https:\/\/kulturweit.blog\/argentinienvillageneralbelgrano\/files\/2022\/10\/IMG_20221014_205005_954.jpg 1024w, https:\/\/kulturweit.blog\/argentinienvillageneralbelgrano\/files\/2022\/10\/IMG_20221014_205005_954-300x225.jpg 300w, https:\/\/kulturweit.blog\/argentinienvillageneralbelgrano\/files\/2022\/10\/IMG_20221014_205005_954-768x576.jpg 768w, https:\/\/kulturweit.blog\/argentinienvillageneralbelgrano\/files\/2022\/10\/IMG_20221014_205005_954-160x120.jpg 160w\" sizes=\"(max-width: 1024px) 100vw, 1024px\" \/><\/a><p id=\"caption-attachment-185\" class=\"wp-caption-text\">Ampelmann<\/p><\/div>\n<p>Ach und zum Schluss noch der Bierpreis: 1500 Pesos pro Ma\u00df. Das sind F\u00fcnf Euro mit dem Euro-Blue-Kurs (1 Euro = ca. 300 Pesos) und gerade mal ein Drittel von dem Ma\u00dfpreis auf dem Oktoberfest in M\u00fcnchen. Trotzdem noch teuer. Wie gut, dass ich kein Bier mag und kein Fleisch esse. Da bin ich mit meinen 400 Pesos f\u00fcr eine Portion Pommes gut weggekommen.<\/p>\n","protected":false},"excerpt":{"rendered":"<p>Vom 30. September bis zum 10. Oktober fand in Villa General Belgrano das drittgr\u00f6\u00dfte Oktoberfest der Welt statt. Es gab eine Menge Menschen in Dirndl oder Lederhosen auf den Stra\u00dfen, viel Bier und leider kaum Brezeln zu kaufen. Das Oktoberfest von Villa General Belgrano ist der j\u00e4hrliche H\u00f6hepunkt der Touristenstr\u00f6me in das \u201edeutsche Dorf\u201c C\u00f3rdobas. &hellip; <span class=\"more-link\"><a href=\"https:\/\/kulturweit.blog\/argentinienvillageneralbelgrano\/2022\/10\/15\/ein-oktoberfest-in-argentinien\/\">Mehr lesen &raquo;<\/a><\/span><\/p>\n","protected":false},"author":3061,"featured_media":190,"comment_status":"open","ping_status":"open","sticky":false,"template":"","format":"standard","meta":{"footnotes":""},"categories":[563,585,577,138],"tags":[],"class_list":["post-170","post","type-post","status-publish","format-standard","has-post-thumbnail","hentry","category-erlebnis","category-gesellschaft","category-menschen","category-reise"],"amp_enabled":true,"_links":{"self":[{"href":"https:\/\/kulturweit.blog\/argentinienvillageneralbelgrano\/wp-json\/wp\/v2\/posts\/170"}],"collection":[{"href":"https:\/\/kulturweit.blog\/argentinienvillageneralbelgrano\/wp-json\/wp\/v2\/posts"}],"about":[{"href":"https:\/\/kulturweit.blog\/argentinienvillageneralbelgrano\/wp-json\/wp\/v2\/types\/post"}],"author":[{"embeddable":true,"href":"https:\/\/kulturweit.blog\/argentinienvillageneralbelgrano\/wp-json\/wp\/v2\/users\/3061"}],"replies":[{"embeddable":true,"href":"https:\/\/kulturweit.blog\/argentinienvillageneralbelgrano\/wp-json\/wp\/v2\/comments?post=170"}],"version-history":[{"count":4,"href":"https:\/\/kulturweit.blog\/argentinienvillageneralbelgrano\/wp-json\/wp\/v2\/posts\/170\/revisions"}],"predecessor-version":[{"id":198,"href":"https:\/\/kulturweit.blog\/argentinienvillageneralbelgrano\/wp-json\/wp\/v2\/posts\/170\/revisions\/198"}],"wp:featuredmedia":[{"embeddable":true,"href":"https:\/\/kulturweit.blog\/argentinienvillageneralbelgrano\/wp-json\/wp\/v2\/media\/190"}],"wp:attachment":[{"href":"https:\/\/kulturweit.blog\/argentinienvillageneralbelgrano\/wp-json\/wp\/v2\/media?parent=170"}],"wp:term":[{"taxonomy":"category","embeddable":true,"href":"https:\/\/kulturweit.blog\/argentinienvillageneralbelgrano\/wp-json\/wp\/v2\/categories?post=170"},{"taxonomy":"post_tag","embeddable":true,"href":"https:\/\/kulturweit.blog\/argentinienvillageneralbelgrano\/wp-json\/wp\/v2\/tags?post=170"}],"curies":[{"name":"wp","href":"https:\/\/api.w.org\/{rel}","templated":true}]}}