{"id":15,"date":"2022-09-15T01:45:44","date_gmt":"2022-09-14T23:45:44","guid":{"rendered":"https:\/\/kulturweit.blog\/argentinienvillageneralbelgrano\/?p=15"},"modified":"2022-09-18T19:24:40","modified_gmt":"2022-09-18T22:24:40","slug":"das-vorbereitungsseminar-aspekte-des-freiwilligendienstes","status":"publish","type":"post","link":"https:\/\/kulturweit.blog\/argentinienvillageneralbelgrano\/2022\/09\/15\/das-vorbereitungsseminar-aspekte-des-freiwilligendienstes\/","title":{"rendered":"Das Vorbereitungsseminar \u2013 Aspekte des Freiwilligendienstes"},"content":{"rendered":"<p><strong>Das 9-t\u00e4gige Vorbereitungsseminar am Werbellinsee hat mein Bild vom Freiwilligendienst versch\u00e4rft und auch ver\u00e4ndert. Ich lernte meine Rolle als Freiwillige kritisch zu hinterfragen und wurde auch auf schwierige Zeiten der n\u00e4chsten 12 Monate vorbereitet.<\/strong><\/p>\n<p>Wir Freiwilligen wurden nach Regionen in Homezones eingeteilt, in denen wir dann die Seminare verbrachten. Au\u00dferdem gab es noch z. B. Workshops, aus denen wir f\u00fcr uns Relevantes heraussuchen durften. Im Allgemeinen gab es sehr viel Input und meist fiel es mir schwer, sich zwischen so viel Spannendem das Richtige herauszupicken.<\/p>\n<p>Als das Seminar am 2. September nach der digitalen Einf\u00fchrung startete, wusste ich erst einmal \u00fcberhaupt nicht, was auf mich zukommt. Das \u00e4nderte sich sehr schnell, als wir den Plan und die Workshop-Themen genauer vorgestellt bekamen. Es ging viel um Erwartungen an den Freiwilligendienst. Erwartungen, die wir, unsere Einsatzstellen, kulturweit und unser Umfeld an uns haben. Obendrein lernte ich \u00fcber meine Stellung und Privilegien als Freiwillige und den damit verbundenen Blick auf die Welt differenzierter nachzudenken. Dies wurde interessant, als es um Kolonialismus und damit verbundene Stereotypen und Vorurteile ging. Jene hat jeder im Kopf, abh\u00e4ngig davon, wo und wie er aufgewachsen ist. Wir m\u00fcssen also versuchen, mithilfe unserer Erlebnisse diese Stereotypen zu durchbrechen. Denn niemand will gerne in Schubladen gesteckt werden.<\/p>\n<p>All das war so viel, dass mir abends der Kopf brummte. Dennoch waren wir jeden Tag bis morgens auf, weil es noch so viel zu bereden gab.<\/p>\n<p>Am letzten Tag wurde von einigen eine Party organisiert. Wir waren alle total aufgedreht, weil es schlie\u00dflich schon bald losgehen w\u00fcrde. Der Tag zwischen Seminar und Flug nach Argentinien reichte mir dann auch kaum aus. Ich musste alles zusammenpacken, die letzten Dinge organisieren und mich von allen verabschieden.<\/p>\n<p>&nbsp;<\/p>\n<p>&nbsp;<\/p>\n<p>&nbsp;<\/p>\n","protected":false},"excerpt":{"rendered":"<p>Das 9-t\u00e4gige Vorbereitungsseminar am Werbellinsee hat mein Bild vom Freiwilligendienst versch\u00e4rft und auch ver\u00e4ndert. Ich lernte meine Rolle als Freiwillige kritisch zu hinterfragen und wurde auch auf schwierige Zeiten der n\u00e4chsten 12 Monate vorbereitet. Wir Freiwilligen wurden nach Regionen in Homezones eingeteilt, in denen wir dann die Seminare verbrachten. Au\u00dferdem gab es noch z. B. &hellip; <span class=\"more-link\"><a href=\"https:\/\/kulturweit.blog\/argentinienvillageneralbelgrano\/2022\/09\/15\/das-vorbereitungsseminar-aspekte-des-freiwilligendienstes\/\">Mehr lesen &raquo;<\/a><\/span><\/p>\n","protected":false},"author":3061,"featured_media":0,"comment_status":"open","ping_status":"open","sticky":false,"template":"","format":"standard","meta":{"footnotes":""},"categories":[65],"tags":[],"class_list":["post-15","post","type-post","status-publish","format-standard","hentry","category-kulturweit"],"amp_enabled":true,"_links":{"self":[{"href":"https:\/\/kulturweit.blog\/argentinienvillageneralbelgrano\/wp-json\/wp\/v2\/posts\/15"}],"collection":[{"href":"https:\/\/kulturweit.blog\/argentinienvillageneralbelgrano\/wp-json\/wp\/v2\/posts"}],"about":[{"href":"https:\/\/kulturweit.blog\/argentinienvillageneralbelgrano\/wp-json\/wp\/v2\/types\/post"}],"author":[{"embeddable":true,"href":"https:\/\/kulturweit.blog\/argentinienvillageneralbelgrano\/wp-json\/wp\/v2\/users\/3061"}],"replies":[{"embeddable":true,"href":"https:\/\/kulturweit.blog\/argentinienvillageneralbelgrano\/wp-json\/wp\/v2\/comments?post=15"}],"version-history":[{"count":2,"href":"https:\/\/kulturweit.blog\/argentinienvillageneralbelgrano\/wp-json\/wp\/v2\/posts\/15\/revisions"}],"predecessor-version":[{"id":18,"href":"https:\/\/kulturweit.blog\/argentinienvillageneralbelgrano\/wp-json\/wp\/v2\/posts\/15\/revisions\/18"}],"wp:attachment":[{"href":"https:\/\/kulturweit.blog\/argentinienvillageneralbelgrano\/wp-json\/wp\/v2\/media?parent=15"}],"wp:term":[{"taxonomy":"category","embeddable":true,"href":"https:\/\/kulturweit.blog\/argentinienvillageneralbelgrano\/wp-json\/wp\/v2\/categories?post=15"},{"taxonomy":"post_tag","embeddable":true,"href":"https:\/\/kulturweit.blog\/argentinienvillageneralbelgrano\/wp-json\/wp\/v2\/tags?post=15"}],"curies":[{"name":"wp","href":"https:\/\/api.w.org\/{rel}","templated":true}]}}