{"id":143,"date":"2022-10-13T19:13:34","date_gmt":"2022-10-13T22:13:34","guid":{"rendered":"https:\/\/kulturweit.blog\/argentinienvillageneralbelgrano\/?p=143"},"modified":"2022-10-15T13:56:48","modified_gmt":"2022-10-15T16:56:48","slug":"riesen-alfajores-und-fussballfans-in-cordoba","status":"publish","type":"post","link":"https:\/\/kulturweit.blog\/argentinienvillageneralbelgrano\/2022\/10\/13\/riesen-alfajores-und-fussballfans-in-cordoba\/","title":{"rendered":"Riesen Alfajores und Fu\u00dfballfans"},"content":{"rendered":"<p><strong>Einen Sonntag (25. September 2022) haben Annie und ich in C\u00f3rdoba Stadt verbracht. Wie in Deutschland haben hier die meisten Gesch\u00e4fte geschlossen. Aber nicht alle!<\/strong><\/p>\n<div id=\"attachment_145\" style=\"width: 1034px\" class=\"wp-caption aligncenter\"><a href=\"https:\/\/kulturweit.blog\/argentinienvillageneralbelgrano\/2022\/10\/13\/riesen-alfajores-und-fussballfans-in-cordoba\/amo\/\" rel=\"attachment wp-att-145\"><img loading=\"lazy\" decoding=\"async\" aria-describedby=\"caption-attachment-145\" class=\"size-full wp-image-145\" src=\"https:\/\/kulturweit.blog\/argentinienvillageneralbelgrano\/files\/2022\/10\/Amo.jpg\" alt=\"\" width=\"1024\" height=\"768\" srcset=\"https:\/\/kulturweit.blog\/argentinienvillageneralbelgrano\/files\/2022\/10\/Amo.jpg 1024w, https:\/\/kulturweit.blog\/argentinienvillageneralbelgrano\/files\/2022\/10\/Amo-300x225.jpg 300w, https:\/\/kulturweit.blog\/argentinienvillageneralbelgrano\/files\/2022\/10\/Amo-768x576.jpg 768w, https:\/\/kulturweit.blog\/argentinienvillageneralbelgrano\/files\/2022\/10\/Amo-160x120.jpg 160w\" sizes=\"(max-width: 1024px) 100vw, 1024px\" \/><\/a><p id=\"caption-attachment-145\" class=\"wp-caption-text\">Year, Bild von mir<\/p><\/div>\n<p>C\u00f3rdoba ist nach Buenos Aires die zweitgr\u00f6\u00dfte Stadt Argentiniens. Laut Wikipedia leben hier 1,75 Millionen Menschen. Die Gro\u00dfstadt ist nur ca. zwei bequeme Busstunden von Villa General Belgrano entfernt. Somit wird dieser Ausflug sicherlich nicht mein letzter gewesen sein.<\/p>\n<div id=\"attachment_152\" style=\"width: 1034px\" class=\"wp-caption aligncenter\"><a href=\"https:\/\/kulturweit.blog\/argentinienvillageneralbelgrano\/2022\/10\/13\/riesen-alfajores-und-fussballfans-in-cordoba\/hauskunst\/\" rel=\"attachment wp-att-152\"><img loading=\"lazy\" decoding=\"async\" aria-describedby=\"caption-attachment-152\" class=\"size-full wp-image-152\" src=\"https:\/\/kulturweit.blog\/argentinienvillageneralbelgrano\/files\/2022\/10\/Hauskunst.jpg\" alt=\"\" width=\"1024\" height=\"768\" srcset=\"https:\/\/kulturweit.blog\/argentinienvillageneralbelgrano\/files\/2022\/10\/Hauskunst.jpg 1024w, https:\/\/kulturweit.blog\/argentinienvillageneralbelgrano\/files\/2022\/10\/Hauskunst-300x225.jpg 300w, https:\/\/kulturweit.blog\/argentinienvillageneralbelgrano\/files\/2022\/10\/Hauskunst-768x576.jpg 768w, https:\/\/kulturweit.blog\/argentinienvillageneralbelgrano\/files\/2022\/10\/Hauskunst-160x120.jpg 160w\" sizes=\"(max-width: 1024px) 100vw, 1024px\" \/><\/a><p id=\"caption-attachment-152\" class=\"wp-caption-text\">Kunst<\/p><\/div>\n<p>Ich durfte bei Annie, der in der deutschen Schule C\u00f3rdoba eingesetzten Kulturweitfreiwilligen, \u00fcbernachten. Am Sonntag wollten wir uns zusammen ein paar Stra\u00dfen und Pl\u00e4tze der Millionenstadt anschauen. Da wir jedoch ziemlich fertig vom Deutsch-Camp waren, war ein gro\u00dfer Teil des Tages schon mit Schlaf gef\u00fcllt. Einen weiteren Teil ben\u00f6tigte die Suche nach einer Bus-Karte. Denn die Sache mit dem \u00d6PNV ist in C\u00f3rdoba eigentlich ziemlich praktisch gel\u00f6st. Die 80 Pesos (30 Cent) pro Busfahrt werden mit einer Chipkarte bezahlt. Diese kann an jedem Kiosk wieder aufgeladen werden. Allerdings ist es nicht immer ganz einfach, so eine Chipkarte zu bekommen. Annies Vermieterin war so nett und hat uns zu bestimmt f\u00fcnf Kiosken gefahren, bis wir eine solche Karte gefunden haben.<\/p>\n<div id=\"attachment_149\" style=\"width: 745px\" class=\"wp-caption aligncenter\"><a href=\"https:\/\/kulturweit.blog\/argentinienvillageneralbelgrano\/2022\/10\/13\/riesen-alfajores-und-fussballfans-in-cordoba\/colegio-de-escribanos\/\" rel=\"attachment wp-att-149\"><img loading=\"lazy\" decoding=\"async\" aria-describedby=\"caption-attachment-149\" class=\"size-full wp-image-149\" src=\"https:\/\/kulturweit.blog\/argentinienvillageneralbelgrano\/files\/2022\/10\/Colegio-de-escribanos.jpg\" alt=\"\" width=\"735\" height=\"1024\" srcset=\"https:\/\/kulturweit.blog\/argentinienvillageneralbelgrano\/files\/2022\/10\/Colegio-de-escribanos.jpg 735w, https:\/\/kulturweit.blog\/argentinienvillageneralbelgrano\/files\/2022\/10\/Colegio-de-escribanos-300x418.jpg 300w\" sizes=\"(max-width: 735px) 100vw, 735px\" \/><\/a><p id=\"caption-attachment-149\" class=\"wp-caption-text\">El Colegio de escribanos<\/p><\/div>\n<div id=\"attachment_153\" style=\"width: 778px\" class=\"wp-caption aligncenter\"><a href=\"https:\/\/kulturweit.blog\/argentinienvillageneralbelgrano\/2022\/10\/13\/riesen-alfajores-und-fussballfans-in-cordoba\/komischer-vogel\/\" rel=\"attachment wp-att-153\"><img loading=\"lazy\" decoding=\"async\" aria-describedby=\"caption-attachment-153\" class=\"size-full wp-image-153\" src=\"https:\/\/kulturweit.blog\/argentinienvillageneralbelgrano\/files\/2022\/10\/komischer-Vogel.jpg\" alt=\"\" width=\"768\" height=\"1024\" srcset=\"https:\/\/kulturweit.blog\/argentinienvillageneralbelgrano\/files\/2022\/10\/komischer-Vogel.jpg 768w, https:\/\/kulturweit.blog\/argentinienvillageneralbelgrano\/files\/2022\/10\/komischer-Vogel-300x400.jpg 300w\" sizes=\"(max-width: 768px) 100vw, 768px\" \/><\/a><p id=\"caption-attachment-153\" class=\"wp-caption-text\">Komischer Vogel<\/p><\/div>\n<p>In einer so gro\u00dfen Stadt wie C\u00f3rdoba gibt es immer ziemlich unberechenbaren Verkehr. Da ist es nat\u00fcrlich f\u00fcr keinen Bus m\u00f6glich, sich an einen Fahrplan zu halten. Deshalb warteten wir eine Stunde auf den n\u00e4chsten Bus. Es gibt jedoch eine App, mit der die Busse verfolgt werden k\u00f6nnen. Doch wie erw\u00e4hnt, bleibt es schwierig vorauszusagen, wann ein Bus wo ist.<\/p>\n<p>Somit war die H\u00e4lfte des Tages schon vorbei, als wir in der Innenstadt ankamen.<\/p>\n<div class=\"mceTemp\"><\/div>\n<div id=\"attachment_146\" style=\"width: 951px\" class=\"wp-caption aligncenter\"><a href=\"https:\/\/kulturweit.blog\/argentinienvillageneralbelgrano\/2022\/10\/13\/riesen-alfajores-und-fussballfans-in-cordoba\/blumen\/\" rel=\"attachment wp-att-146\"><img loading=\"lazy\" decoding=\"async\" aria-describedby=\"caption-attachment-146\" class=\"size-full wp-image-146\" src=\"https:\/\/kulturweit.blog\/argentinienvillageneralbelgrano\/files\/2022\/10\/blumen.jpg\" alt=\"\" width=\"941\" height=\"1024\" srcset=\"https:\/\/kulturweit.blog\/argentinienvillageneralbelgrano\/files\/2022\/10\/blumen.jpg 941w, https:\/\/kulturweit.blog\/argentinienvillageneralbelgrano\/files\/2022\/10\/blumen-300x326.jpg 300w, https:\/\/kulturweit.blog\/argentinienvillageneralbelgrano\/files\/2022\/10\/blumen-768x836.jpg 768w\" sizes=\"(max-width: 941px) 100vw, 941px\" \/><\/a><p id=\"caption-attachment-146\" class=\"wp-caption-text\">Hier ist Fr\u00fchling!<\/p><\/div>\n<div id=\"attachment_156\" style=\"width: 1034px\" class=\"wp-caption aligncenter\"><a href=\"https:\/\/kulturweit.blog\/argentinienvillageneralbelgrano\/2022\/10\/13\/riesen-alfajores-und-fussballfans-in-cordoba\/plaza-san-martin\/\" rel=\"attachment wp-att-156\"><img loading=\"lazy\" decoding=\"async\" aria-describedby=\"caption-attachment-156\" class=\"size-full wp-image-156\" src=\"https:\/\/kulturweit.blog\/argentinienvillageneralbelgrano\/files\/2022\/10\/Plaza-San-Martin.jpg\" alt=\"\" width=\"1024\" height=\"616\" srcset=\"https:\/\/kulturweit.blog\/argentinienvillageneralbelgrano\/files\/2022\/10\/Plaza-San-Martin.jpg 1024w, https:\/\/kulturweit.blog\/argentinienvillageneralbelgrano\/files\/2022\/10\/Plaza-San-Martin-300x180.jpg 300w, https:\/\/kulturweit.blog\/argentinienvillageneralbelgrano\/files\/2022\/10\/Plaza-San-Martin-768x462.jpg 768w\" sizes=\"(max-width: 1024px) 100vw, 1024px\" \/><\/a><p id=\"caption-attachment-156\" class=\"wp-caption-text\">Plaza San Martin am Sonntag. Da ist nat\u00fcrlich nix los.<\/p><\/div>\n<div id=\"attachment_147\" style=\"width: 1034px\" class=\"wp-caption aligncenter\"><a href=\"https:\/\/kulturweit.blog\/argentinienvillageneralbelgrano\/2022\/10\/13\/riesen-alfajores-und-fussballfans-in-cordoba\/catedral-de-cba\/\" rel=\"attachment wp-att-147\"><img loading=\"lazy\" decoding=\"async\" aria-describedby=\"caption-attachment-147\" class=\"size-full wp-image-147\" src=\"https:\/\/kulturweit.blog\/argentinienvillageneralbelgrano\/files\/2022\/10\/Catedral-de-CBA.jpg\" alt=\"\" width=\"1024\" height=\"748\" srcset=\"https:\/\/kulturweit.blog\/argentinienvillageneralbelgrano\/files\/2022\/10\/Catedral-de-CBA.jpg 1024w, https:\/\/kulturweit.blog\/argentinienvillageneralbelgrano\/files\/2022\/10\/Catedral-de-CBA-300x219.jpg 300w, https:\/\/kulturweit.blog\/argentinienvillageneralbelgrano\/files\/2022\/10\/Catedral-de-CBA-768x561.jpg 768w\" sizes=\"(max-width: 1024px) 100vw, 1024px\" \/><\/a><p id=\"caption-attachment-147\" class=\"wp-caption-text\">Si, amo C\u00f3rdoba!<\/p><\/div>\n<div id=\"attachment_148\" style=\"width: 1034px\" class=\"wp-caption aligncenter\"><a href=\"https:\/\/kulturweit.blog\/argentinienvillageneralbelgrano\/2022\/10\/13\/riesen-alfajores-und-fussballfans-in-cordoba\/catedral-de-nuestrar-senora\/\" rel=\"attachment wp-att-148\"><img loading=\"lazy\" decoding=\"async\" aria-describedby=\"caption-attachment-148\" class=\"size-full wp-image-148\" src=\"https:\/\/kulturweit.blog\/argentinienvillageneralbelgrano\/files\/2022\/10\/Catedral-de-nuestrar-senora.jpg\" alt=\"\" width=\"1024\" height=\"621\" srcset=\"https:\/\/kulturweit.blog\/argentinienvillageneralbelgrano\/files\/2022\/10\/Catedral-de-nuestrar-senora.jpg 1024w, https:\/\/kulturweit.blog\/argentinienvillageneralbelgrano\/files\/2022\/10\/Catedral-de-nuestrar-senora-300x182.jpg 300w, https:\/\/kulturweit.blog\/argentinienvillageneralbelgrano\/files\/2022\/10\/Catedral-de-nuestrar-senora-768x466.jpg 768w\" sizes=\"(max-width: 1024px) 100vw, 1024px\" \/><\/a><p id=\"caption-attachment-148\" class=\"wp-caption-text\">Die Frauenkirche von C\u00f3rdoba.<\/p><\/div>\n<div id=\"attachment_158\" style=\"width: 778px\" class=\"wp-caption aligncenter\"><a href=\"https:\/\/kulturweit.blog\/argentinienvillageneralbelgrano\/2022\/10\/13\/riesen-alfajores-und-fussballfans-in-cordoba\/alfajor2\/\" rel=\"attachment wp-att-158\"><img loading=\"lazy\" decoding=\"async\" aria-describedby=\"caption-attachment-158\" class=\"size-full wp-image-158\" src=\"https:\/\/kulturweit.blog\/argentinienvillageneralbelgrano\/files\/2022\/10\/alfajor2.jpg\" alt=\"\" width=\"768\" height=\"1024\" srcset=\"https:\/\/kulturweit.blog\/argentinienvillageneralbelgrano\/files\/2022\/10\/alfajor2.jpg 768w, https:\/\/kulturweit.blog\/argentinienvillageneralbelgrano\/files\/2022\/10\/alfajor2-300x400.jpg 300w\" sizes=\"(max-width: 768px) 100vw, 768px\" \/><\/a><p id=\"caption-attachment-158\" class=\"wp-caption-text\">Ein riesen Alfajor!<\/p><\/div>\n<div id=\"attachment_144\" style=\"width: 955px\" class=\"wp-caption aligncenter\"><a href=\"https:\/\/kulturweit.blog\/argentinienvillageneralbelgrano\/2022\/10\/13\/riesen-alfajores-und-fussballfans-in-cordoba\/alfajor1\/\" rel=\"attachment wp-att-144\"><img loading=\"lazy\" decoding=\"async\" aria-describedby=\"caption-attachment-144\" class=\"size-full wp-image-144\" src=\"https:\/\/kulturweit.blog\/argentinienvillageneralbelgrano\/files\/2022\/10\/alfajor1.jpg\" alt=\"\" width=\"945\" height=\"1024\" srcset=\"https:\/\/kulturweit.blog\/argentinienvillageneralbelgrano\/files\/2022\/10\/alfajor1.jpg 945w, https:\/\/kulturweit.blog\/argentinienvillageneralbelgrano\/files\/2022\/10\/alfajor1-300x325.jpg 300w, https:\/\/kulturweit.blog\/argentinienvillageneralbelgrano\/files\/2022\/10\/alfajor1-768x832.jpg 768w\" sizes=\"(max-width: 945px) 100vw, 945px\" \/><\/a><p id=\"caption-attachment-144\" class=\"wp-caption-text\">Meeeeeega!<\/p><\/div>\n<p>&nbsp;<\/p>\n<p>Mittags waren wir in einem Mini Supermarkt, ein paar L\u00e4dchen sind hier auch sonntags ge\u00f6ffnet. Hier habe ich meine erste Pesom\u00fcnze bekommen! M\u00fcnzen sind mir in VGB noch nicht begegnet. Au\u00dferdem wollten wir eigentlich noch auf einen Markt in G\u00fcemes gehen. Aber den haben wir nicht gefunden. Stattdessen sind wir so ein bisschen durch die Stra\u00dfen gelaufen. Dabei sind uns eine Menge CA Belgrano Fans begegnet. Ja, Fu\u00dfballfans sind hier in gro\u00dfer Gesellschaft. Das habe ich auch in der Schule bemerkt, in fast allen Klassen werden Panini Sticker getauscht. CA Belgrano schien ein Spiel gewonnen zu haben, denn die Fans waren in bester Stimmung: Es wurden Flaggen, M\u00fctzen, Schl\u00fcsselb\u00e4nder und Co. verkauft. Mit diesen Sachen geschm\u00fcckt fuhren Menschen hupend in Autos und auf Mopeds durch die Stra\u00dfen. Das war schon witzig.<\/p>\n<div id=\"attachment_157\" style=\"width: 1034px\" class=\"wp-caption aligncenter\"><a href=\"https:\/\/kulturweit.blog\/argentinienvillageneralbelgrano\/2022\/10\/13\/riesen-alfajores-und-fussballfans-in-cordoba\/romulus\/\" rel=\"attachment wp-att-157\"><img loading=\"lazy\" decoding=\"async\" aria-describedby=\"caption-attachment-157\" class=\"size-full wp-image-157\" src=\"https:\/\/kulturweit.blog\/argentinienvillageneralbelgrano\/files\/2022\/10\/Romulus.jpg\" alt=\"\" width=\"1024\" height=\"768\" srcset=\"https:\/\/kulturweit.blog\/argentinienvillageneralbelgrano\/files\/2022\/10\/Romulus.jpg 1024w, https:\/\/kulturweit.blog\/argentinienvillageneralbelgrano\/files\/2022\/10\/Romulus-300x225.jpg 300w, https:\/\/kulturweit.blog\/argentinienvillageneralbelgrano\/files\/2022\/10\/Romulus-768x576.jpg 768w, https:\/\/kulturweit.blog\/argentinienvillageneralbelgrano\/files\/2022\/10\/Romulus-160x120.jpg 160w\" sizes=\"(max-width: 1024px) 100vw, 1024px\" \/><\/a><p id=\"caption-attachment-157\" class=\"wp-caption-text\">Wolf in C\u00f3rdoba!<\/p><\/div>\n<div id=\"attachment_155\" style=\"width: 1034px\" class=\"wp-caption aligncenter\"><a href=\"https:\/\/kulturweit.blog\/argentinienvillageneralbelgrano\/2022\/10\/13\/riesen-alfajores-und-fussballfans-in-cordoba\/malvinas2\/\" rel=\"attachment wp-att-155\"><img loading=\"lazy\" decoding=\"async\" aria-describedby=\"caption-attachment-155\" class=\"size-full wp-image-155\" src=\"https:\/\/kulturweit.blog\/argentinienvillageneralbelgrano\/files\/2022\/10\/malvinas2.jpg\" alt=\"\" width=\"1024\" height=\"634\" srcset=\"https:\/\/kulturweit.blog\/argentinienvillageneralbelgrano\/files\/2022\/10\/malvinas2.jpg 1024w, https:\/\/kulturweit.blog\/argentinienvillageneralbelgrano\/files\/2022\/10\/malvinas2-300x186.jpg 300w, https:\/\/kulturweit.blog\/argentinienvillageneralbelgrano\/files\/2022\/10\/malvinas2-768x476.jpg 768w\" sizes=\"(max-width: 1024px) 100vw, 1024px\" \/><\/a><p id=\"caption-attachment-155\" class=\"wp-caption-text\">Zinnsoldaten<\/p><\/div>\n<p><a href=\"https:\/\/kulturweit.blog\/argentinienvillageneralbelgrano\/2022\/10\/13\/riesen-alfajores-und-fussballfans-in-cordoba\/malvinas\/\" rel=\"attachment wp-att-154\"><img loading=\"lazy\" decoding=\"async\" class=\"aligncenter size-full wp-image-154\" src=\"https:\/\/kulturweit.blog\/argentinienvillageneralbelgrano\/files\/2022\/10\/malvinas.jpg\" alt=\"\" width=\"1024\" height=\"768\" srcset=\"https:\/\/kulturweit.blog\/argentinienvillageneralbelgrano\/files\/2022\/10\/malvinas.jpg 1024w, https:\/\/kulturweit.blog\/argentinienvillageneralbelgrano\/files\/2022\/10\/malvinas-300x225.jpg 300w, https:\/\/kulturweit.blog\/argentinienvillageneralbelgrano\/files\/2022\/10\/malvinas-768x576.jpg 768w, https:\/\/kulturweit.blog\/argentinienvillageneralbelgrano\/files\/2022\/10\/malvinas-160x120.jpg 160w\" sizes=\"(max-width: 1024px) 100vw, 1024px\" \/><\/a><\/p>\n<p>Zu sp\u00e4t wollte ich am Sonntag allerdings nicht zur\u00fcckfahren, denn am n\u00e4chsten Tag musste ich ja wieder in die Schule. Jedoch hatte ich mir noch kein Ticket f\u00fcr die R\u00fcckfahrt gekauft. Anders als in meinem Dorf, gibt es in Cordoba am Terminal sehr viele Schalter. Ich war froh, als ich einen der Schalter der Busunternehmen gefunden hatte, die auch nach Villa General Belgrano fahren. Doch hier waren die Busse schon ausverkauft oder es fuhren keine mehr. So genau habe ich das nicht verstanden. Jedoch verwies mich die Frau an den Schalter nebenan. Die \u201eSierras de Calamuchita\u201c fuhren noch in mein D\u00f6rfchen. Der Verk\u00e4ufer war auch wieder ganz nett und erkannte nat\u00fcrlich sofort, dass ich aus Deutschland kam. Er hatte einen Cousin oder so in M\u00fcnchen, hat er mir erz\u00e4hlt. Glaube ich. Als ich mich dann zu meinem Bus durchgefragt hatte, war ich doch ganz froh, wieder in einem der bequemen Sitze zu sitzen. Auf dem R\u00fcckweg durch C\u00f3rdoba hat der Busfahrer allen Belgrano-Fans, die im Auto, auf dem Moped, mit dem Fahrrad oder zu Fu\u00df vorbei kamen, rhythmisch zugehubt.<\/p>\n<div id=\"attachment_151\" style=\"width: 1034px\" class=\"wp-caption aligncenter\"><a href=\"https:\/\/kulturweit.blog\/argentinienvillageneralbelgrano\/2022\/10\/13\/riesen-alfajores-und-fussballfans-in-cordoba\/fussballfans2\/\" rel=\"attachment wp-att-151\"><img loading=\"lazy\" decoding=\"async\" aria-describedby=\"caption-attachment-151\" class=\"size-full wp-image-151\" src=\"https:\/\/kulturweit.blog\/argentinienvillageneralbelgrano\/files\/2022\/10\/Fussballfans2.jpg\" alt=\"\" width=\"1024\" height=\"622\" srcset=\"https:\/\/kulturweit.blog\/argentinienvillageneralbelgrano\/files\/2022\/10\/Fussballfans2.jpg 1024w, https:\/\/kulturweit.blog\/argentinienvillageneralbelgrano\/files\/2022\/10\/Fussballfans2-300x182.jpg 300w, https:\/\/kulturweit.blog\/argentinienvillageneralbelgrano\/files\/2022\/10\/Fussballfans2-768x467.jpg 768w\" sizes=\"(max-width: 1024px) 100vw, 1024px\" \/><\/a><p id=\"caption-attachment-151\" class=\"wp-caption-text\">Belgrano-Fans<\/p><\/div>\n<div id=\"attachment_150\" style=\"width: 1034px\" class=\"wp-caption aligncenter\"><a href=\"https:\/\/kulturweit.blog\/argentinienvillageneralbelgrano\/2022\/10\/13\/riesen-alfajores-und-fussballfans-in-cordoba\/fussballfans1\/\" rel=\"attachment wp-att-150\"><img loading=\"lazy\" decoding=\"async\" aria-describedby=\"caption-attachment-150\" class=\"size-full wp-image-150\" src=\"https:\/\/kulturweit.blog\/argentinienvillageneralbelgrano\/files\/2022\/10\/Fussballfans1.jpg\" alt=\"\" width=\"1024\" height=\"747\" srcset=\"https:\/\/kulturweit.blog\/argentinienvillageneralbelgrano\/files\/2022\/10\/Fussballfans1.jpg 1024w, https:\/\/kulturweit.blog\/argentinienvillageneralbelgrano\/files\/2022\/10\/Fussballfans1-300x219.jpg 300w, https:\/\/kulturweit.blog\/argentinienvillageneralbelgrano\/files\/2022\/10\/Fussballfans1-768x560.jpg 768w\" sizes=\"(max-width: 1024px) 100vw, 1024px\" \/><\/a><p id=\"caption-attachment-150\" class=\"wp-caption-text\">Noch mehr hupende Fu\u00dfballfans<\/p><\/div>\n<p>Am Montag begann dann meine erste vollst\u00e4ndige Arbeitswoche in Argentinien. An jedem dieser Tage werde ich im Colegio Aleman gewesen sein. Gerade jetzt am Anfang ist der Arbeitsalltag noch sehr anstrengend.<\/p>\n","protected":false},"excerpt":{"rendered":"<p>Einen Sonntag (25. September 2022) haben Annie und ich in C\u00f3rdoba Stadt verbracht. Wie in Deutschland haben hier die meisten Gesch\u00e4fte geschlossen. Aber nicht alle! C\u00f3rdoba ist nach Buenos Aires die zweitgr\u00f6\u00dfte Stadt Argentiniens. Laut Wikipedia leben hier 1,75 Millionen Menschen. Die Gro\u00dfstadt ist nur ca. zwei bequeme Busstunden von Villa General Belgrano entfernt. Somit &hellip; <span class=\"more-link\"><a href=\"https:\/\/kulturweit.blog\/argentinienvillageneralbelgrano\/2022\/10\/13\/riesen-alfajores-und-fussballfans-in-cordoba\/\">Mehr lesen &raquo;<\/a><\/span><\/p>\n","protected":false},"author":3061,"featured_media":145,"comment_status":"open","ping_status":"open","sticky":false,"template":"","format":"standard","meta":{"footnotes":""},"categories":[341],"tags":[],"class_list":["post-143","post","type-post","status-publish","format-standard","has-post-thumbnail","hentry","category-ausflug"],"amp_enabled":true,"_links":{"self":[{"href":"https:\/\/kulturweit.blog\/argentinienvillageneralbelgrano\/wp-json\/wp\/v2\/posts\/143"}],"collection":[{"href":"https:\/\/kulturweit.blog\/argentinienvillageneralbelgrano\/wp-json\/wp\/v2\/posts"}],"about":[{"href":"https:\/\/kulturweit.blog\/argentinienvillageneralbelgrano\/wp-json\/wp\/v2\/types\/post"}],"author":[{"embeddable":true,"href":"https:\/\/kulturweit.blog\/argentinienvillageneralbelgrano\/wp-json\/wp\/v2\/users\/3061"}],"replies":[{"embeddable":true,"href":"https:\/\/kulturweit.blog\/argentinienvillageneralbelgrano\/wp-json\/wp\/v2\/comments?post=143"}],"version-history":[{"count":3,"href":"https:\/\/kulturweit.blog\/argentinienvillageneralbelgrano\/wp-json\/wp\/v2\/posts\/143\/revisions"}],"predecessor-version":[{"id":169,"href":"https:\/\/kulturweit.blog\/argentinienvillageneralbelgrano\/wp-json\/wp\/v2\/posts\/143\/revisions\/169"}],"wp:featuredmedia":[{"embeddable":true,"href":"https:\/\/kulturweit.blog\/argentinienvillageneralbelgrano\/wp-json\/wp\/v2\/media\/145"}],"wp:attachment":[{"href":"https:\/\/kulturweit.blog\/argentinienvillageneralbelgrano\/wp-json\/wp\/v2\/media?parent=143"}],"wp:term":[{"taxonomy":"category","embeddable":true,"href":"https:\/\/kulturweit.blog\/argentinienvillageneralbelgrano\/wp-json\/wp\/v2\/categories?post=143"},{"taxonomy":"post_tag","embeddable":true,"href":"https:\/\/kulturweit.blog\/argentinienvillageneralbelgrano\/wp-json\/wp\/v2\/tags?post=143"}],"curies":[{"name":"wp","href":"https:\/\/api.w.org\/{rel}","templated":true}]}}