{"id":114,"date":"2022-10-01T22:13:14","date_gmt":"2022-10-02T01:13:14","guid":{"rendered":"https:\/\/kulturweit.blog\/argentinienvillageneralbelgrano\/?p=114"},"modified":"2022-10-15T13:52:47","modified_gmt":"2022-10-15T16:52:47","slug":"vegetarische-schnitzeljagd","status":"publish","type":"post","link":"https:\/\/kulturweit.blog\/argentinienvillageneralbelgrano\/2022\/10\/01\/vegetarische-schnitzeljagd\/","title":{"rendered":"Vegetarische Schnitzeljagd"},"content":{"rendered":"<p><strong>Letzte Woche war ich f\u00fcr drei Tage (22. bis 24. September) auf einem Deutsch-Camp der deutschen Schule C\u00f3rdoba. Die 49 Kinder hatten ein volles Programm mit Stationsarbeit, Schnitzeljagd, Workshops und Spielen.<\/strong><\/p>\n<p>Das Colegio Aleman Cordoba brauchte noch eine Begleitperson f\u00fcr das Sprachcamp der 8. Klasse. Da hatte ich Gl\u00fcck, dass Villa General Belgrano nur knapp zwei Busstunden von C\u00f3rdoba Stadt entfernt liegt. Da kaufte ich also am Dienstag mein erstes Busticket am Schalter. Ja, solche kleinen Dinge sind am Anfang echt eine Herausforderung, gerade weil ich die Sprache noch nicht beherrsche. Doch es hat super funktioniert, auch wenn der nette Mann mir sicher gern noch mehr erkl\u00e4rt h\u00e4tte, wenn ich ihn verstanden h\u00e4tte.<\/p>\n<p>Also fuhr ich am Mittwochnachmittag nach C\u00f3rdoba und wurde am Terminal abgeholt. Nach ein paar letzten Vorbereitungen starteten ein paar Deutschlehrer, eine andere Kulturweitfreiwillige und ich am Donnerstagmorgen in das Deutschcamp. Es fand in einer Herberge des &#8222;Sindicato de Camioneros&#8220; statt. Das ist eine Gewerkschaft f\u00fcr LKW Fahrer. Die Unterkunft war ziemlich gut, mit Balkon und K\u00fcche, die wir allerdings nicht brauchten, weil wir dort verpflegt wurden. Ich bekam sogar eine vegetarische Extrawurst!<\/p>\n<div id=\"attachment_115\" style=\"width: 1034px\" class=\"wp-caption aligncenter\"><a href=\"https:\/\/kulturweit.blog\/argentinienvillageneralbelgrano\/files\/2022\/10\/BALKON.jpg\"><img loading=\"lazy\" decoding=\"async\" aria-describedby=\"caption-attachment-115\" class=\"wp-image-115 size-full\" src=\"https:\/\/kulturweit.blog\/argentinienvillageneralbelgrano\/files\/2022\/10\/BALKON.jpg\" alt=\"\" width=\"1024\" height=\"768\" srcset=\"https:\/\/kulturweit.blog\/argentinienvillageneralbelgrano\/files\/2022\/10\/BALKON.jpg 1024w, https:\/\/kulturweit.blog\/argentinienvillageneralbelgrano\/files\/2022\/10\/BALKON-300x225.jpg 300w, https:\/\/kulturweit.blog\/argentinienvillageneralbelgrano\/files\/2022\/10\/BALKON-768x576.jpg 768w, https:\/\/kulturweit.blog\/argentinienvillageneralbelgrano\/files\/2022\/10\/BALKON-160x120.jpg 160w\" sizes=\"(max-width: 1024px) 100vw, 1024px\" \/><\/a><p id=\"caption-attachment-115\" class=\"wp-caption-text\"><strong><em>Uiuiuiui Wahsinnsblick!<\/em><\/strong><br \/>Die Aussicht vom Balkon auf das Hotelgel\u00e4nde<\/p><\/div>\n<p>An den umfangreichen Vorbereitungen des Camps war ich nicht beteiligt, weil meine Einsatzstelle ja eine andere ist. Somit konnte ich den vorherigen Aufwand nur erahnen. Ich habe dort lediglich z.B. beim Aufbau der Spiele geholfen und Aktivit\u00e4ten betreut. Die Stationen wurden von Annie, der Freiwilligen in der deutschen Schule C\u00f3rdoba, mitvorbereitet. In die Aktivit\u00e4ten musste vorher echt viel Gehirnschmalz und Bastelarbeit hineingesteckt werden, so etwas war mir als Sch\u00fclerin \u00fcberhaupt nicht bewusst. W\u00e4hrend des Camps hatten wir nat\u00fcrlich nicht so viel Verantwortung wie die Lehrer. F\u00fcr diese war alles noch viel anstrengender und stressiger. Doch auch f\u00fcr die Teilnehmer war das volle Programm eine Herausforderung. Da konnten wir die Kinder dann durchaus verstehen, wenn sie nicht so viel Lust hatten, sich sp\u00e4t abends noch mit einer Fremdsprache zu besch\u00e4ftigen. Hier waren unsere eigenen Schulerfahrungen einfach noch sehr pr\u00e4sent. Au\u00dferdem war es sch\u00f6n, sich mal wieder mit einer anderen Kulturweitfreiwilligen austauschen zu k\u00f6nnen. Da haben wir wirklich Gl\u00fcck, dass wir so dicht beieinander eingesetzt sind. F\u00fcr andere Freiwillige, die alleine in einem Land sind, ist es da schwieriger.<\/p>\n<p>Zu Beginn wurden die Sch\u00fcler in 7er Gruppen eingeteilt. Sie sollten in Stationsarbeiten, Spielen und einer Schnitzeljagd gegeneinander antreten, um Punkte zu sammeln. Am Ende gewann das Team mit der h\u00f6chsten Punktzahl. Dabei hing nat\u00fcrlich alles auch von der Motivation der Kinder ab, die am Anfang noch nicht so gro\u00df war. Denn pralle Sonne, staubige Luft und Wartezeiten sind nicht gerade Motivationsmotoren. Daher mussten wir die ersten Spiele auch abbrechen. Doch am Abend des ersten Tages klappte es dann bei weitem besser: Auf Zeit sollten die Gruppen witzige Aufgaben bew\u00e4ltigen. Ich k\u00fcmmerte mich hier um das Richtig\/Falsch Spiel mit Aussagen zu Deutschland. Au\u00dferdem gab es zum Beispiel noch Berufe raten, in der Gruppe ein Gedicht auswendig lernen oder schw\u00e4bische Begriffe raten. Die Kinder waren diesmal maximal motiviert, daher war die Stationsarbeit ein voller Erfolg.<\/p>\n<div id=\"attachment_116\" style=\"width: 1034px\" class=\"wp-caption aligncenter\"><a href=\"https:\/\/kulturweit.blog\/argentinienvillageneralbelgrano\/files\/2022\/10\/bruecke.jpg\"><img loading=\"lazy\" decoding=\"async\" aria-describedby=\"caption-attachment-116\" class=\"wp-image-116 size-full\" src=\"https:\/\/kulturweit.blog\/argentinienvillageneralbelgrano\/files\/2022\/10\/bruecke.jpg\" alt=\"\" width=\"1024\" height=\"768\" srcset=\"https:\/\/kulturweit.blog\/argentinienvillageneralbelgrano\/files\/2022\/10\/bruecke.jpg 1024w, https:\/\/kulturweit.blog\/argentinienvillageneralbelgrano\/files\/2022\/10\/bruecke-300x225.jpg 300w, https:\/\/kulturweit.blog\/argentinienvillageneralbelgrano\/files\/2022\/10\/bruecke-768x576.jpg 768w, https:\/\/kulturweit.blog\/argentinienvillageneralbelgrano\/files\/2022\/10\/bruecke-160x120.jpg 160w\" sizes=\"(max-width: 1024px) 100vw, 1024px\" \/><\/a><p id=\"caption-attachment-116\" class=\"wp-caption-text\"><em><strong>H\u00fcbsche B\u00e4umchen<\/strong><\/em><br \/>Hier hatte ich meine Dosenwerfstation.<\/p><\/div>\n<p>Am n\u00e4chsten Tag half ich dann mit, die Schnitzeljagd aufzubauen, w\u00e4hrend die Kinder an Theater, Musik und Medienworkshops teilnahmen. Es gab Stationen wie Wikingerschach, Fahrradfahren, Hindernisse mit einem Pendel umlegen oder Flaschen abwerfen. Ich durfte die Dosenwerf-Station betreuen. Die Kinder sollten sich jedes Mal Buchstaben erspielen, mit denen sie dann deutsche St\u00e4dte legen mussten. Dies ging erstaunlich gut. Sogar mein Wort \u201eLeipzig\u201c kannten viele. Ich denke, es lag an Fu\u00dfballclubs, die St\u00e4dte im Namen haben. Weil Fu\u00dfball bei einigen Jugendlichen ein gro\u00dfes Thema ist.<\/p>\n<div id=\"attachment_122\" style=\"width: 1034px\" class=\"wp-caption aligncenter\"><a href=\"https:\/\/kulturweit.blog\/argentinienvillageneralbelgrano\/files\/2022\/10\/Dosenwerfeni.jpg\"><img loading=\"lazy\" decoding=\"async\" aria-describedby=\"caption-attachment-122\" class=\"wp-image-122 size-full\" src=\"https:\/\/kulturweit.blog\/argentinienvillageneralbelgrano\/files\/2022\/10\/Dosenwerfeni.jpg\" alt=\"\" width=\"1024\" height=\"498\" srcset=\"https:\/\/kulturweit.blog\/argentinienvillageneralbelgrano\/files\/2022\/10\/Dosenwerfeni.jpg 1024w, https:\/\/kulturweit.blog\/argentinienvillageneralbelgrano\/files\/2022\/10\/Dosenwerfeni-300x146.jpg 300w, https:\/\/kulturweit.blog\/argentinienvillageneralbelgrano\/files\/2022\/10\/Dosenwerfeni-768x374.jpg 768w\" sizes=\"(max-width: 1024px) 100vw, 1024px\" \/><\/a><p id=\"caption-attachment-122\" class=\"wp-caption-text\"><em><strong>Dosenpanorama: <\/strong><\/em><br \/>Am Boden einiger bemalter Dosen waren Buchstaben geklebt, die &#8222;LEIPZIG&#8220; ergaben.<\/p><\/div>\n<div id=\"attachment_118\" style=\"width: 1034px\" class=\"wp-caption aligncenter\"><a href=\"https:\/\/kulturweit.blog\/argentinienvillageneralbelgrano\/files\/2022\/10\/Wikinger-Schach.jpg\"><img loading=\"lazy\" decoding=\"async\" aria-describedby=\"caption-attachment-118\" class=\"wp-image-118 size-full\" src=\"https:\/\/kulturweit.blog\/argentinienvillageneralbelgrano\/files\/2022\/10\/Wikinger-Schach.jpg\" alt=\"\" width=\"1024\" height=\"768\" srcset=\"https:\/\/kulturweit.blog\/argentinienvillageneralbelgrano\/files\/2022\/10\/Wikinger-Schach.jpg 1024w, https:\/\/kulturweit.blog\/argentinienvillageneralbelgrano\/files\/2022\/10\/Wikinger-Schach-300x225.jpg 300w, https:\/\/kulturweit.blog\/argentinienvillageneralbelgrano\/files\/2022\/10\/Wikinger-Schach-768x576.jpg 768w, https:\/\/kulturweit.blog\/argentinienvillageneralbelgrano\/files\/2022\/10\/Wikinger-Schach-160x120.jpg 160w\" sizes=\"(max-width: 1024px) 100vw, 1024px\" \/><\/a><p id=\"caption-attachment-118\" class=\"wp-caption-text\"><em><strong>Schattige Kl\u00f6tzchen: <\/strong><\/em><br \/>Annnies Wikinger-Schach Station<br \/>Die aufgeklebten Buchtaben ergaben &#8222;HAMBURG&#8220;, glaube ich.<\/p><\/div>\n<div id=\"attachment_121\" style=\"width: 1034px\" class=\"wp-caption aligncenter\"><a href=\"https:\/\/kulturweit.blog\/argentinienvillageneralbelgrano\/files\/2022\/10\/Dosenwerfen2i.jpg\"><img loading=\"lazy\" decoding=\"async\" aria-describedby=\"caption-attachment-121\" class=\"wp-image-121 size-full\" src=\"https:\/\/kulturweit.blog\/argentinienvillageneralbelgrano\/files\/2022\/10\/Dosenwerfen2i.jpg\" alt=\"\" width=\"1024\" height=\"788\" srcset=\"https:\/\/kulturweit.blog\/argentinienvillageneralbelgrano\/files\/2022\/10\/Dosenwerfen2i.jpg 1024w, https:\/\/kulturweit.blog\/argentinienvillageneralbelgrano\/files\/2022\/10\/Dosenwerfen2i-300x231.jpg 300w, https:\/\/kulturweit.blog\/argentinienvillageneralbelgrano\/files\/2022\/10\/Dosenwerfen2i-768x591.jpg 768w\" sizes=\"(max-width: 1024px) 100vw, 1024px\" \/><\/a><p id=\"caption-attachment-121\" class=\"wp-caption-text\"><em><strong>Dosen mit Mehrblick<\/strong><\/em><\/p><\/div>\n<p>Am letzten Tag war ich dann von dem ganzen Gewusel und der Lautst\u00e4rke ziemlich fertig und w\u00e4re im Bus beinahe in die Tiefschlafphase abgedriftet. Aber vor der R\u00fcckfahrt am Samstagnachmittag gab es noch die Siegerehrung der besten Gruppe. Mit von Annie und mir in T\u00fcten gepackten S\u00fc\u00dfigkeiten als Preise. F\u00fcr alle anderen gab es Trostpreise. Das Deutsch-Camp war also ein voller Erfolg!<\/p>\n<p><em>P.S.: Der Eintrag \u00fcber den anschlie\u00dfenden Sonntag in C\u00f3rdoba Stadt folgt!<\/em><\/p>\n","protected":false},"excerpt":{"rendered":"<p>Letzte Woche war ich f\u00fcr drei Tage (22. bis 24. September) auf einem Deutsch-Camp der deutschen Schule C\u00f3rdoba. Die 49 Kinder hatten ein volles Programm mit Stationsarbeit, Schnitzeljagd, Workshops und Spielen. Das Colegio Aleman Cordoba brauchte noch eine Begleitperson f\u00fcr das Sprachcamp der 8. Klasse. Da hatte ich Gl\u00fcck, dass Villa General Belgrano nur knapp &hellip; <span class=\"more-link\"><a href=\"https:\/\/kulturweit.blog\/argentinienvillageneralbelgrano\/2022\/10\/01\/vegetarische-schnitzeljagd\/\">Mehr lesen &raquo;<\/a><\/span><\/p>\n","protected":false},"author":3061,"featured_media":117,"comment_status":"open","ping_status":"open","sticky":false,"template":"","format":"standard","meta":{"footnotes":""},"categories":[21],"tags":[],"class_list":["post-114","post","type-post","status-publish","format-standard","has-post-thumbnail","hentry","category-allgemein"],"amp_enabled":true,"_links":{"self":[{"href":"https:\/\/kulturweit.blog\/argentinienvillageneralbelgrano\/wp-json\/wp\/v2\/posts\/114"}],"collection":[{"href":"https:\/\/kulturweit.blog\/argentinienvillageneralbelgrano\/wp-json\/wp\/v2\/posts"}],"about":[{"href":"https:\/\/kulturweit.blog\/argentinienvillageneralbelgrano\/wp-json\/wp\/v2\/types\/post"}],"author":[{"embeddable":true,"href":"https:\/\/kulturweit.blog\/argentinienvillageneralbelgrano\/wp-json\/wp\/v2\/users\/3061"}],"replies":[{"embeddable":true,"href":"https:\/\/kulturweit.blog\/argentinienvillageneralbelgrano\/wp-json\/wp\/v2\/comments?post=114"}],"version-history":[{"count":3,"href":"https:\/\/kulturweit.blog\/argentinienvillageneralbelgrano\/wp-json\/wp\/v2\/posts\/114\/revisions"}],"predecessor-version":[{"id":167,"href":"https:\/\/kulturweit.blog\/argentinienvillageneralbelgrano\/wp-json\/wp\/v2\/posts\/114\/revisions\/167"}],"wp:featuredmedia":[{"embeddable":true,"href":"https:\/\/kulturweit.blog\/argentinienvillageneralbelgrano\/wp-json\/wp\/v2\/media\/117"}],"wp:attachment":[{"href":"https:\/\/kulturweit.blog\/argentinienvillageneralbelgrano\/wp-json\/wp\/v2\/media?parent=114"}],"wp:term":[{"taxonomy":"category","embeddable":true,"href":"https:\/\/kulturweit.blog\/argentinienvillageneralbelgrano\/wp-json\/wp\/v2\/categories?post=114"},{"taxonomy":"post_tag","embeddable":true,"href":"https:\/\/kulturweit.blog\/argentinienvillageneralbelgrano\/wp-json\/wp\/v2\/tags?post=114"}],"curies":[{"name":"wp","href":"https:\/\/api.w.org\/{rel}","templated":true}]}}