{"id":1,"date":"2022-08-30T14:04:02","date_gmt":"2022-08-30T12:04:02","guid":{"rendered":"https:\/\/kulturweit.blog\/argentinienvillageneralbelgrano\/?p=1"},"modified":"2022-09-18T19:23:52","modified_gmt":"2022-09-18T22:23:52","slug":"hallo-welt","status":"publish","type":"post","link":"https:\/\/kulturweit.blog\/argentinienvillageneralbelgrano\/2022\/08\/30\/hallo-welt\/","title":{"rendered":"Hallo Welt! Wo? Wann? Was? Wie?"},"content":{"rendered":"<p><strong>Am 12. September 2022 geht es los! Ich werde die n\u00e4chsten 12 Monate in Villa General Belgrano verbringen! Kulturweit sei Dank!<\/strong><\/p>\n<p>In dieser Kleinstadt in Argentinien, etwa 70 km s\u00fcdwestlich von C\u00f3rdoba, mache ich ein freiwilliges soziales Jahr im Colegio Aleman. Dabei unterst\u00fctze und motiviere ich die Sch\u00fcler beim Deutschlernen und gr\u00fcnde vielleicht eine AG.<\/p>\n<p>Ehemalige Freiwillige haben diese ph\u00e4nomenale Blog-Plattform entwickelt, deshalb kann ich nun versuchen, euch in mehr oder weniger regelm\u00e4\u00dfigen Abst\u00e4nden \u00fcber meine Erfahrungen und Erlebnisse auf dem Laufenden zu halten. Dabei m\u00f6chte ich betonen, dass ich mit meinem Blog nur einen ganz kleinen, individuellen und subjektiven Einblick in das unfassbar vielf\u00e4ltige Land geben kann. Die Frage \u201eWie ist es in Argentinien?\u201c kann und m\u00f6chte ich somit nicht beantworten. Genauso wenig wie ich den Menschen, die ich treffe, die Frage \u201eWie ist es denn so in Deutschland?\u201c beantworten k\u00f6nnen werde. Jedes Land besteht aus vielen sehr unterschiedlichen Regionen, St\u00e4dten, Stadtteilen und Menschen, die unm\u00f6glich verallgemeinert und zusammengefasst beschrieben werden k\u00f6nnen.<\/p>\n<p>Ich freue mich riesig, all die neuen Perspektiven und Sichtweisen, die ich w\u00e4hrend meines Freiwilligendienstes gewinnen werde, hier festhalten zu k\u00f6nnen.<\/p>\n<p>Dies ist mein allererster Blog, also seht es mir bitte nach, wenn er am Anfang noch etwas schr\u00e4g aussieht.<\/p>\n<p>Liebe Gr\u00fc\u00dfe an euch alle da drau\u00dfen, wo auch immer ihr gerade seid!<\/p>\n","protected":false},"excerpt":{"rendered":"<p>Am 12. September 2022 geht es los! Ich werde die n\u00e4chsten 12 Monate in Villa General Belgrano verbringen! Kulturweit sei Dank! In dieser Kleinstadt in Argentinien, etwa 70 km s\u00fcdwestlich von C\u00f3rdoba, mache ich ein freiwilliges soziales Jahr im Colegio Aleman. Dabei unterst\u00fctze und motiviere ich die Sch\u00fcler beim Deutschlernen und gr\u00fcnde vielleicht eine AG. &hellip; <span class=\"more-link\"><a href=\"https:\/\/kulturweit.blog\/argentinienvillageneralbelgrano\/2022\/08\/30\/hallo-welt\/\">Mehr lesen &raquo;<\/a><\/span><\/p>\n","protected":false},"author":3061,"featured_media":0,"comment_status":"open","ping_status":"open","sticky":false,"template":"","format":"standard","meta":{"footnotes":""},"categories":[576],"tags":[],"class_list":["post-1","post","type-post","status-publish","format-standard","hentry","category-kulturweitblog"],"amp_enabled":true,"_links":{"self":[{"href":"https:\/\/kulturweit.blog\/argentinienvillageneralbelgrano\/wp-json\/wp\/v2\/posts\/1"}],"collection":[{"href":"https:\/\/kulturweit.blog\/argentinienvillageneralbelgrano\/wp-json\/wp\/v2\/posts"}],"about":[{"href":"https:\/\/kulturweit.blog\/argentinienvillageneralbelgrano\/wp-json\/wp\/v2\/types\/post"}],"author":[{"embeddable":true,"href":"https:\/\/kulturweit.blog\/argentinienvillageneralbelgrano\/wp-json\/wp\/v2\/users\/3061"}],"replies":[{"embeddable":true,"href":"https:\/\/kulturweit.blog\/argentinienvillageneralbelgrano\/wp-json\/wp\/v2\/comments?post=1"}],"version-history":[{"count":3,"href":"https:\/\/kulturweit.blog\/argentinienvillageneralbelgrano\/wp-json\/wp\/v2\/posts\/1\/revisions"}],"predecessor-version":[{"id":17,"href":"https:\/\/kulturweit.blog\/argentinienvillageneralbelgrano\/wp-json\/wp\/v2\/posts\/1\/revisions\/17"}],"wp:attachment":[{"href":"https:\/\/kulturweit.blog\/argentinienvillageneralbelgrano\/wp-json\/wp\/v2\/media?parent=1"}],"wp:term":[{"taxonomy":"category","embeddable":true,"href":"https:\/\/kulturweit.blog\/argentinienvillageneralbelgrano\/wp-json\/wp\/v2\/categories?post=1"},{"taxonomy":"post_tag","embeddable":true,"href":"https:\/\/kulturweit.blog\/argentinienvillageneralbelgrano\/wp-json\/wp\/v2\/tags?post=1"}],"curies":[{"name":"wp","href":"https:\/\/api.w.org\/{rel}","templated":true}]}}