{"id":11,"date":"2022-03-18T12:13:55","date_gmt":"2022-03-18T11:13:55","guid":{"rendered":"https:\/\/kulturweit.blog\/annadventure\/?p=11"},"modified":"2022-03-18T12:16:17","modified_gmt":"2022-03-18T11:16:17","slug":"amina-erzaehlt","status":"publish","type":"post","link":"https:\/\/kulturweit.blog\/annadventure\/2022\/03\/18\/amina-erzaehlt\/","title":{"rendered":"Amina erz\u00e4hlt"},"content":{"rendered":"<p>Als kulturweit-Freiwillige wird Amina sechs Monate lang eine PASCH-Schule in Kigali unterst\u00fctzen. Zum Zeitpunkt des Gespr\u00e4chs sitzt sie noch in Deutschland.<\/p>\n<p><!--more--><\/p>\n<p><strong>Wie aufgeregt bist du?<\/strong><\/p>\n<p>Im Moment bin ich noch nicht so aufgeregt, da ich noch nicht so ganz glauben kann, dass es in einer Woche schon nach Kigali (Ruanda) geht.<\/p>\n<p><strong>Was darf in deinem Koffer nicht fehlen?<\/strong><\/p>\n<p>Snacks d\u00fcrfen in meinem Koffer nicht fehlen. Weil ich noch gar nicht absch\u00e4tzen kann, was man in Ruanda isst, wollte ich f\u00fcr die ersten von Heimweh gepr\u00e4gten Tage ein paar Snacks, wie M\u00fcsliriegel und Schokolade, mitnehmen.<\/p>\n<p><strong>Wobei hast du im Vorbereitungsseminar am meisten gelernt?<\/strong><\/p>\n<p>Ich pers\u00f6nlich finde die Homezone besonders hilfreich. Ich habe das Gef\u00fchl, dass sie mich mental auf mein Einsatzland vorbereitet und mich f\u00fcr die kulturellen Unterschiede sensibilisiert.<\/p>\n<p><strong>Welche Frage \u00fcber deinen Auslandsaufenthalt kannst du nicht mehr h\u00f6ren?<\/strong><\/p>\n<p>&#8222;Wann geht es nach Afrika?&#8220;, das kann ich echt nicht mehr h\u00f6ren.<\/p>\n<p><strong>Wie bereitest du dich denn vor?<\/strong><\/p>\n<p>Ich habe mich sehr intensiv mit den anderen Freiwilligen, die jetzt mit mir ausreisen, sowie die vor uns da waren, ausgetauscht. Das hat mir extrem geholfen.<\/p>\n<p><strong>Was machst du in den letzten Tagen?<\/strong><\/p>\n<p>Ich erledige noch ein paar Sachen (beispielsweise ein Moskitonetz besorgen, alles einpacken, die Dokumente nochmal durchgehen) und verabschiede mich innerlich von meinen Freunden und Familie.<\/p>\n<p>Es wird ein schwerer Abschied!<\/p>\n<p>&nbsp;<\/p>\n","protected":false},"excerpt":{"rendered":"<p>Als kulturweit-Freiwillige wird Amina sechs Monate lang eine PASCH-Schule in Kigali unterst\u00fctzen. Zum Zeitpunkt des Gespr\u00e4chs sitzt sie noch in Deutschland.<\/p>\n","protected":false},"author":3031,"featured_media":14,"comment_status":"open","ping_status":"open","sticky":false,"template":"","format":"standard","meta":{"footnotes":""},"categories":[21,572,577],"tags":[],"class_list":["post-11","post","type-post","status-publish","format-standard","has-post-thumbnail","hentry","category-allgemein","category-deutschewelle","category-menschen"],"amp_enabled":true,"_links":{"self":[{"href":"https:\/\/kulturweit.blog\/annadventure\/wp-json\/wp\/v2\/posts\/11"}],"collection":[{"href":"https:\/\/kulturweit.blog\/annadventure\/wp-json\/wp\/v2\/posts"}],"about":[{"href":"https:\/\/kulturweit.blog\/annadventure\/wp-json\/wp\/v2\/types\/post"}],"author":[{"embeddable":true,"href":"https:\/\/kulturweit.blog\/annadventure\/wp-json\/wp\/v2\/users\/3031"}],"replies":[{"embeddable":true,"href":"https:\/\/kulturweit.blog\/annadventure\/wp-json\/wp\/v2\/comments?post=11"}],"version-history":[{"count":3,"href":"https:\/\/kulturweit.blog\/annadventure\/wp-json\/wp\/v2\/posts\/11\/revisions"}],"predecessor-version":[{"id":15,"href":"https:\/\/kulturweit.blog\/annadventure\/wp-json\/wp\/v2\/posts\/11\/revisions\/15"}],"wp:featuredmedia":[{"embeddable":true,"href":"https:\/\/kulturweit.blog\/annadventure\/wp-json\/wp\/v2\/media\/14"}],"wp:attachment":[{"href":"https:\/\/kulturweit.blog\/annadventure\/wp-json\/wp\/v2\/media?parent=11"}],"wp:term":[{"taxonomy":"category","embeddable":true,"href":"https:\/\/kulturweit.blog\/annadventure\/wp-json\/wp\/v2\/categories?post=11"},{"taxonomy":"post_tag","embeddable":true,"href":"https:\/\/kulturweit.blog\/annadventure\/wp-json\/wp\/v2\/tags?post=11"}],"curies":[{"name":"wp","href":"https:\/\/api.w.org\/{rel}","templated":true}]}}